{"id":47459,"date":"2025-11-12T13:15:24","date_gmt":"2025-11-12T16:15:24","guid":{"rendered":"http:\/\/www.rtvnoticias.com.ar\/?p=47459"},"modified":"2025-11-12T13:15:30","modified_gmt":"2025-11-12T16:15:30","slug":"bensusan-visito-a-joven-piquense-que-esta-en-lista-de-espera-para-ser-transplantado","status":"publish","type":"post","link":"http:\/\/www.rtvnoticias.com.ar\/?p=47459","title":{"rendered":"Bensusan visit\u00f3 a joven piquense que est\u00e1 en lista de espera para ser transplantado"},"content":{"rendered":"\n<p>El senador Daniel Bensus\u00e1n visit\u00f3 a Rafael y Mirta Porcel, el joven piquense de 16 a\u00f1os, espera por un trasplante de ri\u00f1\u00f3n y ya se encuentra en lista de espera del INCUCAI.<\/p>\n\n\n\n<p>\u201cEl caso de Rafael es uno de los aproximadamente 200 ni\u00f1as, ni\u00f1os y adolescentes que esperan por un trasplante que le pueda mejorar su calidad de vida. Hablar de donaci\u00f3n pedi\u00e1trica est\u00e1 m\u00e1s vigente que nunca\u201d, dijo el legislador.<\/p>\n\n\n\n<p>Bensus\u00e1n fue recibido en el hogar de la familia Porcel y dialogaron extensamente sobre la necesidad de contar con una legislaci\u00f3n acorde. Destac\u00f3 que la pr\u00f3xima semana podr\u00edan tratarse en el Senado los proyectos que elabor\u00f3 junto al colectivo Familias en Acci\u00f3n.<\/p>\n\n\n\n<p>Rafael es un adolescente de 16 a\u00f1os que desde hace cinco meses espera un trasplante de ri\u00f1\u00f3n, mientras tanto debe someterse a un tratamiento diario de di\u00e1lisis.<\/p>\n\n\n\n<p>\u201cEstos casos, como Valentina en Ceballos, nos interpelan y nos recuerdan que detr\u00e1s de cada lista de espera hay una familia que lucha y espera una oportunidad. Por eso debemos seguir impulsando pol\u00edticas p\u00fablicas que promuevan la donaci\u00f3n pedi\u00e1trica y acompa\u00f1en a quienes atraviesan estas situaciones\u201d, se\u00f1al\u00f3 el senador.<\/p>\n\n\n\n<p>Mirta Porcel, madre de Rafael, trabaja para generar conciencia sobre la donaci\u00f3n pedi\u00e1trica, un tema que tambi\u00e9n ocupa un lugar central en la agenda legislativa de Bensus\u00e1n. \u201cEs muy importante que esta conversaci\u00f3n llegue a todas las mesas. Que llegue a los clubes, a las escuelas\u2026.hablemos de donaci\u00f3n pedi\u00e1trica\u201d, dijo la vecina piquense.<\/p>\n\n\n\n<p>El senador viene impulsando junto al colectivo Familias en Acci\u00f3n \u2014integrado por madres y padres que promueven la concientizaci\u00f3n sobre la donaci\u00f3n pedi\u00e1trica\u2014 dos proyectos de ley que podr\u00edan ser tratados la pr\u00f3xima semana en el Senado de la Naci\u00f3n.<\/p>\n\n\n\n<p>El primero propone simplificar los tr\u00e1mites para expresar la voluntad de donar \u00f3rganos en menores de edad, permitiendo que las familias puedan manifestar esa decisi\u00f3n en instancias administrativas, como tr\u00e1mites en los registros civiles o centros de salud, sin tener que hacerlo en momentos de crisis emocional.<\/p>\n\n\n\n<p>El segundo modifica la Ley N\u00ba 26.845, con el objetivo de fortalecer la promoci\u00f3n de la donaci\u00f3n de \u00f3rganos y tejidos en todos los niveles del sistema educativo, incorporando la tem\u00e1tica en la formaci\u00f3n y sensibilizaci\u00f3n de docentes y estudiantes.<\/p>\n\n\n\n<p>\u201cEs fundamental avanzar en un marco legal que permita que los casi dos centenares de ni\u00f1os y ni\u00f1as de todo el pa\u00eds puedan acceder a una segunda oportunidad. Tenemos la responsabilidad de transformar la empat\u00eda social en hechos concretos\u201d, concluy\u00f3 Bensus\u00e1n.<\/p>\n<div class=\"sharedaddy sd-sharing-enabled\"><div class=\"robots-nocontent sd-block sd-social sd-social-icon sd-sharing\"><h3 class=\"sd-title\">Comparte esto:<\/h3><div class=\"sd-content\"><ul><li class=\"share-twitter\"><a rel=\"nofollow noopener noreferrer\" data-shared=\"sharing-twitter-47459\" class=\"share-twitter sd-button share-icon no-text\" href=\"http:\/\/www.rtvnoticias.com.ar\/?p=47459&amp;share=twitter\" target=\"_blank\" title=\"Haz clic para compartir en Twitter\"><span><\/span><span class=\"sharing-screen-reader-text\">Haz clic para compartir en Twitter (Se abre en una ventana nueva)<\/span><\/a><\/li><li class=\"share-facebook\"><a rel=\"nofollow noopener noreferrer\" data-shared=\"sharing-facebook-47459\" class=\"share-facebook sd-button share-icon no-text\" href=\"http:\/\/www.rtvnoticias.com.ar\/?p=47459&amp;share=facebook\" target=\"_blank\" title=\"Haz clic para compartir en Facebook\"><span><\/span><span class=\"sharing-screen-reader-text\">Haz clic para compartir en Facebook (Se abre en una ventana nueva)<\/span><\/a><\/li><li class=\"share-jetpack-whatsapp\"><a rel=\"nofollow noopener noreferrer\" data-shared=\"\" class=\"share-jetpack-whatsapp sd-button share-icon no-text\" href=\"http:\/\/www.rtvnoticias.com.ar\/?p=47459&amp;share=jetpack-whatsapp\" target=\"_blank\" title=\"Haz clic para compartir en WhatsApp\"><span><\/span><span class=\"sharing-screen-reader-text\">Haz clic para compartir en WhatsApp (Se abre en una ventana nueva)<\/span><\/a><\/li><li class=\"share-telegram\"><a rel=\"nofollow noopener noreferrer\" data-shared=\"\" class=\"share-telegram sd-button share-icon no-text\" href=\"http:\/\/www.rtvnoticias.com.ar\/?p=47459&amp;share=telegram\" target=\"_blank\" title=\"Haz clic para compartir en Telegram\"><span><\/span><span class=\"sharing-screen-reader-text\">Haz clic para compartir en Telegram (Se abre en una ventana nueva)<\/span><\/a><\/li><li class=\"share-end\"><\/li><\/ul><\/div><\/div><\/div>","protected":false},"excerpt":{"rendered":"<p>El senador Daniel Bensus\u00e1n visit\u00f3 a Rafael y Mirta Porcel, el joven piquense de 16 a\u00f1os, espera por un trasplante de ri\u00f1\u00f3n y ya se<\/p>\n<div class=\"sharedaddy sd-sharing-enabled\"><div class=\"robots-nocontent sd-block sd-social sd-social-icon sd-sharing\"><h3 class=\"sd-title\">Comparte esto:<\/h3><div class=\"sd-content\"><ul><li class=\"share-twitter\"><a rel=\"nofollow noopener noreferrer\" data-shared=\"sharing-twitter-47459\" class=\"share-twitter sd-button share-icon no-text\" href=\"http:\/\/www.rtvnoticias.com.ar\/?p=47459&amp;share=twitter\" target=\"_blank\" title=\"Haz clic para compartir en Twitter\"><span><\/span><span class=\"sharing-screen-reader-text\">Haz clic para compartir en Twitter (Se abre en una ventana nueva)<\/span><\/a><\/li><li class=\"share-facebook\"><a rel=\"nofollow noopener noreferrer\" data-shared=\"sharing-facebook-47459\" class=\"share-facebook sd-button share-icon no-text\" href=\"http:\/\/www.rtvnoticias.com.ar\/?p=47459&amp;share=facebook\" target=\"_blank\" title=\"Haz clic para compartir en Facebook\"><span><\/span><span class=\"sharing-screen-reader-text\">Haz clic para compartir en Facebook (Se abre en una ventana nueva)<\/span><\/a><\/li><li class=\"share-jetpack-whatsapp\"><a rel=\"nofollow noopener noreferrer\" data-shared=\"\" class=\"share-jetpack-whatsapp sd-button share-icon no-text\" href=\"http:\/\/www.rtvnoticias.com.ar\/?p=47459&amp;share=jetpack-whatsapp\" target=\"_blank\" title=\"Haz clic para compartir en WhatsApp\"><span><\/span><span class=\"sharing-screen-reader-text\">Haz clic para compartir en WhatsApp (Se abre en una ventana nueva)<\/span><\/a><\/li><li class=\"share-telegram\"><a rel=\"nofollow noopener noreferrer\" data-shared=\"\" class=\"share-telegram sd-button share-icon no-text\" href=\"http:\/\/www.rtvnoticias.com.ar\/?p=47459&amp;share=telegram\" target=\"_blank\" title=\"Haz clic para compartir en Telegram\"><span><\/span><span class=\"sharing-screen-reader-text\">Haz clic para compartir en Telegram (Se abre en una ventana nueva)<\/span><\/a><\/li><li class=\"share-end\"><\/li><\/ul><\/div><\/div><\/div>","protected":false},"author":5,"featured_media":47460,"comment_status":"closed","ping_status":"closed","sticky":false,"template":"","format":"standard","meta":{"spay_email":"","jetpack_publicize_message":"","jetpack_is_tweetstorm":false,"jetpack_publicize_feature_enabled":true},"categories":[4],"tags":[5661],"jetpack_featured_media_url":"http:\/\/www.rtvnoticias.com.ar\/wp-content\/uploads\/2025\/11\/bensusan-transplante.jpg","jetpack_publicize_connections":[],"jetpack_sharing_enabled":true,"_links":{"self":[{"href":"http:\/\/www.rtvnoticias.com.ar\/index.php?rest_route=\/wp\/v2\/posts\/47459"}],"collection":[{"href":"http:\/\/www.rtvnoticias.com.ar\/index.php?rest_route=\/wp\/v2\/posts"}],"about":[{"href":"http:\/\/www.rtvnoticias.com.ar\/index.php?rest_route=\/wp\/v2\/types\/post"}],"author":[{"embeddable":true,"href":"http:\/\/www.rtvnoticias.com.ar\/index.php?rest_route=\/wp\/v2\/users\/5"}],"replies":[{"embeddable":true,"href":"http:\/\/www.rtvnoticias.com.ar\/index.php?rest_route=%2Fwp%2Fv2%2Fcomments&post=47459"}],"version-history":[{"count":1,"href":"http:\/\/www.rtvnoticias.com.ar\/index.php?rest_route=\/wp\/v2\/posts\/47459\/revisions"}],"predecessor-version":[{"id":47461,"href":"http:\/\/www.rtvnoticias.com.ar\/index.php?rest_route=\/wp\/v2\/posts\/47459\/revisions\/47461"}],"wp:featuredmedia":[{"embeddable":true,"href":"http:\/\/www.rtvnoticias.com.ar\/index.php?rest_route=\/wp\/v2\/media\/47460"}],"wp:attachment":[{"href":"http:\/\/www.rtvnoticias.com.ar\/index.php?rest_route=%2Fwp%2Fv2%2Fmedia&parent=47459"}],"wp:term":[{"taxonomy":"category","embeddable":true,"href":"http:\/\/www.rtvnoticias.com.ar\/index.php?rest_route=%2Fwp%2Fv2%2Fcategories&post=47459"},{"taxonomy":"post_tag","embeddable":true,"href":"http:\/\/www.rtvnoticias.com.ar\/index.php?rest_route=%2Fwp%2Fv2%2Ftags&post=47459"}],"curies":[{"name":"wp","href":"https:\/\/api.w.org\/{rel}","templated":true}]}}