{"id":47462,"date":"2025-11-12T23:05:25","date_gmt":"2025-11-13T02:05:25","guid":{"rendered":"http:\/\/www.rtvnoticias.com.ar\/?p=47462"},"modified":"2025-11-12T23:05:28","modified_gmt":"2025-11-13T02:05:28","slug":"la-inflacion-de-octubre-fue-del-23-el-dato-interanual-es-el-mas-bajo-desde-2018","status":"publish","type":"post","link":"http:\/\/www.rtvnoticias.com.ar\/?p=47462","title":{"rendered":"La inflaci\u00f3n de octubre fue del 2,3%: el dato interanual es el m\u00e1s bajo desde 2018"},"content":{"rendered":"\n<p>El \u00cdndice de Precios al Consumidor (IPC) registr\u00f3 en octubre un incremento del <strong>2,3%<\/strong>, mostrando una leve aceleraci\u00f3n respecto del mes previo. Con este resultado, la inflaci\u00f3n acumulada en los \u00faltimos doce meses alcanz\u00f3 el 31,3%, mientras que en lo que va de 2025 los precios subieron <strong>24,8%<\/strong>.<\/p>\n\n\n\n<p>Desde el Ministerio de Econom\u00eda destacaron que, pese al repunte mensual, el proceso de desinflaci\u00f3n se mantiene firme. El titular de la cartera, Luis Caputo, subray\u00f3 que la variaci\u00f3n interanual contin\u00faa marcando una tendencia a la baja y se\u00f1al\u00f3 que se trata de la menor tasa anual desde julio de 2018.<\/p>\n\n\n\n<blockquote class=\"wp-block-quote\">\n<p>\u201cLa inflaci\u00f3n acumula dieciocho meses consecutivos de desaceleraci\u00f3n frente al mismo per\u00edodo del a\u00f1o anterior. La din\u00e1mica de precios de los primeros diez meses del a\u00f1o es la m\u00e1s baja para este tramo desde 2017\u201d, afirm\u00f3 el ministro.<\/p>\n<\/blockquote>\n\n\n\n<p>Caputo tambi\u00e9n indic\u00f3 que la media m\u00f3vil de seis meses del \u00edndice general cay\u00f3 a <strong>1,88%<\/strong>, su nivel m\u00e1s bajo desde enero de 2018. \u201cEl proceso de desinflaci\u00f3n sigui\u00f3 avanzando a pesar de la ca\u00edda en la demanda de dinero por la incertidumbre electoral y los intentos de la oposici\u00f3n de romper el ancla fiscal\u201d, agreg\u00f3. En ese sentido, sostuvo que la estabilidad de precios refleja \u201cla solidez del programa econ\u00f3mico y el \u00e9xito del orden fiscal y monetario\u201d.<\/p>\n\n\n\n<h3 class=\"wp-block-heading\"><strong>Transporte y Vivienda, los rubros que m\u00e1s subieron<\/strong><\/h3>\n\n\n\n<p>Seg\u00fan el informe oficial, las divisiones con mayores aumentos fueron <strong>Transporte (3,5%)<\/strong> y <strong>Vivienda, agua, electricidad, gas y otros combustibles (2,8%)<\/strong>. En tanto, <strong>Alimentos y bebidas no alcoh\u00f3licas<\/strong> fue la categor\u00eda que m\u00e1s incidi\u00f3 en la variaci\u00f3n general, salvo en la regi\u00f3n patag\u00f3nica, donde lider\u00f3 Vivienda y servicios.<\/p>\n\n\n\n<p>Por el contrario, Equipamiento y mantenimiento del hogar y Recreaci\u00f3n y cultura mostraron los menores incrementos del mes, ambos con <strong>1,6%<\/strong>.<\/p>\n\n\n\n<p>A nivel de categor\u00edas, los <strong>precios Estacionales<\/strong> encabezaron las subas con <strong>2,8%<\/strong>, seguidos por los <strong>Regulados (2,6%)<\/strong> y el <strong>IPC N\u00facleo (2,2%)<\/strong>.<\/p>\n\n\n\n<h3 class=\"wp-block-heading\"><strong>Evoluci\u00f3n regional y proyecciones<\/strong><\/h3>\n\n\n\n<p>El informe detalla que las regiones con mayor inflaci\u00f3n fueron la <strong>Patagonia<\/strong> y el <strong>Gran Buenos Aires<\/strong>, ambas con <strong>2,4%<\/strong>, seguidas por <strong>Cuyo<\/strong> y la <strong>Regi\u00f3n Pampeana (2,1%)<\/strong>, mientras que el <strong>Noreste<\/strong> registr\u00f3 <strong>2,2%<\/strong> y el <strong>Noroeste, 2,1%<\/strong>.<\/p>\n\n\n\n<p>El \u00edndice de octubre se ubic\u00f3 apenas por encima del <strong>2,1% de septiembre<\/strong>, lo que consolid\u00f3 una tendencia ascendente en los \u00faltimos cinco meses: <strong>1,5% en mayo<\/strong>, <strong>1,6% en junio<\/strong>, <strong>1,9% en julio y agosto<\/strong>, <strong>2,1% en septiembre<\/strong> y <strong>2,3% en octubre<\/strong>.<\/p>\n\n\n\n<p>De acuerdo con el Relevamiento de Expectativas de Mercado (REM) del Banco Central, las consultoras hab\u00edan proyectado un 2,2% para octubre. Para los pr\u00f3ximos meses, el consenso anticipa una leve baja: 1,9% en noviembre y 2% en diciembre, con una inflaci\u00f3n interanual esperada del 29,6% al cierre de 2025.<\/p>\n<div class=\"sharedaddy sd-sharing-enabled\"><div class=\"robots-nocontent sd-block sd-social sd-social-icon sd-sharing\"><h3 class=\"sd-title\">Comparte esto:<\/h3><div class=\"sd-content\"><ul><li class=\"share-twitter\"><a rel=\"nofollow noopener noreferrer\" data-shared=\"sharing-twitter-47462\" class=\"share-twitter sd-button share-icon no-text\" href=\"http:\/\/www.rtvnoticias.com.ar\/?p=47462&amp;share=twitter\" target=\"_blank\" title=\"Haz clic para compartir en Twitter\"><span><\/span><span class=\"sharing-screen-reader-text\">Haz clic para compartir en Twitter (Se abre en una ventana nueva)<\/span><\/a><\/li><li class=\"share-facebook\"><a rel=\"nofollow noopener noreferrer\" data-shared=\"sharing-facebook-47462\" class=\"share-facebook sd-button share-icon no-text\" href=\"http:\/\/www.rtvnoticias.com.ar\/?p=47462&amp;share=facebook\" target=\"_blank\" title=\"Haz clic para compartir en Facebook\"><span><\/span><span class=\"sharing-screen-reader-text\">Haz clic para compartir en Facebook (Se abre en una ventana nueva)<\/span><\/a><\/li><li class=\"share-jetpack-whatsapp\"><a rel=\"nofollow noopener noreferrer\" data-shared=\"\" class=\"share-jetpack-whatsapp sd-button share-icon no-text\" href=\"http:\/\/www.rtvnoticias.com.ar\/?p=47462&amp;share=jetpack-whatsapp\" target=\"_blank\" title=\"Haz clic para compartir en WhatsApp\"><span><\/span><span class=\"sharing-screen-reader-text\">Haz clic para compartir en WhatsApp (Se abre en una ventana nueva)<\/span><\/a><\/li><li class=\"share-telegram\"><a rel=\"nofollow noopener noreferrer\" data-shared=\"\" class=\"share-telegram sd-button share-icon no-text\" href=\"http:\/\/www.rtvnoticias.com.ar\/?p=47462&amp;share=telegram\" target=\"_blank\" title=\"Haz clic para compartir en Telegram\"><span><\/span><span class=\"sharing-screen-reader-text\">Haz clic para compartir en Telegram (Se abre en una ventana nueva)<\/span><\/a><\/li><li class=\"share-end\"><\/li><\/ul><\/div><\/div><\/div>","protected":false},"excerpt":{"rendered":"<p>El \u00cdndice de Precios al Consumidor (IPC) registr\u00f3 en octubre un incremento del 2,3%, mostrando una leve aceleraci\u00f3n respecto del mes previo. Con este resultado,<\/p>\n<div class=\"sharedaddy sd-sharing-enabled\"><div class=\"robots-nocontent sd-block sd-social sd-social-icon sd-sharing\"><h3 class=\"sd-title\">Comparte esto:<\/h3><div class=\"sd-content\"><ul><li class=\"share-twitter\"><a rel=\"nofollow noopener noreferrer\" data-shared=\"sharing-twitter-47462\" class=\"share-twitter sd-button share-icon no-text\" href=\"http:\/\/www.rtvnoticias.com.ar\/?p=47462&amp;share=twitter\" target=\"_blank\" title=\"Haz clic para compartir en Twitter\"><span><\/span><span class=\"sharing-screen-reader-text\">Haz clic para compartir en Twitter (Se abre en una ventana nueva)<\/span><\/a><\/li><li class=\"share-facebook\"><a rel=\"nofollow noopener noreferrer\" data-shared=\"sharing-facebook-47462\" class=\"share-facebook sd-button share-icon no-text\" href=\"http:\/\/www.rtvnoticias.com.ar\/?p=47462&amp;share=facebook\" target=\"_blank\" title=\"Haz clic para compartir en Facebook\"><span><\/span><span class=\"sharing-screen-reader-text\">Haz clic para compartir en Facebook (Se abre en una ventana nueva)<\/span><\/a><\/li><li class=\"share-jetpack-whatsapp\"><a rel=\"nofollow noopener noreferrer\" data-shared=\"\" class=\"share-jetpack-whatsapp sd-button share-icon no-text\" href=\"http:\/\/www.rtvnoticias.com.ar\/?p=47462&amp;share=jetpack-whatsapp\" target=\"_blank\" title=\"Haz clic para compartir en WhatsApp\"><span><\/span><span class=\"sharing-screen-reader-text\">Haz clic para compartir en WhatsApp (Se abre en una ventana nueva)<\/span><\/a><\/li><li class=\"share-telegram\"><a rel=\"nofollow noopener noreferrer\" data-shared=\"\" class=\"share-telegram sd-button share-icon no-text\" href=\"http:\/\/www.rtvnoticias.com.ar\/?p=47462&amp;share=telegram\" target=\"_blank\" title=\"Haz clic para compartir en Telegram\"><span><\/span><span class=\"sharing-screen-reader-text\">Haz clic para compartir en Telegram (Se abre en una ventana nueva)<\/span><\/a><\/li><li class=\"share-end\"><\/li><\/ul><\/div><\/div><\/div>","protected":false},"author":7,"featured_media":47463,"comment_status":"closed","ping_status":"closed","sticky":false,"template":"","format":"standard","meta":{"spay_email":"","jetpack_publicize_message":"","jetpack_is_tweetstorm":false,"jetpack_publicize_feature_enabled":true},"categories":[5],"tags":[],"jetpack_featured_media_url":"http:\/\/www.rtvnoticias.com.ar\/wp-content\/uploads\/2025\/11\/inflacion-1945536.jpg","jetpack_publicize_connections":[],"jetpack_sharing_enabled":true,"_links":{"self":[{"href":"http:\/\/www.rtvnoticias.com.ar\/index.php?rest_route=\/wp\/v2\/posts\/47462"}],"collection":[{"href":"http:\/\/www.rtvnoticias.com.ar\/index.php?rest_route=\/wp\/v2\/posts"}],"about":[{"href":"http:\/\/www.rtvnoticias.com.ar\/index.php?rest_route=\/wp\/v2\/types\/post"}],"author":[{"embeddable":true,"href":"http:\/\/www.rtvnoticias.com.ar\/index.php?rest_route=\/wp\/v2\/users\/7"}],"replies":[{"embeddable":true,"href":"http:\/\/www.rtvnoticias.com.ar\/index.php?rest_route=%2Fwp%2Fv2%2Fcomments&post=47462"}],"version-history":[{"count":1,"href":"http:\/\/www.rtvnoticias.com.ar\/index.php?rest_route=\/wp\/v2\/posts\/47462\/revisions"}],"predecessor-version":[{"id":47464,"href":"http:\/\/www.rtvnoticias.com.ar\/index.php?rest_route=\/wp\/v2\/posts\/47462\/revisions\/47464"}],"wp:featuredmedia":[{"embeddable":true,"href":"http:\/\/www.rtvnoticias.com.ar\/index.php?rest_route=\/wp\/v2\/media\/47463"}],"wp:attachment":[{"href":"http:\/\/www.rtvnoticias.com.ar\/index.php?rest_route=%2Fwp%2Fv2%2Fmedia&parent=47462"}],"wp:term":[{"taxonomy":"category","embeddable":true,"href":"http:\/\/www.rtvnoticias.com.ar\/index.php?rest_route=%2Fwp%2Fv2%2Fcategories&post=47462"},{"taxonomy":"post_tag","embeddable":true,"href":"http:\/\/www.rtvnoticias.com.ar\/index.php?rest_route=%2Fwp%2Fv2%2Ftags&post=47462"}],"curies":[{"name":"wp","href":"https:\/\/api.w.org\/{rel}","templated":true}]}}