{"id":47465,"date":"2025-11-13T06:09:00","date_gmt":"2025-11-13T09:09:00","guid":{"rendered":"http:\/\/www.rtvnoticias.com.ar\/?p=47465"},"modified":"2025-11-12T23:13:13","modified_gmt":"2025-11-13T02:13:13","slug":"el-peronismo-enfrenta-su-piso-historico-en-el-senado-y-se-prepara-para-una-nueva-fractura-interna","status":"publish","type":"post","link":"http:\/\/www.rtvnoticias.com.ar\/?p=47465","title":{"rendered":"El peronismo enfrenta su piso hist\u00f3rico en el Senado y se prepara para una nueva fractura interna"},"content":{"rendered":"\n<p>El mapa pol\u00edtico del Congreso empieza a reconfigurarse tras las elecciones y todas las miradas apuntan al Senado, donde el peronismo atraviesa su momento m\u00e1s delicado en d\u00e9cadas. Con apenas 28 bancas confirmadas, el espacio alcanzar\u00e1 su piso hist\u00f3rico y podr\u00eda perder a\u00fan m\u00e1s poder si se concreta una ruptura entre los senadores de Santiago del Estero y el bloque que conduce Jos\u00e9 Mayans.<\/p>\n\n\n\n<p>En esa provincia, el Frente C\u00edvico por Santiago \u2014alineado al gobernador Gerardo Zamora\u2014 se qued\u00f3 con dos de las tres bancas en juego, mientras que la tercera fue para el peronismo provincial. Todo indica que Zamora, que regresar\u00e1 al Senado acompa\u00f1ado por El\u00eda Esther del Carmen Moreno, impulsar\u00e1 un bloque propio bajo el nombre Fuerza Patria, lo que reducir\u00eda la representaci\u00f3n peronista a 26 senadores.<\/p>\n\n\n\n<h3 class=\"wp-block-heading\"><strong>Un bloque en retroceso<\/strong><\/h3>\n\n\n\n<p>Hoy, el interbloque Uni\u00f3n por la Patria se divide en tres espacios: el Frente Nacional y Popular (FNP) y Unidad Ciudadana (UC), ambos con 15 miembros, y Convicci\u00f3n Federal (CF), con 4. Pero esa estructura quedar\u00e1 en el pasado: tras el recambio legislativo, el FNP conservar\u00e1 solo 9 bancas, UC 6, y CF mantendr\u00e1 sus 4 senadores.<\/p>\n\n\n\n<p>Si los santiague\u00f1os deciden actuar de forma independiente, el oficialismo perder\u00e1 volumen pol\u00edtico. Solo Jos\u00e9 Emilio Neder, electo por el Frente Fuerza Patria Peronista, seguir\u00eda dentro del esquema de Mayans.<\/p>\n\n\n\n<p>En paralelo, la salte\u00f1a Flavia Roy\u00f3n ya confirm\u00f3 que conformar\u00e1 una bancada unipersonal, en l\u00ednea con el gobernador Gustavo S\u00e1enz, cuya estrategia de autonom\u00eda tambi\u00e9n se replica entre sus diputados.<\/p>\n\n\n\n<p>El bloque Fuerza Patria incluir\u00e1 a dirigentes de peso dentro del kirchnerismo y el peronismo tradicional, entre ellos Wado de Pedro, Juliana di Tullio, Anabel Fern\u00e1ndez Sagasti, Jos\u00e9 Mayans, Luc\u00eda Corpacci, Jorge Capitanich, Alicia Kirchner, Daniel Bensus\u00e1n, Mariano Recalde y Sergio U\u00f1ac.<\/p>\n\n\n\n<h3 class=\"wp-block-heading\"><strong>Tensiones en Diputados<\/strong><\/h3>\n\n\n\n<p>La C\u00e1mara baja tampoco escapa al reacomodamiento. El bloque que encabeza Germ\u00e1n Mart\u00ednez, que planea rebautizarse como Fuerza Patria, busca mantener sus 98 bancas y la condici\u00f3n de primera minor\u00eda. Sin embargo, en el oficialismo libertario observan con atenci\u00f3n una posible divisi\u00f3n interna que podr\u00eda restar poder al peronismo.<\/p>\n\n\n\n<p>La definici\u00f3n se conocer\u00e1 reci\u00e9n despu\u00e9s del 10 de diciembre, cuando se distribuyan las comisiones. Pero en el entorno de La Libertad Avanza conf\u00edan en que la fragmentaci\u00f3n opositora facilitar\u00e1 la negociaci\u00f3n parlamentaria del Ejecutivo.<\/p>\n\n\n\n<p>En Diputados, los santiague\u00f1os tambi\u00e9n analizan formar un bloque aut\u00f3nomo con sus siete legisladores, una experiencia que ya hab\u00edan ensayado a\u00f1os atr\u00e1s a pedido de Cristina Fern\u00e1ndez de Kirchner, cuando su respaldo fue clave para garantizar la presidencia provisional del Senado.<\/p>\n\n\n\n<p>Hoy, ese v\u00ednculo pol\u00edtico parece agotado. Algunos dirigentes del norte estar\u00edan molestos por las tensiones internas y por los reproches por ausencias en votaciones sensibles, por lo que eval\u00faan recuperar su independencia.<\/p>\n\n\n\n<p>Durante la actual gesti\u00f3n libertaria, los \u00fanicos que formalizaron su salida del bloque peronista fueron los tucumanos alineados con el gobernador Osvaldo Jaldo, quienes conformaron su propio espacio: Independencia.<\/p>\n<div class=\"sharedaddy sd-sharing-enabled\"><div class=\"robots-nocontent sd-block sd-social sd-social-icon sd-sharing\"><h3 class=\"sd-title\">Comparte esto:<\/h3><div class=\"sd-content\"><ul><li class=\"share-twitter\"><a rel=\"nofollow noopener noreferrer\" data-shared=\"sharing-twitter-47465\" class=\"share-twitter sd-button share-icon no-text\" href=\"http:\/\/www.rtvnoticias.com.ar\/?p=47465&amp;share=twitter\" target=\"_blank\" title=\"Haz clic para compartir en Twitter\"><span><\/span><span class=\"sharing-screen-reader-text\">Haz clic para compartir en Twitter (Se abre en una ventana nueva)<\/span><\/a><\/li><li class=\"share-facebook\"><a rel=\"nofollow noopener noreferrer\" data-shared=\"sharing-facebook-47465\" class=\"share-facebook sd-button share-icon no-text\" href=\"http:\/\/www.rtvnoticias.com.ar\/?p=47465&amp;share=facebook\" target=\"_blank\" title=\"Haz clic para compartir en Facebook\"><span><\/span><span class=\"sharing-screen-reader-text\">Haz clic para compartir en Facebook (Se abre en una ventana nueva)<\/span><\/a><\/li><li class=\"share-jetpack-whatsapp\"><a rel=\"nofollow noopener noreferrer\" data-shared=\"\" class=\"share-jetpack-whatsapp sd-button share-icon no-text\" href=\"http:\/\/www.rtvnoticias.com.ar\/?p=47465&amp;share=jetpack-whatsapp\" target=\"_blank\" title=\"Haz clic para compartir en WhatsApp\"><span><\/span><span class=\"sharing-screen-reader-text\">Haz clic para compartir en WhatsApp (Se abre en una ventana nueva)<\/span><\/a><\/li><li class=\"share-telegram\"><a rel=\"nofollow noopener noreferrer\" data-shared=\"\" class=\"share-telegram sd-button share-icon no-text\" href=\"http:\/\/www.rtvnoticias.com.ar\/?p=47465&amp;share=telegram\" target=\"_blank\" title=\"Haz clic para compartir en Telegram\"><span><\/span><span class=\"sharing-screen-reader-text\">Haz clic para compartir en Telegram (Se abre en una ventana nueva)<\/span><\/a><\/li><li class=\"share-end\"><\/li><\/ul><\/div><\/div><\/div>","protected":false},"excerpt":{"rendered":"<p>El mapa pol\u00edtico del Congreso empieza a reconfigurarse tras las elecciones y todas las miradas apuntan al Senado, donde el peronismo atraviesa su momento m\u00e1s<\/p>\n<div class=\"sharedaddy sd-sharing-enabled\"><div class=\"robots-nocontent sd-block sd-social sd-social-icon sd-sharing\"><h3 class=\"sd-title\">Comparte esto:<\/h3><div class=\"sd-content\"><ul><li class=\"share-twitter\"><a rel=\"nofollow noopener noreferrer\" data-shared=\"sharing-twitter-47465\" class=\"share-twitter sd-button share-icon no-text\" href=\"http:\/\/www.rtvnoticias.com.ar\/?p=47465&amp;share=twitter\" target=\"_blank\" title=\"Haz clic para compartir en Twitter\"><span><\/span><span class=\"sharing-screen-reader-text\">Haz clic para compartir en Twitter (Se abre en una ventana nueva)<\/span><\/a><\/li><li class=\"share-facebook\"><a rel=\"nofollow noopener noreferrer\" data-shared=\"sharing-facebook-47465\" class=\"share-facebook sd-button share-icon no-text\" href=\"http:\/\/www.rtvnoticias.com.ar\/?p=47465&amp;share=facebook\" target=\"_blank\" title=\"Haz clic para compartir en Facebook\"><span><\/span><span class=\"sharing-screen-reader-text\">Haz clic para compartir en Facebook (Se abre en una ventana nueva)<\/span><\/a><\/li><li class=\"share-jetpack-whatsapp\"><a rel=\"nofollow noopener noreferrer\" data-shared=\"\" class=\"share-jetpack-whatsapp sd-button share-icon no-text\" href=\"http:\/\/www.rtvnoticias.com.ar\/?p=47465&amp;share=jetpack-whatsapp\" target=\"_blank\" title=\"Haz clic para compartir en WhatsApp\"><span><\/span><span class=\"sharing-screen-reader-text\">Haz clic para compartir en WhatsApp (Se abre en una ventana nueva)<\/span><\/a><\/li><li class=\"share-telegram\"><a rel=\"nofollow noopener noreferrer\" data-shared=\"\" class=\"share-telegram sd-button share-icon no-text\" href=\"http:\/\/www.rtvnoticias.com.ar\/?p=47465&amp;share=telegram\" target=\"_blank\" title=\"Haz clic para compartir en Telegram\"><span><\/span><span class=\"sharing-screen-reader-text\">Haz clic para compartir en Telegram (Se abre en una ventana nueva)<\/span><\/a><\/li><li class=\"share-end\"><\/li><\/ul><\/div><\/div><\/div>","protected":false},"author":7,"featured_media":44880,"comment_status":"closed","ping_status":"closed","sticky":false,"template":"","format":"standard","meta":{"spay_email":"","jetpack_publicize_message":"","jetpack_is_tweetstorm":false,"jetpack_publicize_feature_enabled":true},"categories":[5],"tags":[],"jetpack_featured_media_url":"http:\/\/www.rtvnoticias.com.ar\/wp-content\/uploads\/2025\/04\/senado-jueces.jpg","jetpack_publicize_connections":[],"jetpack_sharing_enabled":true,"_links":{"self":[{"href":"http:\/\/www.rtvnoticias.com.ar\/index.php?rest_route=\/wp\/v2\/posts\/47465"}],"collection":[{"href":"http:\/\/www.rtvnoticias.com.ar\/index.php?rest_route=\/wp\/v2\/posts"}],"about":[{"href":"http:\/\/www.rtvnoticias.com.ar\/index.php?rest_route=\/wp\/v2\/types\/post"}],"author":[{"embeddable":true,"href":"http:\/\/www.rtvnoticias.com.ar\/index.php?rest_route=\/wp\/v2\/users\/7"}],"replies":[{"embeddable":true,"href":"http:\/\/www.rtvnoticias.com.ar\/index.php?rest_route=%2Fwp%2Fv2%2Fcomments&post=47465"}],"version-history":[{"count":1,"href":"http:\/\/www.rtvnoticias.com.ar\/index.php?rest_route=\/wp\/v2\/posts\/47465\/revisions"}],"predecessor-version":[{"id":47466,"href":"http:\/\/www.rtvnoticias.com.ar\/index.php?rest_route=\/wp\/v2\/posts\/47465\/revisions\/47466"}],"wp:featuredmedia":[{"embeddable":true,"href":"http:\/\/www.rtvnoticias.com.ar\/index.php?rest_route=\/wp\/v2\/media\/44880"}],"wp:attachment":[{"href":"http:\/\/www.rtvnoticias.com.ar\/index.php?rest_route=%2Fwp%2Fv2%2Fmedia&parent=47465"}],"wp:term":[{"taxonomy":"category","embeddable":true,"href":"http:\/\/www.rtvnoticias.com.ar\/index.php?rest_route=%2Fwp%2Fv2%2Fcategories&post=47465"},{"taxonomy":"post_tag","embeddable":true,"href":"http:\/\/www.rtvnoticias.com.ar\/index.php?rest_route=%2Fwp%2Fv2%2Ftags&post=47465"}],"curies":[{"name":"wp","href":"https:\/\/api.w.org\/{rel}","templated":true}]}}