{"id":47467,"date":"2025-11-13T07:14:00","date_gmt":"2025-11-13T10:14:00","guid":{"rendered":"http:\/\/www.rtvnoticias.com.ar\/?p=47467"},"modified":"2025-11-12T23:17:38","modified_gmt":"2025-11-13T02:17:38","slug":"una-madre-fue-condenada-por-alterar-la-actividad-escolar-y-agredir-a-docentes-en-general-pico","status":"publish","type":"post","link":"http:\/\/www.rtvnoticias.com.ar\/?p=47467","title":{"rendered":"Una madre fue condenada por alterar la actividad escolar y agredir a docentes en General Pico"},"content":{"rendered":"\n<p>El Juzgado Contravencional de la Segunda Circunscripci\u00f3n Judicial de General Pico dict\u00f3 sentencia contra una mujer de 36 a\u00f1os acusada de insultar y amenazar a personal docente dentro de una escuela p\u00fablica, en un hecho que adem\u00e1s interrumpi\u00f3 la actividad educativa.<\/p>\n\n\n\n<p>La resoluci\u00f3n fue dictada por el juez Maximiliano Boga Doyhenard, quien, en el marco de un acuerdo de juicio abreviado, la declar\u00f3 autora responsable de infracciones a los art\u00edculos 91 y 92 inciso 2\u00b0 del C\u00f3digo Contravencional. Como consecuencia, le impuso una pena de nueve d\u00edas multa, equivalente a <strong>$173.295<\/strong>, adem\u00e1s de una amonestaci\u00f3n formal.<\/p>\n\n\n\n<h3 class=\"wp-block-heading\"><strong>Restricciones y medidas de protecci\u00f3n<\/strong><\/h3>\n\n\n\n<p>El fallo incluye una interdicci\u00f3n de acercamiento respecto de tres docentes, con la obligaci\u00f3n de mantener una distancia m\u00ednima de 100 metros de sus domicilios y la prohibici\u00f3n de contacto por cualquier medio \u2014ya sea redes sociales, WhatsApp o a trav\u00e9s de terceros\u2014 durante seis meses.<\/p>\n\n\n\n<p>El juez tambi\u00e9n orden\u00f3 que, en caso de que la mujer deba concurrir a la escuela donde asiste su hijo, deber\u00e1 abstenerse de cualquier actitud que implique hostigamiento o perturbaci\u00f3n hacia las educadoras involucradas.<\/p>\n\n\n\n<p>Adem\u00e1s, se remiti\u00f3 copia de la sentencia a la Direcci\u00f3n del establecimiento escolar para su conocimiento y aplicaci\u00f3n de las medidas dispuestas.<\/p>\n\n\n\n<h3 class=\"wp-block-heading\"><strong>Los hechos y el fundamento del fallo<\/strong><\/h3>\n\n\n\n<p>De acuerdo con la investigaci\u00f3n, la mujer se present\u00f3 en la instituci\u00f3n para reclamar por un incidente ocurrido el d\u00eda anterior con su hija, y en ese contexto comenz\u00f3 a gritar, insultar y amenazar a la directora, la vicedirectora y otras docentes. Las agresiones verbales provocaron la interrupci\u00f3n de las actividades escolares y generaron un clima de tensi\u00f3n en el establecimiento.<\/p>\n\n\n\n<p>En la sentencia, el magistrado consider\u00f3 que \u201clas conductas desplegadas por la imputada resultan merecedoras de reproche contravencional, conforme lo prev\u00e9n los art\u00edculos 91 y 92 del C\u00f3digo Contravencional\u201d, y remarc\u00f3 la necesidad de garantizar la seguridad del personal educativo.<\/p>\n\n\n\n<blockquote class=\"wp-block-quote\">\n<p>\u201cCorresponde exhortar a la imputada a que hechos de esta naturaleza no vuelvan a repetirse\u201d, sostuvo el juez Boga Doyhenard en su resoluci\u00f3n.<\/p>\n<\/blockquote>\n\n\n\n<p>El acuerdo fue presentado ante el tribunal por el fiscal contravencional Sebasti\u00e1n Rawson Paz, junto a la imputada y su defensor, Alejandro Pi\u00f1eiro.<\/p>\n<div class=\"sharedaddy sd-sharing-enabled\"><div class=\"robots-nocontent sd-block sd-social sd-social-icon sd-sharing\"><h3 class=\"sd-title\">Comparte esto:<\/h3><div class=\"sd-content\"><ul><li class=\"share-twitter\"><a rel=\"nofollow noopener noreferrer\" data-shared=\"sharing-twitter-47467\" class=\"share-twitter sd-button share-icon no-text\" href=\"http:\/\/www.rtvnoticias.com.ar\/?p=47467&amp;share=twitter\" target=\"_blank\" title=\"Haz clic para compartir en Twitter\"><span><\/span><span class=\"sharing-screen-reader-text\">Haz clic para compartir en Twitter (Se abre en una ventana nueva)<\/span><\/a><\/li><li class=\"share-facebook\"><a rel=\"nofollow noopener noreferrer\" data-shared=\"sharing-facebook-47467\" class=\"share-facebook sd-button share-icon no-text\" href=\"http:\/\/www.rtvnoticias.com.ar\/?p=47467&amp;share=facebook\" target=\"_blank\" title=\"Haz clic para compartir en Facebook\"><span><\/span><span class=\"sharing-screen-reader-text\">Haz clic para compartir en Facebook (Se abre en una ventana nueva)<\/span><\/a><\/li><li class=\"share-jetpack-whatsapp\"><a rel=\"nofollow noopener noreferrer\" data-shared=\"\" class=\"share-jetpack-whatsapp sd-button share-icon no-text\" href=\"http:\/\/www.rtvnoticias.com.ar\/?p=47467&amp;share=jetpack-whatsapp\" target=\"_blank\" title=\"Haz clic para compartir en WhatsApp\"><span><\/span><span class=\"sharing-screen-reader-text\">Haz clic para compartir en WhatsApp (Se abre en una ventana nueva)<\/span><\/a><\/li><li class=\"share-telegram\"><a rel=\"nofollow noopener noreferrer\" data-shared=\"\" class=\"share-telegram sd-button share-icon no-text\" href=\"http:\/\/www.rtvnoticias.com.ar\/?p=47467&amp;share=telegram\" target=\"_blank\" title=\"Haz clic para compartir en Telegram\"><span><\/span><span class=\"sharing-screen-reader-text\">Haz clic para compartir en Telegram (Se abre en una ventana nueva)<\/span><\/a><\/li><li class=\"share-end\"><\/li><\/ul><\/div><\/div><\/div>","protected":false},"excerpt":{"rendered":"<p>El Juzgado Contravencional de la Segunda Circunscripci\u00f3n Judicial de General Pico dict\u00f3 sentencia contra una mujer de 36 a\u00f1os acusada de insultar y amenazar a<\/p>\n<div class=\"sharedaddy sd-sharing-enabled\"><div class=\"robots-nocontent sd-block sd-social sd-social-icon sd-sharing\"><h3 class=\"sd-title\">Comparte esto:<\/h3><div class=\"sd-content\"><ul><li class=\"share-twitter\"><a rel=\"nofollow noopener noreferrer\" data-shared=\"sharing-twitter-47467\" class=\"share-twitter sd-button share-icon no-text\" href=\"http:\/\/www.rtvnoticias.com.ar\/?p=47467&amp;share=twitter\" target=\"_blank\" title=\"Haz clic para compartir en Twitter\"><span><\/span><span class=\"sharing-screen-reader-text\">Haz clic para compartir en Twitter (Se abre en una ventana nueva)<\/span><\/a><\/li><li class=\"share-facebook\"><a rel=\"nofollow noopener noreferrer\" data-shared=\"sharing-facebook-47467\" class=\"share-facebook sd-button share-icon no-text\" href=\"http:\/\/www.rtvnoticias.com.ar\/?p=47467&amp;share=facebook\" target=\"_blank\" title=\"Haz clic para compartir en Facebook\"><span><\/span><span class=\"sharing-screen-reader-text\">Haz clic para compartir en Facebook (Se abre en una ventana nueva)<\/span><\/a><\/li><li class=\"share-jetpack-whatsapp\"><a rel=\"nofollow noopener noreferrer\" data-shared=\"\" class=\"share-jetpack-whatsapp sd-button share-icon no-text\" href=\"http:\/\/www.rtvnoticias.com.ar\/?p=47467&amp;share=jetpack-whatsapp\" target=\"_blank\" title=\"Haz clic para compartir en WhatsApp\"><span><\/span><span class=\"sharing-screen-reader-text\">Haz clic para compartir en WhatsApp (Se abre en una ventana nueva)<\/span><\/a><\/li><li class=\"share-telegram\"><a rel=\"nofollow noopener noreferrer\" data-shared=\"\" class=\"share-telegram sd-button share-icon no-text\" href=\"http:\/\/www.rtvnoticias.com.ar\/?p=47467&amp;share=telegram\" target=\"_blank\" title=\"Haz clic para compartir en Telegram\"><span><\/span><span class=\"sharing-screen-reader-text\">Haz clic para compartir en Telegram (Se abre en una ventana nueva)<\/span><\/a><\/li><li class=\"share-end\"><\/li><\/ul><\/div><\/div><\/div>","protected":false},"author":7,"featured_media":47468,"comment_status":"closed","ping_status":"closed","sticky":false,"template":"","format":"standard","meta":{"spay_email":"","jetpack_publicize_message":"","jetpack_is_tweetstorm":false,"jetpack_publicize_feature_enabled":true},"categories":[3],"tags":[],"jetpack_featured_media_url":"http:\/\/www.rtvnoticias.com.ar\/wp-content\/uploads\/2025\/11\/TRIBUNALESDEPICO.jpg","jetpack_publicize_connections":[],"jetpack_sharing_enabled":true,"_links":{"self":[{"href":"http:\/\/www.rtvnoticias.com.ar\/index.php?rest_route=\/wp\/v2\/posts\/47467"}],"collection":[{"href":"http:\/\/www.rtvnoticias.com.ar\/index.php?rest_route=\/wp\/v2\/posts"}],"about":[{"href":"http:\/\/www.rtvnoticias.com.ar\/index.php?rest_route=\/wp\/v2\/types\/post"}],"author":[{"embeddable":true,"href":"http:\/\/www.rtvnoticias.com.ar\/index.php?rest_route=\/wp\/v2\/users\/7"}],"replies":[{"embeddable":true,"href":"http:\/\/www.rtvnoticias.com.ar\/index.php?rest_route=%2Fwp%2Fv2%2Fcomments&post=47467"}],"version-history":[{"count":1,"href":"http:\/\/www.rtvnoticias.com.ar\/index.php?rest_route=\/wp\/v2\/posts\/47467\/revisions"}],"predecessor-version":[{"id":47469,"href":"http:\/\/www.rtvnoticias.com.ar\/index.php?rest_route=\/wp\/v2\/posts\/47467\/revisions\/47469"}],"wp:featuredmedia":[{"embeddable":true,"href":"http:\/\/www.rtvnoticias.com.ar\/index.php?rest_route=\/wp\/v2\/media\/47468"}],"wp:attachment":[{"href":"http:\/\/www.rtvnoticias.com.ar\/index.php?rest_route=%2Fwp%2Fv2%2Fmedia&parent=47467"}],"wp:term":[{"taxonomy":"category","embeddable":true,"href":"http:\/\/www.rtvnoticias.com.ar\/index.php?rest_route=%2Fwp%2Fv2%2Fcategories&post=47467"},{"taxonomy":"post_tag","embeddable":true,"href":"http:\/\/www.rtvnoticias.com.ar\/index.php?rest_route=%2Fwp%2Fv2%2Ftags&post=47467"}],"curies":[{"name":"wp","href":"https:\/\/api.w.org\/{rel}","templated":true}]}}