{"id":47479,"date":"2025-11-15T20:08:27","date_gmt":"2025-11-15T23:08:27","guid":{"rendered":"http:\/\/www.rtvnoticias.com.ar\/?p=47479"},"modified":"2025-11-15T20:08:32","modified_gmt":"2025-11-15T23:08:32","slug":"crimen-de-cecilia-strzyzowski-condenaron-a-cadena-perpetua-al-clan-sena","status":"publish","type":"post","link":"http:\/\/www.rtvnoticias.com.ar\/?p=47479","title":{"rendered":"Crimen de Cecilia Strzyzowski: condenaron a cadena perpetua al clan Sena"},"content":{"rendered":"\n<p>Tras m\u00e1s de diez horas de deliberaci\u00f3n, el jurado popular del Chaco lleg\u00f3 a una decisi\u00f3n un\u00e1nime que marc\u00f3 un punto de inflexi\u00f3n en uno de los femicidios m\u00e1s estremecedores de los \u00faltimos a\u00f1os. C\u00e9sar Sena, Marcela Acu\u00f1a y Emerenciano Sena fueron condenados a cadena perpetua por el femicidio de Cecilia Strzyzowski, en un fallo que fue recibido con aplausos, l\u00e1grimas y gritos de justicia en la plaza donde se transmiti\u00f3 la sentencia por parlantes.<\/p>\n\n\n\n<p>Los tres fueron considerados culpables de homicidio doblemente agravado por el v\u00ednculo y en contexto de violencia de g\u00e9nero: C\u00e9sar como autor del crimen, y sus padres como part\u00edcipes primarios.<\/p>\n\n\n\n<p><strong>Condenas por encubrimiento<\/strong><\/p>\n\n\n\n<p>De los cuatro acusados por encubrimiento:<\/p>\n\n\n\n<p>-Griselda Reinoso fue declarada inocente.<\/p>\n\n\n\n<p>-Jos\u00e9 Gustavo Obreg\u00f3n y Fabiana Cecilia Gonz\u00e1lez fueron condenados por encubrimiento agravado, con penas que van de uno a seis a\u00f1os.<\/p>\n\n\n\n<p>-Gustavo Melgarejo recibi\u00f3 condena por encubrimiento simple, con penas de seis meses a tres a\u00f1os.<\/p>\n\n\n\n<p>Ser\u00e1 la jueza Dolly Fern\u00e1ndez quien, en un plazo de diez d\u00edas h\u00e1biles, impondr\u00e1 las penas definitivas en la audiencia de censura.<\/p>\n\n\n\n<p><strong>\u201cSe hizo justicia\u201d: las voces de los fiscales<\/strong><\/p>\n\n\n\n<p>El fiscal de C\u00e1mara, Juan Mart\u00edn Bogado, fue el primero en salir tras el veredicto y expres\u00f3: \u201cSiento que se hizo justicia y que por fin Cecilia descansa en paz. Vamos a pedir el certificado de defunci\u00f3n que tanto ped\u00edan.\u201d<\/p>\n\n\n\n<p>A su lado, los fiscales Jorge C\u00e1ceres Olivera y Nelia Yael Vel\u00e1zquez, quienes llevaron adelante la investigaci\u00f3n desde el inicio, se mostraron visiblemente conmovidos.<\/p>\n\n\n\n<p>\u201cCreo que le devolvimos un poco de credibilidad a la Justicia. Se demostr\u00f3 que el trabajo no fue en vano\u201d, afirm\u00f3 C\u00e1ceres Olivera.<\/p>\n\n\n\n<p>Con l\u00e1grimas en los ojos, Vel\u00e1zquez agreg\u00f3: \u201cNos bastardearon tanto que hoy es un d\u00eda muy fuerte para nosotros. Se hizo justicia\u201d.<\/p>\n\n\n\n<p><strong>El reconocimiento al jurado: \u201cEl pueblo respondi\u00f3 con altura\u201d<\/strong><\/p>\n\n\n\n<p>El abogado querellante Briend destac\u00f3 el rol del jurado popular: \u201cLo importante es que el pueblo del Chaco, representado por estos jurados, respondi\u00f3 con altura\u00bb.<\/p>\n\n\n\n<p>Tambi\u00e9n remarc\u00f3 que el proceso permiti\u00f3 reconstruir c\u00f3mo fue el femicidio: \u00abSabemos c\u00f3mo la mataron, sabemos lo que pas\u00f3. A partir de ahora, Cecilia descansa en paz\u00bb.<\/p>\n\n\n\n<p><strong>Los colaboradores y su rol en el encubrimiento<\/strong><\/p>\n\n\n\n<p>Entre los condenados por encubrimiento agravado, Gonz\u00e1lez y Obreg\u00f3n eran colaboradores estrechos del matrimonio Sena. Seg\u00fan la fiscal\u00eda, actuaron bajo \u00f3rdenes directas de Marcela Acu\u00f1a.<\/p>\n\n\n\n<p>Fabiana Gonz\u00e1lez habr\u00eda limpiado sectores clave de la casa familiar y gestionado la entrega de una cama y un colch\u00f3n manchados con sangre de Cecilia, asegurando no saber de qu\u00e9 se trataba.<\/p>\n\n\n\n<p>Jos\u00e9 Gustavo Obreg\u00f3n, por su parte, confes\u00f3 haber ayudado a descartar el cuerpo y relat\u00f3 c\u00f3mo \u00e9l y C\u00e9sar lo trasladaron a la chancher\u00eda, donde habr\u00eda sido quemado. En su declaraci\u00f3n, pidi\u00f3 perd\u00f3n y dijo, quebrado en llanto: \u201cA C\u00e9sar lo siento como un hijo del coraz\u00f3n\u00bb.<\/p>\n<div class=\"sharedaddy sd-sharing-enabled\"><div class=\"robots-nocontent sd-block sd-social sd-social-icon sd-sharing\"><h3 class=\"sd-title\">Comparte esto:<\/h3><div class=\"sd-content\"><ul><li class=\"share-twitter\"><a rel=\"nofollow noopener noreferrer\" data-shared=\"sharing-twitter-47479\" class=\"share-twitter sd-button share-icon no-text\" href=\"http:\/\/www.rtvnoticias.com.ar\/?p=47479&amp;share=twitter\" target=\"_blank\" title=\"Haz clic para compartir en Twitter\"><span><\/span><span class=\"sharing-screen-reader-text\">Haz clic para compartir en Twitter (Se abre en una ventana nueva)<\/span><\/a><\/li><li class=\"share-facebook\"><a rel=\"nofollow noopener noreferrer\" data-shared=\"sharing-facebook-47479\" class=\"share-facebook sd-button share-icon no-text\" href=\"http:\/\/www.rtvnoticias.com.ar\/?p=47479&amp;share=facebook\" target=\"_blank\" title=\"Haz clic para compartir en Facebook\"><span><\/span><span class=\"sharing-screen-reader-text\">Haz clic para compartir en Facebook (Se abre en una ventana nueva)<\/span><\/a><\/li><li class=\"share-jetpack-whatsapp\"><a rel=\"nofollow noopener noreferrer\" data-shared=\"\" class=\"share-jetpack-whatsapp sd-button share-icon no-text\" href=\"http:\/\/www.rtvnoticias.com.ar\/?p=47479&amp;share=jetpack-whatsapp\" target=\"_blank\" title=\"Haz clic para compartir en WhatsApp\"><span><\/span><span class=\"sharing-screen-reader-text\">Haz clic para compartir en WhatsApp (Se abre en una ventana nueva)<\/span><\/a><\/li><li class=\"share-telegram\"><a rel=\"nofollow noopener noreferrer\" data-shared=\"\" class=\"share-telegram sd-button share-icon no-text\" href=\"http:\/\/www.rtvnoticias.com.ar\/?p=47479&amp;share=telegram\" target=\"_blank\" title=\"Haz clic para compartir en Telegram\"><span><\/span><span class=\"sharing-screen-reader-text\">Haz clic para compartir en Telegram (Se abre en una ventana nueva)<\/span><\/a><\/li><li class=\"share-end\"><\/li><\/ul><\/div><\/div><\/div>","protected":false},"excerpt":{"rendered":"<p>Tras m\u00e1s de diez horas de deliberaci\u00f3n, el jurado popular del Chaco lleg\u00f3 a una decisi\u00f3n un\u00e1nime que marc\u00f3 un punto de inflexi\u00f3n en uno<\/p>\n<div class=\"sharedaddy sd-sharing-enabled\"><div class=\"robots-nocontent sd-block sd-social sd-social-icon sd-sharing\"><h3 class=\"sd-title\">Comparte esto:<\/h3><div class=\"sd-content\"><ul><li class=\"share-twitter\"><a rel=\"nofollow noopener noreferrer\" data-shared=\"sharing-twitter-47479\" class=\"share-twitter sd-button share-icon no-text\" href=\"http:\/\/www.rtvnoticias.com.ar\/?p=47479&amp;share=twitter\" target=\"_blank\" title=\"Haz clic para compartir en Twitter\"><span><\/span><span class=\"sharing-screen-reader-text\">Haz clic para compartir en Twitter (Se abre en una ventana nueva)<\/span><\/a><\/li><li class=\"share-facebook\"><a rel=\"nofollow noopener noreferrer\" data-shared=\"sharing-facebook-47479\" class=\"share-facebook sd-button share-icon no-text\" href=\"http:\/\/www.rtvnoticias.com.ar\/?p=47479&amp;share=facebook\" target=\"_blank\" title=\"Haz clic para compartir en Facebook\"><span><\/span><span class=\"sharing-screen-reader-text\">Haz clic para compartir en Facebook (Se abre en una ventana nueva)<\/span><\/a><\/li><li class=\"share-jetpack-whatsapp\"><a rel=\"nofollow noopener noreferrer\" data-shared=\"\" class=\"share-jetpack-whatsapp sd-button share-icon no-text\" href=\"http:\/\/www.rtvnoticias.com.ar\/?p=47479&amp;share=jetpack-whatsapp\" target=\"_blank\" title=\"Haz clic para compartir en WhatsApp\"><span><\/span><span class=\"sharing-screen-reader-text\">Haz clic para compartir en WhatsApp (Se abre en una ventana nueva)<\/span><\/a><\/li><li class=\"share-telegram\"><a rel=\"nofollow noopener noreferrer\" data-shared=\"\" class=\"share-telegram sd-button share-icon no-text\" href=\"http:\/\/www.rtvnoticias.com.ar\/?p=47479&amp;share=telegram\" target=\"_blank\" title=\"Haz clic para compartir en Telegram\"><span><\/span><span class=\"sharing-screen-reader-text\">Haz clic para compartir en Telegram (Se abre en una ventana nueva)<\/span><\/a><\/li><li class=\"share-end\"><\/li><\/ul><\/div><\/div><\/div>","protected":false},"author":5,"featured_media":47480,"comment_status":"closed","ping_status":"closed","sticky":false,"template":"","format":"standard","meta":{"spay_email":"","jetpack_publicize_message":"","jetpack_is_tweetstorm":false,"jetpack_publicize_feature_enabled":true},"categories":[5],"tags":[],"jetpack_featured_media_url":"http:\/\/www.rtvnoticias.com.ar\/wp-content\/uploads\/2025\/11\/clan-sena.jpg","jetpack_publicize_connections":[],"jetpack_sharing_enabled":true,"_links":{"self":[{"href":"http:\/\/www.rtvnoticias.com.ar\/index.php?rest_route=\/wp\/v2\/posts\/47479"}],"collection":[{"href":"http:\/\/www.rtvnoticias.com.ar\/index.php?rest_route=\/wp\/v2\/posts"}],"about":[{"href":"http:\/\/www.rtvnoticias.com.ar\/index.php?rest_route=\/wp\/v2\/types\/post"}],"author":[{"embeddable":true,"href":"http:\/\/www.rtvnoticias.com.ar\/index.php?rest_route=\/wp\/v2\/users\/5"}],"replies":[{"embeddable":true,"href":"http:\/\/www.rtvnoticias.com.ar\/index.php?rest_route=%2Fwp%2Fv2%2Fcomments&post=47479"}],"version-history":[{"count":1,"href":"http:\/\/www.rtvnoticias.com.ar\/index.php?rest_route=\/wp\/v2\/posts\/47479\/revisions"}],"predecessor-version":[{"id":47481,"href":"http:\/\/www.rtvnoticias.com.ar\/index.php?rest_route=\/wp\/v2\/posts\/47479\/revisions\/47481"}],"wp:featuredmedia":[{"embeddable":true,"href":"http:\/\/www.rtvnoticias.com.ar\/index.php?rest_route=\/wp\/v2\/media\/47480"}],"wp:attachment":[{"href":"http:\/\/www.rtvnoticias.com.ar\/index.php?rest_route=%2Fwp%2Fv2%2Fmedia&parent=47479"}],"wp:term":[{"taxonomy":"category","embeddable":true,"href":"http:\/\/www.rtvnoticias.com.ar\/index.php?rest_route=%2Fwp%2Fv2%2Fcategories&post=47479"},{"taxonomy":"post_tag","embeddable":true,"href":"http:\/\/www.rtvnoticias.com.ar\/index.php?rest_route=%2Fwp%2Fv2%2Ftags&post=47479"}],"curies":[{"name":"wp","href":"https:\/\/api.w.org\/{rel}","templated":true}]}}