{"id":47486,"date":"2025-11-17T11:43:10","date_gmt":"2025-11-17T14:43:10","guid":{"rendered":"http:\/\/www.rtvnoticias.com.ar\/?p=47486"},"modified":"2025-11-17T11:43:14","modified_gmt":"2025-11-17T14:43:14","slug":"pico-vivio-una-gran-fiesta-aniversario","status":"publish","type":"post","link":"http:\/\/www.rtvnoticias.com.ar\/?p=47486","title":{"rendered":"Pico vivi\u00f3 una gran fiesta aniversario"},"content":{"rendered":"\n<p>La Municipalidad de General Pico concret\u00f3 este domingo la primera de las jornadas previstas para el Festival Pico Cumple, en el marco del 120\u00b0 Aniversario de la ciudad, reuniendo a una gran cantidad de p\u00fablico que acompa\u00f1\u00f3 de manera entusiasta cada iniciativa.<\/p>\n\n\n\n<p>Como sucedi\u00f3 en ocasiones anteriores, el apoyo econ\u00f3mico del sector privado result\u00f3 fundamental para la organizaci\u00f3n de un evento de calidad, libre y gratuito.<br><br>El Ballet Tain Quinan, Laura G\u00f3mez Weizz, La Cruzada, Thiago Baronio, Ballet Mishkila, Orquesta Sinf\u00f3nica de General Pico con Eli Fern\u00e1ndez y Juli\u00e1n Oderiz, elencos Municipales de Danzas y Teatro Comod\u00edn brillaron en una programaci\u00f3n que tuvo su punto c\u00falmine con la presentaci\u00f3n estelar de Nahuel Pennisi, quien cautiv\u00f3 al p\u00fablico con un emotivo show.<\/p>\n\n\n\n<p>M\u00e1s de un centenar de stands integr\u00f3 un completo circuito de emprendimientos y artesan\u00edas, ofreciendo diversidad de productos y alternativas locales. Las cantinas, ubicadas estrat\u00e9gicamente en el predio, tambi\u00e9n formaron parte de esta gran actividad con opciones gastron\u00f3micas para todas y todos.<\/p>\n\n\n\n<p><strong>Crecimiento piquense<\/strong><\/p>\n\n\n\n<p>La intendenta Fernanda Alonso se refiri\u00f3 a esta propuesta aniversario: \u201cPico celebr\u00f3 a lo grande con la mancomuni\u00f3n y entrega de toda la ciudad, haciendo cada una y uno lo suyo, dando a conocer lo que tienen para ofrecer a la comunidad y demostrando que podemos vivir estos 120 a\u00f1os con la fuerza que nos identifica\u201d.&nbsp;<\/p>\n\n\n\n<p><br>Respecto de la participaci\u00f3n de Nahuel Pennisi, indic\u00f3: \u201cTiene esa calidad humana enorme que lo caracteriza, m\u00e1s all\u00e1 de su profesionalismo, que no se discute. Actu\u00f3 junto con nuestra orquesta, lo que nos llen\u00f3 de emoci\u00f3n y \u00e9l tambi\u00e9n se sinti\u00f3 parte de ella. Es una fusi\u00f3n \u00fanica que pudimos disfrutar ac\u00e1\u201d.&nbsp;<\/p>\n\n\n\n<p>El sector privado result\u00f3 fundamental para concretar la realizaci\u00f3n de la celebraci\u00f3n. \u201cSe ha generado una confianza que viene creciendo y que nos hace mucho m\u00e1s f\u00e1cil la tarea, que a\u00f1o tras a\u00f1o esa puesta va increment\u00e1ndose dando la posibilidad que la fiesta tenga otras caracter\u00edsticas\u201d.<\/p>\n\n\n\n<p>A\u00f1adi\u00f3 que \u201ceso es porque hemos hecho un trabajo a lo largo del tiempo, de manera sostenida, dando muestras que la articulaci\u00f3n p\u00fablico-privada puede darse, que esto es posible cuando hay respuestas desde este lado y de parte de ellas y ellos\u201d.<\/p>\n\n\n\n<p>La gran convocatoria, adem\u00e1s, promovi\u00f3 un desarrollo econ\u00f3mico local: \u201cDestaco que el escenario tuvo a 200 artistas pampeanos, la mayor\u00eda piquenses. Ello y el importante marco de p\u00fablico produjo un consumo significativo en la ciudad, beneficiando desde un puesto emprendedor, un gastron\u00f3mico o una estaci\u00f3n de servicio dando cuenta del impacto que genera el Festival\u201d.&nbsp;<\/p>\n\n\n\n<p>\u201cEsa es la idea, que Pico tenga en la agenda una fecha para festejar, en la que ganemos todas y todos\u201d, valor\u00f3.<br><br>Por \u00faltimo, la jefa comunal piquense valor\u00f3 que la reprogramaci\u00f3n del espect\u00e1culo de El Loco Amato se haya resuelto con celeridad permitiendo que las y los cuarteteros piquenses y de localidades vecinas puedan disfrutarlo el pr\u00f3ximo 30 de noviembre.<\/p>\n","protected":false},"excerpt":{"rendered":"<p>La Municipalidad de General Pico concret\u00f3 este domingo la primera de las jornadas previstas para el Festival Pico Cumple, en el marco del 120\u00b0 Aniversario<\/p>\n","protected":false},"author":5,"featured_media":47487,"comment_status":"closed","ping_status":"closed","sticky":false,"template":"","format":"standard","meta":{"spay_email":"","jetpack_publicize_message":"","jetpack_is_tweetstorm":false,"jetpack_publicize_feature_enabled":true},"categories":[1],"tags":[],"jetpack_featured_media_url":"http:\/\/www.rtvnoticias.com.ar\/wp-content\/uploads\/2025\/11\/Festival3.jpg","jetpack_publicize_connections":[],"jetpack_sharing_enabled":false,"_links":{"self":[{"href":"http:\/\/www.rtvnoticias.com.ar\/index.php?rest_route=\/wp\/v2\/posts\/47486"}],"collection":[{"href":"http:\/\/www.rtvnoticias.com.ar\/index.php?rest_route=\/wp\/v2\/posts"}],"about":[{"href":"http:\/\/www.rtvnoticias.com.ar\/index.php?rest_route=\/wp\/v2\/types\/post"}],"author":[{"embeddable":true,"href":"http:\/\/www.rtvnoticias.com.ar\/index.php?rest_route=\/wp\/v2\/users\/5"}],"replies":[{"embeddable":true,"href":"http:\/\/www.rtvnoticias.com.ar\/index.php?rest_route=%2Fwp%2Fv2%2Fcomments&post=47486"}],"version-history":[{"count":1,"href":"http:\/\/www.rtvnoticias.com.ar\/index.php?rest_route=\/wp\/v2\/posts\/47486\/revisions"}],"predecessor-version":[{"id":47488,"href":"http:\/\/www.rtvnoticias.com.ar\/index.php?rest_route=\/wp\/v2\/posts\/47486\/revisions\/47488"}],"wp:featuredmedia":[{"embeddable":true,"href":"http:\/\/www.rtvnoticias.com.ar\/index.php?rest_route=\/wp\/v2\/media\/47487"}],"wp:attachment":[{"href":"http:\/\/www.rtvnoticias.com.ar\/index.php?rest_route=%2Fwp%2Fv2%2Fmedia&parent=47486"}],"wp:term":[{"taxonomy":"category","embeddable":true,"href":"http:\/\/www.rtvnoticias.com.ar\/index.php?rest_route=%2Fwp%2Fv2%2Fcategories&post=47486"},{"taxonomy":"post_tag","embeddable":true,"href":"http:\/\/www.rtvnoticias.com.ar\/index.php?rest_route=%2Fwp%2Fv2%2Ftags&post=47486"}],"curies":[{"name":"wp","href":"https:\/\/api.w.org\/{rel}","templated":true}]}}