{"id":47489,"date":"2025-11-17T12:11:22","date_gmt":"2025-11-17T15:11:22","guid":{"rendered":"http:\/\/www.rtvnoticias.com.ar\/?p=47489"},"modified":"2025-11-17T12:11:27","modified_gmt":"2025-11-17T15:11:27","slug":"el-secretario-general-de-la-gobernacion-jose-vanini-detallo-el-presupuesto-del-area-ante-los-diputados","status":"publish","type":"post","link":"http:\/\/www.rtvnoticias.com.ar\/?p=47489","title":{"rendered":"El secretario general de la Gobernaci\u00f3n, Jos\u00e9 Vanini,  detall\u00f3 el presupuesto del \u00e1rea ante los diputados"},"content":{"rendered":"\n<p>El secretario general de la Gobernaci\u00f3n, Jos\u00e9 Vanini, junto a funcionarios de su cartera, acudi\u00f3 recientemente a la C\u00e1mara de Diputados para brindar detalles sobre el Presupuesto 2026, en el marco del estudio del proyecto de ley N\u00ba 20\/25 del Poder Ejecutivo Provincial. Durante su exposici\u00f3n, explic\u00f3 que, pese a gestionar un porcentaje reducido del total del Presupuesto General de Gastos \u2014que asciende aproximadamente a 2,33 billones de pesos\u2014 la Secretar\u00eda General cumple funciones estrat\u00e9gicas fundamentales para el correcto funcionamiento del Estado y la articulaci\u00f3n institucional en la provincia.<\/p>\n\n\n\n<p>Vanini resalt\u00f3 que la Secretar\u00eda General administra alrededor de 24.500 millones de pesos, lo que equivale a un 1,05% del presupuesto provincial aprobado para el ejercicio 2026. De ese monto total, cerca del 59,2% se destina exclusivamente a la remuneraci\u00f3n de los 552 agentes que prestan servicios en la \u00f3rbita de la dependencia. Esto deja una cuant\u00eda residual de aproximadamente 9,990 millones de pesos para gastos en inversi\u00f3n, gesti\u00f3n y producci\u00f3n de informaci\u00f3n en un marco que busca optimizar los recursos, garantizar la transparencia y fortalecer la gesti\u00f3n democr\u00e1tica.<\/p>\n\n\n\n<p>El funcionario explic\u00f3 que, aunque el porcentaje gestionado por la Secretar\u00eda General puede parecer peque\u00f1o, su impacto en la organizaci\u00f3n y coordinaci\u00f3n gubernamental resulta clave. Sus funciones principales incluyen la planificaci\u00f3n y seguimiento de la gesti\u00f3n de gobierno, la organizaci\u00f3n de reuniones, la supervisi\u00f3n de proyectos de ley y acciones en territorio, as\u00ed como la articulaci\u00f3n de la comunicaci\u00f3n p\u00fablica y la administraci\u00f3n de la Casa de Piedra. Sus atribuciones son mayoritariamente administrativas y de coordinaci\u00f3n institucional, sin requerir financiamiento para obras p\u00fablicas, exceptuando tareas de supervisi\u00f3n y gesti\u00f3n de obras en delegaciones, como la de Casa de Piedra en la que se han llevado adelante obras de infraestructura y servicios b\u00e1sicos en los \u00faltimos a\u00f1os.<\/p>\n\n\n\n<p>Respecto a los recursos asignados, Vanini mencion\u00f3 que la Secretar\u00eda tiene repartidas quince partidas espec\u00edficas, que cubren desde gesti\u00f3n general, comunicaci\u00f3n y producci\u00f3n estad\u00edstica, hasta servicios diversos y espacios culturales. La estructura est\u00e1 dise\u00f1ada principalmente para sostener la funci\u00f3n administrativa, con \u00e9nfasis en mecanismos de control, cooperaci\u00f3n interinstitucional y producci\u00f3n de datos confiables y democr\u00e1ticos. Inform\u00f3 adem\u00e1s que estas funciones y estructuras permiten reflejar con transparencia las acciones del gobierno en toda la provincia, sin necesidad de asignar recursos sustanciales a programas territoriales que requieran financiamiento directo.<\/p>\n\n\n\n<p>Dentro del esquema de distribuci\u00f3n de la pauta oficial, la Subsecretar\u00eda de Medios de Comunicaci\u00f3n inform\u00f3 que durante el a\u00f1o 2025 se destinaron aproximadamente 7.200 millones de pesos, lo que representa cerca de un 0,36% del presupuesto provincial, para la publicidad del Estado. La pol\u00edtica de asignaci\u00f3n se basa en criterios de equidad y pluralidad, procurando distribuir los recursos de manera transparente y equilibrada entre m\u00e1s de 800 proveedores \u2014que incluyen medios de comunicaci\u00f3n, generadores de contenidos, soportes digitales y tradicionales\u2014 de manera de garantizar la diversidad en la expresi\u00f3n y la cobertura. <\/p>\n\n\n\n<p>La selecci\u00f3n de medios responde a necesidades espec\u00edficas de alcance territorial, p\u00fablico objetivo, y tipo de audiencia, asegurando que los mensajes del Gobierno lleguen de manera efectiva a distintas comunidades y segmentos sociales en toda la provincia.<\/p>\n\n\n\n<p>Precis\u00f3 que el objetivo principal de invertir en publicidad p\u00fablica, desde la perspectiva del Gobierno provincial, es fortalecer la comunicaci\u00f3n institucional y de las pol\u00edticas p\u00fablicas, promoviendo la participaci\u00f3n ciudadana y fortaleciendo la democracia. La inversi\u00f3n busca adem\u00e1s sostener y promover la pluralidad de voces, impulsar la econom\u00eda regional mediante el apoyo a medios locales y peque\u00f1os soportes, y potenciar campa\u00f1as de prevenci\u00f3n, educaci\u00f3n y concientizaci\u00f3n en diversas \u00e1reas. La estrategia de prensa tambi\u00e9n pretende consolidar la identidad territorial, difundir los logros y acciones del Estado, y fortalecer la imagen institucional, todo en un marco que garantiza la transparencia, la equidad y el control social en la asignaci\u00f3n de recursos p\u00fablicos.<\/p>\n\n\n\n<p>Acerca de la Televisi\u00f3n P\u00fablica Pampeana indic\u00f3 que proyecta para 2026 un fortalecimiento de su v\u00ednculo con el sector privado de producci\u00f3n audiovisual, bajo criterios de transparencia, sostenimiento y continuidad.<\/p>\n\n\n\n<p>Se refiri\u00f3 a los concursos elaborados para sumar producci\u00f3n local a la grilla de la eisora estatal, acerca de lo cual detall\u00f3 que en cada convocatoria se presentan en promedio 50 productoras, de las cuales unas 20 son seleccionadas para integrar la grilla diaria, generando empleo para alrededor de 100 personas. Este sistema, acompa\u00f1ado por jurados locales y externos, asegura imparcialidad y calidad, mientras que la interacci\u00f3n constante entre productoras y gerencias permite mejorar los contenidos.<\/p>\n\n\n\n<p>Adem\u00e1s, la emisora incrementar\u00e1 su producci\u00f3n propia con programas infantiles, magazines, noticieros y coberturas en vivo.<\/p>\n\n\n\n<p>La programaci\u00f3n de la TVPP alcanzar\u00e1 en 2026 m\u00e1s del 90% de origen pampeano, sumando tanto producciones propias como las realizadas por productoras locales. Esta composici\u00f3n refleja una mirada territorial que impulsa y difunde la diversidad audiovisual de La Pampa, consolidando al canal como un espacio de identidad y servicio p\u00fablico. Con una grilla coherente entre territorio, identidad y comunicaci\u00f3n, la TVPP reafirma su rol como pantalla al servicio de las y los pampeanos, manteniendo adem\u00e1s el reconocimiento de ser el primer canal p\u00fablico del pa\u00eds incluido en la se\u00f1al de DirecTV.<\/p>\n\n\n\n<p>En relaci\u00f3n a las obras y proyectos en territorio, Vanini explic\u00f3 que en Casa de Piedra se han culminado numerosas intervenciones, como la habilitaci\u00f3n de una pileta ol\u00edmpica climatizada, la construcci\u00f3n de viviendas para el polo productivo, obras de agua potable, mejora de caminos, espacios recreativos y servicios b\u00e1sicos en salud y seguridad. Todas estas acciones se han desarrollado con recursos espec\u00edficos, gestionados por otras \u00e1reas de la administraci\u00f3n, sin que la Secretar\u00eda General lidere licitaciones ni ejecuciones de obras, pero coordinando y supervisando la gesti\u00f3n institucional y los fondos involucrados.<\/p>\n\n\n\n<p>El funcionario tambi\u00e9n comunic\u00f3 la voluntad del Ejecutivo de solicitar facultades para reestructurar internamente algunas jurisdicciones en plena vigencia del receso legislativo, con el objetivo de ganar eficiencia en el uso de los recursos p\u00fablicos y adaptarse a un contexto econ\u00f3mico restrictivo. La propuesta contempla la reasignaci\u00f3n interna de partidas y estructuras, sin incrementar los l\u00edmites de gasto autorizados, y siempre garantizando la transparencia y el control legislativo, de manera que cualquier cambio deber\u00e1 ser informado a la C\u00e1mara de Diputados como mecanismo de control y rendici\u00f3n de cuentas.<\/p>\n\n\n\n<p>El funcionario concluy\u00f3 reiterando su agradecimiento a la Comisi\u00f3n de Hacienda y Presupuesto por la invitaci\u00f3n, y puso a disposici\u00f3n su equipo para ampliar los detalles o responder consultas adicionales. Enfatiz\u00f3 que el alcance de su gesti\u00f3n, en t\u00e9rminos de recursos asignados y funciones desempe\u00f1adas, refleja una administraci\u00f3n responsable, transparente y alineada a los principios democr\u00e1ticos y de uso eficiente de los recursos p\u00fablicos para fortalecer la institucionalidad y la producci\u00f3n de informaci\u00f3n confiable para la ciudadan\u00eda.<\/p>\n<div class=\"sharedaddy sd-sharing-enabled\"><div class=\"robots-nocontent sd-block sd-social sd-social-icon sd-sharing\"><h3 class=\"sd-title\">Comparte esto:<\/h3><div class=\"sd-content\"><ul><li class=\"share-twitter\"><a rel=\"nofollow noopener noreferrer\" data-shared=\"sharing-twitter-47489\" class=\"share-twitter sd-button share-icon no-text\" href=\"http:\/\/www.rtvnoticias.com.ar\/?p=47489&amp;share=twitter\" target=\"_blank\" title=\"Haz clic para compartir en Twitter\"><span><\/span><span class=\"sharing-screen-reader-text\">Haz clic para compartir en Twitter (Se abre en una ventana nueva)<\/span><\/a><\/li><li class=\"share-facebook\"><a rel=\"nofollow noopener noreferrer\" data-shared=\"sharing-facebook-47489\" class=\"share-facebook sd-button share-icon no-text\" href=\"http:\/\/www.rtvnoticias.com.ar\/?p=47489&amp;share=facebook\" target=\"_blank\" title=\"Haz clic para compartir en Facebook\"><span><\/span><span class=\"sharing-screen-reader-text\">Haz clic para compartir en Facebook (Se abre en una ventana nueva)<\/span><\/a><\/li><li class=\"share-jetpack-whatsapp\"><a rel=\"nofollow noopener noreferrer\" data-shared=\"\" class=\"share-jetpack-whatsapp sd-button share-icon no-text\" href=\"http:\/\/www.rtvnoticias.com.ar\/?p=47489&amp;share=jetpack-whatsapp\" target=\"_blank\" title=\"Haz clic para compartir en WhatsApp\"><span><\/span><span class=\"sharing-screen-reader-text\">Haz clic para compartir en WhatsApp (Se abre en una ventana nueva)<\/span><\/a><\/li><li class=\"share-telegram\"><a rel=\"nofollow noopener noreferrer\" data-shared=\"\" class=\"share-telegram sd-button share-icon no-text\" href=\"http:\/\/www.rtvnoticias.com.ar\/?p=47489&amp;share=telegram\" target=\"_blank\" title=\"Haz clic para compartir en Telegram\"><span><\/span><span class=\"sharing-screen-reader-text\">Haz clic para compartir en Telegram (Se abre en una ventana nueva)<\/span><\/a><\/li><li class=\"share-end\"><\/li><\/ul><\/div><\/div><\/div>","protected":false},"excerpt":{"rendered":"<p>El secretario general de la Gobernaci\u00f3n, Jos\u00e9 Vanini, junto a funcionarios de su cartera, acudi\u00f3 recientemente a la C\u00e1mara de Diputados para brindar detalles sobre<\/p>\n<div class=\"sharedaddy sd-sharing-enabled\"><div class=\"robots-nocontent sd-block sd-social sd-social-icon sd-sharing\"><h3 class=\"sd-title\">Comparte esto:<\/h3><div class=\"sd-content\"><ul><li class=\"share-twitter\"><a rel=\"nofollow noopener noreferrer\" data-shared=\"sharing-twitter-47489\" class=\"share-twitter sd-button share-icon no-text\" href=\"http:\/\/www.rtvnoticias.com.ar\/?p=47489&amp;share=twitter\" target=\"_blank\" title=\"Haz clic para compartir en Twitter\"><span><\/span><span class=\"sharing-screen-reader-text\">Haz clic para compartir en Twitter (Se abre en una ventana nueva)<\/span><\/a><\/li><li class=\"share-facebook\"><a rel=\"nofollow noopener noreferrer\" data-shared=\"sharing-facebook-47489\" class=\"share-facebook sd-button share-icon no-text\" href=\"http:\/\/www.rtvnoticias.com.ar\/?p=47489&amp;share=facebook\" target=\"_blank\" title=\"Haz clic para compartir en Facebook\"><span><\/span><span class=\"sharing-screen-reader-text\">Haz clic para compartir en Facebook (Se abre en una ventana nueva)<\/span><\/a><\/li><li class=\"share-jetpack-whatsapp\"><a rel=\"nofollow noopener noreferrer\" data-shared=\"\" class=\"share-jetpack-whatsapp sd-button share-icon no-text\" href=\"http:\/\/www.rtvnoticias.com.ar\/?p=47489&amp;share=jetpack-whatsapp\" target=\"_blank\" title=\"Haz clic para compartir en WhatsApp\"><span><\/span><span class=\"sharing-screen-reader-text\">Haz clic para compartir en WhatsApp (Se abre en una ventana nueva)<\/span><\/a><\/li><li class=\"share-telegram\"><a rel=\"nofollow noopener noreferrer\" data-shared=\"\" class=\"share-telegram sd-button share-icon no-text\" href=\"http:\/\/www.rtvnoticias.com.ar\/?p=47489&amp;share=telegram\" target=\"_blank\" title=\"Haz clic para compartir en Telegram\"><span><\/span><span class=\"sharing-screen-reader-text\">Haz clic para compartir en Telegram (Se abre en una ventana nueva)<\/span><\/a><\/li><li class=\"share-end\"><\/li><\/ul><\/div><\/div><\/div>","protected":false},"author":5,"featured_media":47490,"comment_status":"closed","ping_status":"closed","sticky":false,"template":"","format":"standard","meta":{"spay_email":"","jetpack_publicize_message":"","jetpack_is_tweetstorm":false,"jetpack_publicize_feature_enabled":true},"categories":[4],"tags":[5663],"jetpack_featured_media_url":"http:\/\/www.rtvnoticias.com.ar\/wp-content\/uploads\/2025\/11\/vanini-diputados.jpg","jetpack_publicize_connections":[],"jetpack_sharing_enabled":true,"_links":{"self":[{"href":"http:\/\/www.rtvnoticias.com.ar\/index.php?rest_route=\/wp\/v2\/posts\/47489"}],"collection":[{"href":"http:\/\/www.rtvnoticias.com.ar\/index.php?rest_route=\/wp\/v2\/posts"}],"about":[{"href":"http:\/\/www.rtvnoticias.com.ar\/index.php?rest_route=\/wp\/v2\/types\/post"}],"author":[{"embeddable":true,"href":"http:\/\/www.rtvnoticias.com.ar\/index.php?rest_route=\/wp\/v2\/users\/5"}],"replies":[{"embeddable":true,"href":"http:\/\/www.rtvnoticias.com.ar\/index.php?rest_route=%2Fwp%2Fv2%2Fcomments&post=47489"}],"version-history":[{"count":1,"href":"http:\/\/www.rtvnoticias.com.ar\/index.php?rest_route=\/wp\/v2\/posts\/47489\/revisions"}],"predecessor-version":[{"id":47491,"href":"http:\/\/www.rtvnoticias.com.ar\/index.php?rest_route=\/wp\/v2\/posts\/47489\/revisions\/47491"}],"wp:featuredmedia":[{"embeddable":true,"href":"http:\/\/www.rtvnoticias.com.ar\/index.php?rest_route=\/wp\/v2\/media\/47490"}],"wp:attachment":[{"href":"http:\/\/www.rtvnoticias.com.ar\/index.php?rest_route=%2Fwp%2Fv2%2Fmedia&parent=47489"}],"wp:term":[{"taxonomy":"category","embeddable":true,"href":"http:\/\/www.rtvnoticias.com.ar\/index.php?rest_route=%2Fwp%2Fv2%2Fcategories&post=47489"},{"taxonomy":"post_tag","embeddable":true,"href":"http:\/\/www.rtvnoticias.com.ar\/index.php?rest_route=%2Fwp%2Fv2%2Ftags&post=47489"}],"curies":[{"name":"wp","href":"https:\/\/api.w.org\/{rel}","templated":true}]}}