{"id":47493,"date":"2025-11-18T09:39:18","date_gmt":"2025-11-18T12:39:18","guid":{"rendered":"http:\/\/www.rtvnoticias.com.ar\/?p=47493"},"modified":"2025-11-18T09:39:24","modified_gmt":"2025-11-18T12:39:24","slug":"cimepro-obtuvo-el-contrato-para-la-construccion-del-parque-solar-en-general-pico","status":"publish","type":"post","link":"http:\/\/www.rtvnoticias.com.ar\/?p=47493","title":{"rendered":"Cimepro obtuvo el contrato para la construcci\u00f3n del Parque Solar en General Pico"},"content":{"rendered":"\n<p>El Gobierno de La Pampa dio un paso clave en su estrategia de transici\u00f3n energ\u00e9tica al adjudicar la construcci\u00f3n del Parque Solar Fotovoltaico de General Pico, un proyecto de 15 megavatios que se convertir\u00e1 en uno de los desarrollos m\u00e1s importantes del norte provincial. La obra qued\u00f3 en manos de la Uni\u00f3n Transitoria de Empresas integrada por Cimepro S.A., Mart\u00ednez\u2013De la Fuente S.A. y Megatrans S.A., seg\u00fan confirmaron fuentes oficiales. En los pr\u00f3ximos d\u00edas se espera la firma del contrato que habilitar\u00e1 el inicio de los trabajos.<\/p>\n\n\n\n<p>La iniciativa forma parte del Plan Estrat\u00e9gico de Energ\u00eda y responde a los lineamientos de la Ley Provincial 3285, que promueve el fortalecimiento de la soberan\u00eda energ\u00e9tica pampeana. Se trata, adem\u00e1s, de un modelo in\u00e9dito para la provincia: una asociaci\u00f3n p\u00fablico-privada que repartir\u00e1 riesgos y beneficios entre el sector privado y Pampetrol, que tendr\u00e1 una participaci\u00f3n del 20% en la empresa transitoria a cargo del proyecto.<\/p>\n\n\n\n<p>En la licitaci\u00f3n compitieron tres oferentes, pero las propuestas de Albares Renovables S.A., Vial A S.A. y TPS Constructora S.A., as\u00ed como la de Austro S.A., fueron finalmente descartadas.<\/p>\n\n\n\n<p>La firma adjudicataria deber\u00e1 asumir el 80% del financiamiento total y ejecutar la obra de punta a punta: desde la provisi\u00f3n de equipos y materiales hasta el montaje, la conexi\u00f3n al sistema, la puesta en marcha y las tareas de operaci\u00f3n y mantenimiento durante el primer a\u00f1o de funcionamiento comercial.<\/p>\n\n\n\n<p>Uno de los puntos destacados del pliego es su impacto en el mercado laboral local: al menos el 70% de la mano de obra deber\u00e1 ser pampeana, una condici\u00f3n que apunta a dinamizar la actividad econ\u00f3mica de General Pico y su zona de influencia.<\/p>\n\n\n\n<p>El parque, que se levantar\u00e1 sobre un predio de 100 hect\u00e1reas cedido por el Gobierno provincial, abastecer\u00e1 de energ\u00eda al Polo de Desarrollo Energ\u00e9tico, al Parque de Actividades Econ\u00f3micas y a la Estaci\u00f3n Transformadora de la ciudad. La producci\u00f3n ser\u00e1 vendida a la Administraci\u00f3n Provincial de Energ\u00eda (APE) mediante un contrato de 20 a\u00f1os, con una capacidad inicial equivalente al consumo de m\u00e1s de 9.000 hogares.<\/p>\n\n\n\n<p>El proyecto contempla una segunda etapa que ampliar\u00e1 la potencia instalada hasta los 50 MW, lo que permitir\u00eda triplicar la cantidad de usuarios abastecidos y consolidar a General Pico como un nodo energ\u00e9tico estrat\u00e9gico. Seg\u00fan las autoridades, la obra se inscribe en el mismo camino iniciado con el Parque Solar de Victorica, hoy operativo y considerado un antecedente exitoso para el impulso de nuevas inversiones en energ\u00edas limpias.<\/p>\n<div class=\"sharedaddy sd-sharing-enabled\"><div class=\"robots-nocontent sd-block sd-social sd-social-icon sd-sharing\"><h3 class=\"sd-title\">Comparte esto:<\/h3><div class=\"sd-content\"><ul><li class=\"share-twitter\"><a rel=\"nofollow noopener noreferrer\" data-shared=\"sharing-twitter-47493\" class=\"share-twitter sd-button share-icon no-text\" href=\"http:\/\/www.rtvnoticias.com.ar\/?p=47493&amp;share=twitter\" target=\"_blank\" title=\"Haz clic para compartir en Twitter\"><span><\/span><span class=\"sharing-screen-reader-text\">Haz clic para compartir en Twitter (Se abre en una ventana nueva)<\/span><\/a><\/li><li class=\"share-facebook\"><a rel=\"nofollow noopener noreferrer\" data-shared=\"sharing-facebook-47493\" class=\"share-facebook sd-button share-icon no-text\" href=\"http:\/\/www.rtvnoticias.com.ar\/?p=47493&amp;share=facebook\" target=\"_blank\" title=\"Haz clic para compartir en Facebook\"><span><\/span><span class=\"sharing-screen-reader-text\">Haz clic para compartir en Facebook (Se abre en una ventana nueva)<\/span><\/a><\/li><li class=\"share-jetpack-whatsapp\"><a rel=\"nofollow noopener noreferrer\" data-shared=\"\" class=\"share-jetpack-whatsapp sd-button share-icon no-text\" href=\"http:\/\/www.rtvnoticias.com.ar\/?p=47493&amp;share=jetpack-whatsapp\" target=\"_blank\" title=\"Haz clic para compartir en WhatsApp\"><span><\/span><span class=\"sharing-screen-reader-text\">Haz clic para compartir en WhatsApp (Se abre en una ventana nueva)<\/span><\/a><\/li><li class=\"share-telegram\"><a rel=\"nofollow noopener noreferrer\" data-shared=\"\" class=\"share-telegram sd-button share-icon no-text\" href=\"http:\/\/www.rtvnoticias.com.ar\/?p=47493&amp;share=telegram\" target=\"_blank\" title=\"Haz clic para compartir en Telegram\"><span><\/span><span class=\"sharing-screen-reader-text\">Haz clic para compartir en Telegram (Se abre en una ventana nueva)<\/span><\/a><\/li><li class=\"share-end\"><\/li><\/ul><\/div><\/div><\/div>","protected":false},"excerpt":{"rendered":"<p>El Gobierno de La Pampa dio un paso clave en su estrategia de transici\u00f3n energ\u00e9tica al adjudicar la construcci\u00f3n del Parque Solar Fotovoltaico de General<\/p>\n<div class=\"sharedaddy sd-sharing-enabled\"><div class=\"robots-nocontent sd-block sd-social sd-social-icon sd-sharing\"><h3 class=\"sd-title\">Comparte esto:<\/h3><div class=\"sd-content\"><ul><li class=\"share-twitter\"><a rel=\"nofollow noopener noreferrer\" data-shared=\"sharing-twitter-47493\" class=\"share-twitter sd-button share-icon no-text\" href=\"http:\/\/www.rtvnoticias.com.ar\/?p=47493&amp;share=twitter\" target=\"_blank\" title=\"Haz clic para compartir en Twitter\"><span><\/span><span class=\"sharing-screen-reader-text\">Haz clic para compartir en Twitter (Se abre en una ventana nueva)<\/span><\/a><\/li><li class=\"share-facebook\"><a rel=\"nofollow noopener noreferrer\" data-shared=\"sharing-facebook-47493\" class=\"share-facebook sd-button share-icon no-text\" href=\"http:\/\/www.rtvnoticias.com.ar\/?p=47493&amp;share=facebook\" target=\"_blank\" title=\"Haz clic para compartir en Facebook\"><span><\/span><span class=\"sharing-screen-reader-text\">Haz clic para compartir en Facebook (Se abre en una ventana nueva)<\/span><\/a><\/li><li class=\"share-jetpack-whatsapp\"><a rel=\"nofollow noopener noreferrer\" data-shared=\"\" class=\"share-jetpack-whatsapp sd-button share-icon no-text\" href=\"http:\/\/www.rtvnoticias.com.ar\/?p=47493&amp;share=jetpack-whatsapp\" target=\"_blank\" title=\"Haz clic para compartir en WhatsApp\"><span><\/span><span class=\"sharing-screen-reader-text\">Haz clic para compartir en WhatsApp (Se abre en una ventana nueva)<\/span><\/a><\/li><li class=\"share-telegram\"><a rel=\"nofollow noopener noreferrer\" data-shared=\"\" class=\"share-telegram sd-button share-icon no-text\" href=\"http:\/\/www.rtvnoticias.com.ar\/?p=47493&amp;share=telegram\" target=\"_blank\" title=\"Haz clic para compartir en Telegram\"><span><\/span><span class=\"sharing-screen-reader-text\">Haz clic para compartir en Telegram (Se abre en una ventana nueva)<\/span><\/a><\/li><li class=\"share-end\"><\/li><\/ul><\/div><\/div><\/div>","protected":false},"author":7,"featured_media":47494,"comment_status":"closed","ping_status":"closed","sticky":false,"template":"","format":"standard","meta":{"spay_email":"","jetpack_publicize_message":"","jetpack_is_tweetstorm":false,"jetpack_publicize_feature_enabled":true},"categories":[3],"tags":[],"jetpack_featured_media_url":"http:\/\/www.rtvnoticias.com.ar\/wp-content\/uploads\/2025\/11\/parquefotoltaicosolarpico2025-12-1170x725-1.jpg","jetpack_publicize_connections":[],"jetpack_sharing_enabled":true,"_links":{"self":[{"href":"http:\/\/www.rtvnoticias.com.ar\/index.php?rest_route=\/wp\/v2\/posts\/47493"}],"collection":[{"href":"http:\/\/www.rtvnoticias.com.ar\/index.php?rest_route=\/wp\/v2\/posts"}],"about":[{"href":"http:\/\/www.rtvnoticias.com.ar\/index.php?rest_route=\/wp\/v2\/types\/post"}],"author":[{"embeddable":true,"href":"http:\/\/www.rtvnoticias.com.ar\/index.php?rest_route=\/wp\/v2\/users\/7"}],"replies":[{"embeddable":true,"href":"http:\/\/www.rtvnoticias.com.ar\/index.php?rest_route=%2Fwp%2Fv2%2Fcomments&post=47493"}],"version-history":[{"count":1,"href":"http:\/\/www.rtvnoticias.com.ar\/index.php?rest_route=\/wp\/v2\/posts\/47493\/revisions"}],"predecessor-version":[{"id":47495,"href":"http:\/\/www.rtvnoticias.com.ar\/index.php?rest_route=\/wp\/v2\/posts\/47493\/revisions\/47495"}],"wp:featuredmedia":[{"embeddable":true,"href":"http:\/\/www.rtvnoticias.com.ar\/index.php?rest_route=\/wp\/v2\/media\/47494"}],"wp:attachment":[{"href":"http:\/\/www.rtvnoticias.com.ar\/index.php?rest_route=%2Fwp%2Fv2%2Fmedia&parent=47493"}],"wp:term":[{"taxonomy":"category","embeddable":true,"href":"http:\/\/www.rtvnoticias.com.ar\/index.php?rest_route=%2Fwp%2Fv2%2Fcategories&post=47493"},{"taxonomy":"post_tag","embeddable":true,"href":"http:\/\/www.rtvnoticias.com.ar\/index.php?rest_route=%2Fwp%2Fv2%2Ftags&post=47493"}],"curies":[{"name":"wp","href":"https:\/\/api.w.org\/{rel}","templated":true}]}}