{"id":47497,"date":"2025-11-19T09:43:04","date_gmt":"2025-11-19T12:43:04","guid":{"rendered":"http:\/\/www.rtvnoticias.com.ar\/?p=47497"},"modified":"2025-11-19T09:43:10","modified_gmt":"2025-11-19T12:43:10","slug":"la-justicia-ordeno-decomisar-todos-los-bienes-de-cristina-kirchner-y-lazaro-baez","status":"publish","type":"post","link":"http:\/\/www.rtvnoticias.com.ar\/?p=47497","title":{"rendered":"La Justicia orden\u00f3 decomisar todos los bienes de Cristina Kirchner y L\u00e1zaro B\u00e1ez"},"content":{"rendered":"\n<p>La Justicia federal dispuso un decomiso hist\u00f3rico contra Cristina Fern\u00e1ndez de Kirchner, L\u00e1zaro B\u00e1ez y otros condenados por la administraci\u00f3n fraudulenta de fondos p\u00fablicos en la obra p\u00fablica de Santa Cruz. El Tribunal Oral en lo Criminal Federal N\u00b02 orden\u00f3 incautar bienes inmuebles y sumas de dinero cuyo valor actualizado asciende a $684.990.350.139,86, una cifra r\u00e9cord en causas por corrupci\u00f3n. La medida tambi\u00e9n alcanza a M\u00e1ximo y Florencia Kirchner, como titulares de propiedades involucradas en la maniobra.<\/p>\n\n\n\n<p>La resoluci\u00f3n, firmada este 18 de noviembre, se dicta tras la firmeza de la sentencia del caso \u2014obtenida el 10 de junio de este a\u00f1o\u2014 y luego de que los condenados no cumplieran con la intimaci\u00f3n de entregar voluntariamente los bienes o cubrir el importe determinado. El monto inicial fijado en el fallo de 2022, equivalente a unos $84.800 millones, fue actualizado por peritos contables de la Corte Suprema, de la fiscal\u00eda y del tribunal.<\/p>\n\n\n\n<p><strong>Un decomiso sin precedentes<\/strong><\/p>\n\n\n\n<p>La disposici\u00f3n abarca inmuebles y activos de Austral Construcciones SA, Kank y Costilla SA, Gotti Hermanos SA y Loscalzo y Del Curto SRL, firmas centrales en la adjudicaci\u00f3n de obras p\u00fablicas durante el per\u00edodo investigado (2003-2015). Tambi\u00e9n incluye propiedades transferidas a M\u00e1ximo y Florencia Kirchner y bienes vinculados a funcionarios y empresarios condenados: Nelson Periotti, Jos\u00e9 L\u00f3pez, Mauricio Collareda, Ra\u00fal Pavesi y Ra\u00fal Daruich.<\/p>\n\n\n\n<p>En caso de que los inmuebles decomisados no alcancen a cubrir la cifra exigida, el tribunal dispuso avanzar sobre otros bienes identificados durante el proceso o los que pudieran surgir en la etapa de ejecuci\u00f3n de la sentencia.<\/p>\n\n\n\n<p><strong>Los argumentos del tribunal y la defensa<\/strong><\/p>\n\n\n\n<p>El TOF 2 sostuvo que la sentencia firme acredit\u00f3 la existencia de beneficios econ\u00f3micos \u2014directos e indirectos\u2014 para B\u00e1ez y la familia Kirchner, derivados de la asignaci\u00f3n irregular de contratos de obra p\u00fablica en Santa Cruz. Bajo ese criterio, el decomiso recae sobre \u201cinstrumentos, efectos o provecho del delito\u201d, incluso cuando los bienes se encuentren en manos de terceros, salvo adquirentes de buena fe.<\/p>\n\n\n\n<p>La Justicia cit\u00f3 normativa internacional, como la Convenci\u00f3n de las Naciones Unidas contra la Corrupci\u00f3n y la Convenci\u00f3n Interamericana contra la Corrupci\u00f3n, que obligan a los Estados a recuperar activos obtenidos a trav\u00e9s de delitos contra la administraci\u00f3n p\u00fablica. Tambi\u00e9n enfatiz\u00f3 que el decomiso puede recaer sobre bienes transformados, sustituidos o mezclados con activos l\u00edcitos si existe una vinculaci\u00f3n temporal y razonable con los hechos investigados.<\/p>\n\n\n\n<p>Las defensas de Cristina Kirchner, B\u00e1ez y los dem\u00e1s condenados rechazaron la medida, cuestionando la relaci\u00f3n entre los bienes y las maniobras delictivas, la validez de la prueba y la inclusi\u00f3n de inmuebles adquiridos antes de la funci\u00f3n p\u00fablica o sobrese\u00eddos en otras causas. Sin embargo, el tribunal consider\u00f3 que los planteos ya hab\u00edan sido resueltos en instancias anteriores.<\/p>\n\n\n\n<p><strong>Destino de los bienes y pasos a seguir<\/strong><\/p>\n\n\n\n<p>El tribunal orden\u00f3 inscribir todos los activos decomisados en la Base General de Datos de Bienes Secuestrados y Comisados y comunic\u00f3 la resoluci\u00f3n a la Corte Suprema de Justicia de la Naci\u00f3n, que deber\u00e1 definir el destino final de los inmuebles conforme al reglamento vigente.<\/p>\n\n\n\n<p>La finalidad principal del decomiso, sostuvo el fallo, es reparar el da\u00f1o causado a la administraci\u00f3n p\u00fablica y asegurar la recuperaci\u00f3n de los recursos desviados. La Fiscal\u00eda mantiene la facultad de individualizar otros bienes que puedan estar vinculados al delito a lo largo de la ejecuci\u00f3n de la sentencia.<\/p>\n\n\n\n<p>El proceso de realizaci\u00f3n de los activos se llevar\u00e1 adelante bajo las disposiciones legales y los controles correspondientes, en una causa que marca uno de los decomisos m\u00e1s grandes en la historia judicial argentina.<\/p>\n<div class=\"sharedaddy sd-sharing-enabled\"><div class=\"robots-nocontent sd-block sd-social sd-social-icon sd-sharing\"><h3 class=\"sd-title\">Comparte esto:<\/h3><div class=\"sd-content\"><ul><li class=\"share-twitter\"><a rel=\"nofollow noopener noreferrer\" data-shared=\"sharing-twitter-47497\" class=\"share-twitter sd-button share-icon no-text\" href=\"http:\/\/www.rtvnoticias.com.ar\/?p=47497&amp;share=twitter\" target=\"_blank\" title=\"Haz clic para compartir en Twitter\"><span><\/span><span class=\"sharing-screen-reader-text\">Haz clic para compartir en Twitter (Se abre en una ventana nueva)<\/span><\/a><\/li><li class=\"share-facebook\"><a rel=\"nofollow noopener noreferrer\" data-shared=\"sharing-facebook-47497\" class=\"share-facebook sd-button share-icon no-text\" href=\"http:\/\/www.rtvnoticias.com.ar\/?p=47497&amp;share=facebook\" target=\"_blank\" title=\"Haz clic para compartir en Facebook\"><span><\/span><span class=\"sharing-screen-reader-text\">Haz clic para compartir en Facebook (Se abre en una ventana nueva)<\/span><\/a><\/li><li class=\"share-jetpack-whatsapp\"><a rel=\"nofollow noopener noreferrer\" data-shared=\"\" class=\"share-jetpack-whatsapp sd-button share-icon no-text\" href=\"http:\/\/www.rtvnoticias.com.ar\/?p=47497&amp;share=jetpack-whatsapp\" target=\"_blank\" title=\"Haz clic para compartir en WhatsApp\"><span><\/span><span class=\"sharing-screen-reader-text\">Haz clic para compartir en WhatsApp (Se abre en una ventana nueva)<\/span><\/a><\/li><li class=\"share-telegram\"><a rel=\"nofollow noopener noreferrer\" data-shared=\"\" class=\"share-telegram sd-button share-icon no-text\" href=\"http:\/\/www.rtvnoticias.com.ar\/?p=47497&amp;share=telegram\" target=\"_blank\" title=\"Haz clic para compartir en Telegram\"><span><\/span><span class=\"sharing-screen-reader-text\">Haz clic para compartir en Telegram (Se abre en una ventana nueva)<\/span><\/a><\/li><li class=\"share-end\"><\/li><\/ul><\/div><\/div><\/div>","protected":false},"excerpt":{"rendered":"<p>La Justicia federal dispuso un decomiso hist\u00f3rico contra Cristina Fern\u00e1ndez de Kirchner, L\u00e1zaro B\u00e1ez y otros condenados por la administraci\u00f3n fraudulenta de fondos p\u00fablicos en<\/p>\n<div class=\"sharedaddy sd-sharing-enabled\"><div class=\"robots-nocontent sd-block sd-social sd-social-icon sd-sharing\"><h3 class=\"sd-title\">Comparte esto:<\/h3><div class=\"sd-content\"><ul><li class=\"share-twitter\"><a rel=\"nofollow noopener noreferrer\" data-shared=\"sharing-twitter-47497\" class=\"share-twitter sd-button share-icon no-text\" href=\"http:\/\/www.rtvnoticias.com.ar\/?p=47497&amp;share=twitter\" target=\"_blank\" title=\"Haz clic para compartir en Twitter\"><span><\/span><span class=\"sharing-screen-reader-text\">Haz clic para compartir en Twitter (Se abre en una ventana nueva)<\/span><\/a><\/li><li class=\"share-facebook\"><a rel=\"nofollow noopener noreferrer\" data-shared=\"sharing-facebook-47497\" class=\"share-facebook sd-button share-icon no-text\" href=\"http:\/\/www.rtvnoticias.com.ar\/?p=47497&amp;share=facebook\" target=\"_blank\" title=\"Haz clic para compartir en Facebook\"><span><\/span><span class=\"sharing-screen-reader-text\">Haz clic para compartir en Facebook (Se abre en una ventana nueva)<\/span><\/a><\/li><li class=\"share-jetpack-whatsapp\"><a rel=\"nofollow noopener noreferrer\" data-shared=\"\" class=\"share-jetpack-whatsapp sd-button share-icon no-text\" href=\"http:\/\/www.rtvnoticias.com.ar\/?p=47497&amp;share=jetpack-whatsapp\" target=\"_blank\" title=\"Haz clic para compartir en WhatsApp\"><span><\/span><span class=\"sharing-screen-reader-text\">Haz clic para compartir en WhatsApp (Se abre en una ventana nueva)<\/span><\/a><\/li><li class=\"share-telegram\"><a rel=\"nofollow noopener noreferrer\" data-shared=\"\" class=\"share-telegram sd-button share-icon no-text\" href=\"http:\/\/www.rtvnoticias.com.ar\/?p=47497&amp;share=telegram\" target=\"_blank\" title=\"Haz clic para compartir en Telegram\"><span><\/span><span class=\"sharing-screen-reader-text\">Haz clic para compartir en Telegram (Se abre en una ventana nueva)<\/span><\/a><\/li><li class=\"share-end\"><\/li><\/ul><\/div><\/div><\/div>","protected":false},"author":5,"featured_media":43244,"comment_status":"closed","ping_status":"closed","sticky":false,"template":"","format":"standard","meta":{"spay_email":"","jetpack_publicize_message":"","jetpack_is_tweetstorm":false,"jetpack_publicize_feature_enabled":true},"categories":[5],"tags":[5664],"jetpack_featured_media_url":"http:\/\/www.rtvnoticias.com.ar\/wp-content\/uploads\/2024\/12\/cristinaK-2.jpg","jetpack_publicize_connections":[],"jetpack_sharing_enabled":true,"_links":{"self":[{"href":"http:\/\/www.rtvnoticias.com.ar\/index.php?rest_route=\/wp\/v2\/posts\/47497"}],"collection":[{"href":"http:\/\/www.rtvnoticias.com.ar\/index.php?rest_route=\/wp\/v2\/posts"}],"about":[{"href":"http:\/\/www.rtvnoticias.com.ar\/index.php?rest_route=\/wp\/v2\/types\/post"}],"author":[{"embeddable":true,"href":"http:\/\/www.rtvnoticias.com.ar\/index.php?rest_route=\/wp\/v2\/users\/5"}],"replies":[{"embeddable":true,"href":"http:\/\/www.rtvnoticias.com.ar\/index.php?rest_route=%2Fwp%2Fv2%2Fcomments&post=47497"}],"version-history":[{"count":1,"href":"http:\/\/www.rtvnoticias.com.ar\/index.php?rest_route=\/wp\/v2\/posts\/47497\/revisions"}],"predecessor-version":[{"id":47498,"href":"http:\/\/www.rtvnoticias.com.ar\/index.php?rest_route=\/wp\/v2\/posts\/47497\/revisions\/47498"}],"wp:featuredmedia":[{"embeddable":true,"href":"http:\/\/www.rtvnoticias.com.ar\/index.php?rest_route=\/wp\/v2\/media\/43244"}],"wp:attachment":[{"href":"http:\/\/www.rtvnoticias.com.ar\/index.php?rest_route=%2Fwp%2Fv2%2Fmedia&parent=47497"}],"wp:term":[{"taxonomy":"category","embeddable":true,"href":"http:\/\/www.rtvnoticias.com.ar\/index.php?rest_route=%2Fwp%2Fv2%2Fcategories&post=47497"},{"taxonomy":"post_tag","embeddable":true,"href":"http:\/\/www.rtvnoticias.com.ar\/index.php?rest_route=%2Fwp%2Fv2%2Ftags&post=47497"}],"curies":[{"name":"wp","href":"https:\/\/api.w.org\/{rel}","templated":true}]}}