{"id":47499,"date":"2025-11-19T09:55:59","date_gmt":"2025-11-19T12:55:59","guid":{"rendered":"http:\/\/www.rtvnoticias.com.ar\/?p=47499"},"modified":"2025-11-19T09:56:05","modified_gmt":"2025-11-19T12:56:05","slug":"el-gobierno-adjudico-la-construccion-del-parque-solar-fotovoltaico-de-general-pico","status":"publish","type":"post","link":"http:\/\/www.rtvnoticias.com.ar\/?p=47499","title":{"rendered":"El Gobierno adjudic\u00f3 la construcci\u00f3n del Parque Solar Fotovoltaico de General Pico"},"content":{"rendered":"\n<p>El Gobierno de La Pampa adjudic\u00f3 la construcci\u00f3n del Parque Solar Fotovoltaico de 15 megavatios en General Pico a la Uni\u00f3n Transitoria de Empresas integrada por Cimepro S.A., Mart\u00ednez \u2013 De la Fuente S.A. y Megatrans S.A., que result\u00f3 seleccionada entre tres ofertas presentadas. En los pr\u00f3ximos d\u00edas se firmar\u00e1 el contrato, confirmaron fuentes oficiales.<\/p>\n\n\n\n<p>La obra forma parte del Plan Estrat\u00e9gico de Energ\u00eda y del esquema de asociaci\u00f3n p\u00fablico-privada previsto por la Ley Provincial 3285, que impulsa la soberan\u00eda energ\u00e9tica y la participaci\u00f3n estatal en proyectos de desarrollo. Pampetrol tendr\u00e1 una participaci\u00f3n del 20% en la UTE adjudicataria, mientras que el grupo empresarial asumir\u00e1 el 80% restante del financiamiento, adem\u00e1s de la provisi\u00f3n de equipos, la construcci\u00f3n, el montaje, la conexi\u00f3n y el mantenimiento inicial del parque durante su primer a\u00f1o operativo.<\/p>\n\n\n\n<p>El proyecto abastecer\u00e1 de energ\u00eda al Polo de Desarrollo Energ\u00e9tico y Productivo, al Parque de Actividades Econ\u00f3micas y a la Estaci\u00f3n Transformadora de General Pico. Se estima que la potencia inicial permitir\u00e1 abastecer a m\u00e1s de 9.000 hogares con energ\u00eda limpia durante los pr\u00f3ximos 20 a\u00f1os, per\u00edodo en el que la producci\u00f3n ser\u00e1 vendida a la Administraci\u00f3n Provincial de Energ\u00eda (APE).<\/p>\n\n\n\n<p>La licitaci\u00f3n no se realiz\u00f3 bajo el modelo de obra p\u00fablica tradicional, sino mediante un esquema mixto que comparte riesgos y beneficios entre el Estado y el sector privado. El pliego incluy\u00f3 como requisitos evaluar el costo de la obra, el precio de la energ\u00eda, la modalidad de venta durante la vigencia del contrato y la participaci\u00f3n accionaria de Pampetrol. Adem\u00e1s, estableci\u00f3 que al menos el 70% de la mano de obra deber\u00e1 ser pampeana, por lo que se espera que el proyecto impulse el empleo local.<\/p>\n\n\n\n<p>En segundo lugar qued\u00f3 la UTE integrada por Vial A S.A. y TPS Constructora S.A. -esta \u00faltima con capital pampeano-, y tercera la empresa Austro S.A. Aunque el Gobierno vendi\u00f3 nueve pliegos, solo tres firmas se presentaron finalmente con propuestas.<\/p>\n\n\n\n<p>El predio destinado al parque, de 100 hect\u00e1reas, fue cedido por el Gobierno provincial. All\u00ed se desarrollar\u00e1 la primera etapa de 15 MW, que en una fase posterior podr\u00e1 ampliarse hasta 50 MW, con capacidad para abastecer a m\u00e1s de 30.000 hogares.<\/p>\n\n\n\n<p>Esta obra profundiza el camino iniciado con el Parque Solar de Victorica, ya en funcionamiento, y se integra a la estrategia provincial para diversificar la matriz energ\u00e9tica, generar inversiones y dotar de mayor estabilidad y previsibilidad al sistema el\u00e9ctrico pampeano.<\/p>\n<div class=\"sharedaddy sd-sharing-enabled\"><div class=\"robots-nocontent sd-block sd-social sd-social-icon sd-sharing\"><h3 class=\"sd-title\">Comparte esto:<\/h3><div class=\"sd-content\"><ul><li class=\"share-twitter\"><a rel=\"nofollow noopener noreferrer\" data-shared=\"sharing-twitter-47499\" class=\"share-twitter sd-button share-icon no-text\" href=\"http:\/\/www.rtvnoticias.com.ar\/?p=47499&amp;share=twitter\" target=\"_blank\" title=\"Haz clic para compartir en Twitter\"><span><\/span><span class=\"sharing-screen-reader-text\">Haz clic para compartir en Twitter (Se abre en una ventana nueva)<\/span><\/a><\/li><li class=\"share-facebook\"><a rel=\"nofollow noopener noreferrer\" data-shared=\"sharing-facebook-47499\" class=\"share-facebook sd-button share-icon no-text\" href=\"http:\/\/www.rtvnoticias.com.ar\/?p=47499&amp;share=facebook\" target=\"_blank\" title=\"Haz clic para compartir en Facebook\"><span><\/span><span class=\"sharing-screen-reader-text\">Haz clic para compartir en Facebook (Se abre en una ventana nueva)<\/span><\/a><\/li><li class=\"share-jetpack-whatsapp\"><a rel=\"nofollow noopener noreferrer\" data-shared=\"\" class=\"share-jetpack-whatsapp sd-button share-icon no-text\" href=\"http:\/\/www.rtvnoticias.com.ar\/?p=47499&amp;share=jetpack-whatsapp\" target=\"_blank\" title=\"Haz clic para compartir en WhatsApp\"><span><\/span><span class=\"sharing-screen-reader-text\">Haz clic para compartir en WhatsApp (Se abre en una ventana nueva)<\/span><\/a><\/li><li class=\"share-telegram\"><a rel=\"nofollow noopener noreferrer\" data-shared=\"\" class=\"share-telegram sd-button share-icon no-text\" href=\"http:\/\/www.rtvnoticias.com.ar\/?p=47499&amp;share=telegram\" target=\"_blank\" title=\"Haz clic para compartir en Telegram\"><span><\/span><span class=\"sharing-screen-reader-text\">Haz clic para compartir en Telegram (Se abre en una ventana nueva)<\/span><\/a><\/li><li class=\"share-end\"><\/li><\/ul><\/div><\/div><\/div>","protected":false},"excerpt":{"rendered":"<p>El Gobierno de La Pampa adjudic\u00f3 la construcci\u00f3n del Parque Solar Fotovoltaico de 15 megavatios en General Pico a la Uni\u00f3n Transitoria de Empresas integrada<\/p>\n<div class=\"sharedaddy sd-sharing-enabled\"><div class=\"robots-nocontent sd-block sd-social sd-social-icon sd-sharing\"><h3 class=\"sd-title\">Comparte esto:<\/h3><div class=\"sd-content\"><ul><li class=\"share-twitter\"><a rel=\"nofollow noopener noreferrer\" data-shared=\"sharing-twitter-47499\" class=\"share-twitter sd-button share-icon no-text\" href=\"http:\/\/www.rtvnoticias.com.ar\/?p=47499&amp;share=twitter\" target=\"_blank\" title=\"Haz clic para compartir en Twitter\"><span><\/span><span class=\"sharing-screen-reader-text\">Haz clic para compartir en Twitter (Se abre en una ventana nueva)<\/span><\/a><\/li><li class=\"share-facebook\"><a rel=\"nofollow noopener noreferrer\" data-shared=\"sharing-facebook-47499\" class=\"share-facebook sd-button share-icon no-text\" href=\"http:\/\/www.rtvnoticias.com.ar\/?p=47499&amp;share=facebook\" target=\"_blank\" title=\"Haz clic para compartir en Facebook\"><span><\/span><span class=\"sharing-screen-reader-text\">Haz clic para compartir en Facebook (Se abre en una ventana nueva)<\/span><\/a><\/li><li class=\"share-jetpack-whatsapp\"><a rel=\"nofollow noopener noreferrer\" data-shared=\"\" class=\"share-jetpack-whatsapp sd-button share-icon no-text\" href=\"http:\/\/www.rtvnoticias.com.ar\/?p=47499&amp;share=jetpack-whatsapp\" target=\"_blank\" title=\"Haz clic para compartir en WhatsApp\"><span><\/span><span class=\"sharing-screen-reader-text\">Haz clic para compartir en WhatsApp (Se abre en una ventana nueva)<\/span><\/a><\/li><li class=\"share-telegram\"><a rel=\"nofollow noopener noreferrer\" data-shared=\"\" class=\"share-telegram sd-button share-icon no-text\" href=\"http:\/\/www.rtvnoticias.com.ar\/?p=47499&amp;share=telegram\" target=\"_blank\" title=\"Haz clic para compartir en Telegram\"><span><\/span><span class=\"sharing-screen-reader-text\">Haz clic para compartir en Telegram (Se abre en una ventana nueva)<\/span><\/a><\/li><li class=\"share-end\"><\/li><\/ul><\/div><\/div><\/div>","protected":false},"author":5,"featured_media":47500,"comment_status":"closed","ping_status":"closed","sticky":false,"template":"","format":"standard","meta":{"spay_email":"","jetpack_publicize_message":"","jetpack_is_tweetstorm":false,"jetpack_publicize_feature_enabled":true},"categories":[4],"tags":[5665],"jetpack_featured_media_url":"http:\/\/www.rtvnoticias.com.ar\/wp-content\/uploads\/2025\/11\/parques-solares-fotovoltaicos.jpg","jetpack_publicize_connections":[],"jetpack_sharing_enabled":true,"_links":{"self":[{"href":"http:\/\/www.rtvnoticias.com.ar\/index.php?rest_route=\/wp\/v2\/posts\/47499"}],"collection":[{"href":"http:\/\/www.rtvnoticias.com.ar\/index.php?rest_route=\/wp\/v2\/posts"}],"about":[{"href":"http:\/\/www.rtvnoticias.com.ar\/index.php?rest_route=\/wp\/v2\/types\/post"}],"author":[{"embeddable":true,"href":"http:\/\/www.rtvnoticias.com.ar\/index.php?rest_route=\/wp\/v2\/users\/5"}],"replies":[{"embeddable":true,"href":"http:\/\/www.rtvnoticias.com.ar\/index.php?rest_route=%2Fwp%2Fv2%2Fcomments&post=47499"}],"version-history":[{"count":1,"href":"http:\/\/www.rtvnoticias.com.ar\/index.php?rest_route=\/wp\/v2\/posts\/47499\/revisions"}],"predecessor-version":[{"id":47501,"href":"http:\/\/www.rtvnoticias.com.ar\/index.php?rest_route=\/wp\/v2\/posts\/47499\/revisions\/47501"}],"wp:featuredmedia":[{"embeddable":true,"href":"http:\/\/www.rtvnoticias.com.ar\/index.php?rest_route=\/wp\/v2\/media\/47500"}],"wp:attachment":[{"href":"http:\/\/www.rtvnoticias.com.ar\/index.php?rest_route=%2Fwp%2Fv2%2Fmedia&parent=47499"}],"wp:term":[{"taxonomy":"category","embeddable":true,"href":"http:\/\/www.rtvnoticias.com.ar\/index.php?rest_route=%2Fwp%2Fv2%2Fcategories&post=47499"},{"taxonomy":"post_tag","embeddable":true,"href":"http:\/\/www.rtvnoticias.com.ar\/index.php?rest_route=%2Fwp%2Fv2%2Ftags&post=47499"}],"curies":[{"name":"wp","href":"https:\/\/api.w.org\/{rel}","templated":true}]}}