{"id":47509,"date":"2025-11-20T12:44:34","date_gmt":"2025-11-20T15:44:34","guid":{"rendered":"http:\/\/www.rtvnoticias.com.ar\/?p=47509"},"modified":"2025-11-20T12:44:38","modified_gmt":"2025-11-20T15:44:38","slug":"reconocimiento-a-trabajadores-en-la-justicia-de-general-pico","status":"publish","type":"post","link":"http:\/\/www.rtvnoticias.com.ar\/?p=47509","title":{"rendered":"Reconocimiento a trabajadores en la justicia de General Pico"},"content":{"rendered":"\n<p>Doce magistrados\/as, funcionarios\/as y empleados\/as de la Segunda Circunscripci\u00f3n Judicial fueron reconocidos por el Superior Tribunal de Justicia con medallas, relojes y plaquetas por sus 25, 30 y 40 a\u00f1os de servicio en el Poder Judicial, respectivamente.<\/p>\n\n\n\n<p>La ceremonia se realiz\u00f3 en el multiespacio M\u00e9dano con la presencia del presidente del STJ, Eduardo Fern\u00e1ndez Mend\u00eda, y los ministros Fabricio Luis Losi \u2013distinguido por sus tres d\u00e9cadas en la Justicia\u2013 y Hugo Oscar D\u00edaz. Adem\u00e1s asistieron la directora general de Administraci\u00f3n, Gabriela Viglianco; el subdirector, Cristian Beanate; el vicepresidente del Colegio de Abogados y Procuradores, Carlos Pedro Febre; el vicepresidente de la Asociaci\u00f3n de Defensores y Defensoras P\u00fablicas, Walter Vaccaro; e Indiana Vergara, en representaci\u00f3n del Ministerio de Seguridad y Justicia.<\/p>\n\n\n\n<p>La Segunda Circunscripci\u00f3n Judicial abarca a todo el norte provincial, sumando los departamentos de Quem\u00fa Quem\u00fa, Marac\u00f3, Chapaleuf\u00fa, Trenel, Realic\u00f3 y Rancul. Fern\u00e1ndez Mend\u00eda destac\u00f3 la tarea cotidiana del personal judicial y agradeci\u00f3 a todos\/as por lo que le brindaron a la Justicia pampeana en todo ese tiempo.<\/p>\n\n\n\n<p>Por sus 40 a\u00f1os en el Poder Judicial, la defensora civil Manuela Rosales recibi\u00f3 una plaqueta de manos de Losi.<\/p>\n\n\n\n<p>Por los 30 a\u00f1os, adem\u00e1s de Losi \u2013cuyo reloj le fue entregado por Fern\u00e1ndez Mend\u00eda\u2013, se reconoci\u00f3 a Diana Beatriz Arriaga (Unidad Atenci\u00f3n Primaria, jubilada), Alberto Oscar Blanco (fiscal adjunto), Diana Delma Fern\u00e1ndez (Oficina de Servicios Generales), Mar\u00eda Esther Ferrero (Oficina Judicial), Ver\u00f3nica Silvana Gonzalo (Oficina de Gesti\u00f3n Com\u00fan Laboral), Javier Graciano Mas\u00f3 (Oficina Forense, jubilado), Graciela Noem\u00ed Mosmann (Ministerio P\u00fablico Fiscal, jubilada), Leonardo Murias (Ministerio P\u00fablico Fiscal), Iris Rut Quiroga (Oficina de Servicios Generales, jubilada) y Rodolfo Fabi\u00e1n Rodr\u00edguez (juez de la C\u00e1mara de Apelaciones en lo Civil, Comercial, Laboral y de Miner\u00eda).<\/p>\n\n\n\n<p>Por \u00faltimo, el STJ le entreg\u00f3 una medalla a Ra\u00fal Alberto Alonso (jefe de la Oficina de Servicios Generales) por la prestaci\u00f3n de 25 a\u00f1os de servicio.&nbsp;&nbsp;&nbsp;&nbsp;&nbsp;&nbsp;<\/p>\n\n\n\n<p>Los \u00fanicos que no pudieron concurrir fueron el juez de la C\u00e1mara de Apelaciones en lo Civil, Comercial, Laboral y de Miner\u00eda, Alejandro Ra\u00fal P\u00e9rez Ballester, actualmente jubilado; Mar\u00eda Rita Acosta, de la Oficina Judicial; Alejandra Hisaguirre, de la C\u00e1mara de Apelaciones en lo Civil, Comercial, Laboral y de Miner\u00eda; y Rafael Alejandro Mas\u00f3 Mendiburu (fiscal, jubilado). Al primero se le obsequiar\u00e1 oportunamente la plaqueta por sus 40 a\u00f1os, a las segundas los relojes por los 30 y al restante su medalla por los 25.<\/p>\n<div class=\"sharedaddy sd-sharing-enabled\"><div class=\"robots-nocontent sd-block sd-social sd-social-icon sd-sharing\"><h3 class=\"sd-title\">Comparte esto:<\/h3><div class=\"sd-content\"><ul><li class=\"share-twitter\"><a rel=\"nofollow noopener noreferrer\" data-shared=\"sharing-twitter-47509\" class=\"share-twitter sd-button share-icon no-text\" href=\"http:\/\/www.rtvnoticias.com.ar\/?p=47509&amp;share=twitter\" target=\"_blank\" title=\"Haz clic para compartir en Twitter\"><span><\/span><span class=\"sharing-screen-reader-text\">Haz clic para compartir en Twitter (Se abre en una ventana nueva)<\/span><\/a><\/li><li class=\"share-facebook\"><a rel=\"nofollow noopener noreferrer\" data-shared=\"sharing-facebook-47509\" class=\"share-facebook sd-button share-icon no-text\" href=\"http:\/\/www.rtvnoticias.com.ar\/?p=47509&amp;share=facebook\" target=\"_blank\" title=\"Haz clic para compartir en Facebook\"><span><\/span><span class=\"sharing-screen-reader-text\">Haz clic para compartir en Facebook (Se abre en una ventana nueva)<\/span><\/a><\/li><li class=\"share-jetpack-whatsapp\"><a rel=\"nofollow noopener noreferrer\" data-shared=\"\" class=\"share-jetpack-whatsapp sd-button share-icon no-text\" href=\"http:\/\/www.rtvnoticias.com.ar\/?p=47509&amp;share=jetpack-whatsapp\" target=\"_blank\" title=\"Haz clic para compartir en WhatsApp\"><span><\/span><span class=\"sharing-screen-reader-text\">Haz clic para compartir en WhatsApp (Se abre en una ventana nueva)<\/span><\/a><\/li><li class=\"share-telegram\"><a rel=\"nofollow noopener noreferrer\" data-shared=\"\" class=\"share-telegram sd-button share-icon no-text\" href=\"http:\/\/www.rtvnoticias.com.ar\/?p=47509&amp;share=telegram\" target=\"_blank\" title=\"Haz clic para compartir en Telegram\"><span><\/span><span class=\"sharing-screen-reader-text\">Haz clic para compartir en Telegram (Se abre en una ventana nueva)<\/span><\/a><\/li><li class=\"share-end\"><\/li><\/ul><\/div><\/div><\/div>","protected":false},"excerpt":{"rendered":"<p>Doce magistrados\/as, funcionarios\/as y empleados\/as de la Segunda Circunscripci\u00f3n Judicial fueron reconocidos por el Superior Tribunal de Justicia con medallas, relojes y plaquetas por sus<\/p>\n<div class=\"sharedaddy sd-sharing-enabled\"><div class=\"robots-nocontent sd-block sd-social sd-social-icon sd-sharing\"><h3 class=\"sd-title\">Comparte esto:<\/h3><div class=\"sd-content\"><ul><li class=\"share-twitter\"><a rel=\"nofollow noopener noreferrer\" data-shared=\"sharing-twitter-47509\" class=\"share-twitter sd-button share-icon no-text\" href=\"http:\/\/www.rtvnoticias.com.ar\/?p=47509&amp;share=twitter\" target=\"_blank\" title=\"Haz clic para compartir en Twitter\"><span><\/span><span class=\"sharing-screen-reader-text\">Haz clic para compartir en Twitter (Se abre en una ventana nueva)<\/span><\/a><\/li><li class=\"share-facebook\"><a rel=\"nofollow noopener noreferrer\" data-shared=\"sharing-facebook-47509\" class=\"share-facebook sd-button share-icon no-text\" href=\"http:\/\/www.rtvnoticias.com.ar\/?p=47509&amp;share=facebook\" target=\"_blank\" title=\"Haz clic para compartir en Facebook\"><span><\/span><span class=\"sharing-screen-reader-text\">Haz clic para compartir en Facebook (Se abre en una ventana nueva)<\/span><\/a><\/li><li class=\"share-jetpack-whatsapp\"><a rel=\"nofollow noopener noreferrer\" data-shared=\"\" class=\"share-jetpack-whatsapp sd-button share-icon no-text\" href=\"http:\/\/www.rtvnoticias.com.ar\/?p=47509&amp;share=jetpack-whatsapp\" target=\"_blank\" title=\"Haz clic para compartir en WhatsApp\"><span><\/span><span class=\"sharing-screen-reader-text\">Haz clic para compartir en WhatsApp (Se abre en una ventana nueva)<\/span><\/a><\/li><li class=\"share-telegram\"><a rel=\"nofollow noopener noreferrer\" data-shared=\"\" class=\"share-telegram sd-button share-icon no-text\" href=\"http:\/\/www.rtvnoticias.com.ar\/?p=47509&amp;share=telegram\" target=\"_blank\" title=\"Haz clic para compartir en Telegram\"><span><\/span><span class=\"sharing-screen-reader-text\">Haz clic para compartir en Telegram (Se abre en una ventana nueva)<\/span><\/a><\/li><li class=\"share-end\"><\/li><\/ul><\/div><\/div><\/div>","protected":false},"author":5,"featured_media":47510,"comment_status":"closed","ping_status":"closed","sticky":false,"template":"","format":"standard","meta":{"spay_email":"","jetpack_publicize_message":"","jetpack_is_tweetstorm":false,"jetpack_publicize_feature_enabled":true},"categories":[3],"tags":[5667],"jetpack_featured_media_url":"http:\/\/www.rtvnoticias.com.ar\/wp-content\/uploads\/2025\/11\/Reconocimientos-Pico25.jpg","jetpack_publicize_connections":[],"jetpack_sharing_enabled":true,"_links":{"self":[{"href":"http:\/\/www.rtvnoticias.com.ar\/index.php?rest_route=\/wp\/v2\/posts\/47509"}],"collection":[{"href":"http:\/\/www.rtvnoticias.com.ar\/index.php?rest_route=\/wp\/v2\/posts"}],"about":[{"href":"http:\/\/www.rtvnoticias.com.ar\/index.php?rest_route=\/wp\/v2\/types\/post"}],"author":[{"embeddable":true,"href":"http:\/\/www.rtvnoticias.com.ar\/index.php?rest_route=\/wp\/v2\/users\/5"}],"replies":[{"embeddable":true,"href":"http:\/\/www.rtvnoticias.com.ar\/index.php?rest_route=%2Fwp%2Fv2%2Fcomments&post=47509"}],"version-history":[{"count":1,"href":"http:\/\/www.rtvnoticias.com.ar\/index.php?rest_route=\/wp\/v2\/posts\/47509\/revisions"}],"predecessor-version":[{"id":47511,"href":"http:\/\/www.rtvnoticias.com.ar\/index.php?rest_route=\/wp\/v2\/posts\/47509\/revisions\/47511"}],"wp:featuredmedia":[{"embeddable":true,"href":"http:\/\/www.rtvnoticias.com.ar\/index.php?rest_route=\/wp\/v2\/media\/47510"}],"wp:attachment":[{"href":"http:\/\/www.rtvnoticias.com.ar\/index.php?rest_route=%2Fwp%2Fv2%2Fmedia&parent=47509"}],"wp:term":[{"taxonomy":"category","embeddable":true,"href":"http:\/\/www.rtvnoticias.com.ar\/index.php?rest_route=%2Fwp%2Fv2%2Fcategories&post=47509"},{"taxonomy":"post_tag","embeddable":true,"href":"http:\/\/www.rtvnoticias.com.ar\/index.php?rest_route=%2Fwp%2Fv2%2Ftags&post=47509"}],"curies":[{"name":"wp","href":"https:\/\/api.w.org\/{rel}","templated":true}]}}