{"id":47515,"date":"2025-11-21T08:30:00","date_gmt":"2025-11-21T11:30:00","guid":{"rendered":"http:\/\/www.rtvnoticias.com.ar\/?p=47515"},"modified":"2025-11-21T10:39:59","modified_gmt":"2025-11-21T13:39:59","slug":"un-hombre-fue-baleado-en-general-pico-el-atacante-esta-identificado-pero-continua-profugo","status":"publish","type":"post","link":"http:\/\/www.rtvnoticias.com.ar\/?p=47515","title":{"rendered":"Un hombre fue baleado en General Pico: el atacante est\u00e1 identificado pero contin\u00faa pr\u00f3fugo"},"content":{"rendered":"\n<p>En la madrugada de este jueves por un violento episodio que termin\u00f3 con un hombre herido de un disparo. Mientras la v\u00edctima contin\u00faa recuper\u00e1ndose, la Justicia confirm\u00f3 que el agresor ya est\u00e1 identificado, aunque permanece pr\u00f3fugo.<\/p>\n\n\n\n<p>El fiscal Guillermo Komarofky, a cargo de la investigaci\u00f3n, ofreci\u00f3 detalles sobre el avance del caso y despej\u00f3 algunas dudas que surgieron durante las primeras horas. En primer lugar, aclar\u00f3 que el ataque no ocurri\u00f3 en el lugar donde la v\u00edctima fue encontrada, sino en una zona distinta de la ciudad.<\/p>\n\n\n\n<h3 class=\"wp-block-heading\"><strong>La v\u00edctima est\u00e1 fuera de peligro<\/strong><\/h3>\n\n\n\n<p>Komarofky transmiti\u00f3 tranquilidad al confirmar que el hombre herido evoluciona favorablemente. \u201cPresent\u00f3 una lesi\u00f3n en el pie producto del disparo\u201d, explic\u00f3 el fiscal, quien se\u00f1al\u00f3 que el cuadro no reviste gravedad y que el paciente est\u00e1 estable tras recibir atenci\u00f3n m\u00e9dica en el Hospital Gobernador Centeno.<\/p>\n\n\n\n<h3 class=\"wp-block-heading\"><strong>El agresor est\u00e1 identificado, pero no aparece<\/strong><\/h3>\n\n\n\n<p>La prioridad ahora es ubicar al responsable del disparo. Seg\u00fan detall\u00f3 el fiscal, el atacante ya fue plenamente identificado y se encuentra siendo buscado. \u201cSe lo est\u00e1 buscando. Se realizaron varias diligencias durante el d\u00eda, pero no se pudo dar con \u00e9l\u201d, indic\u00f3.<\/p>\n\n\n\n<p>Los operativos desplegados no lograron resultados inmediatos, aunque la investigaci\u00f3n contin\u00faa activa con personal policial trabajando bajo directivas del Ministerio P\u00fablico Fiscal.<\/p>\n\n\n\n<h3 class=\"wp-block-heading\"><strong>Cambio de jurisdicci\u00f3n: el ataque ocurri\u00f3 en el barrio Carlos Berg<\/strong><\/h3>\n\n\n\n<p>Uno de los puntos clave del caso fue definir d\u00f3nde se produjo el ataque. Aunque el herido fue hallado en las calles 25 y 34, la reconstrucci\u00f3n del hecho revel\u00f3 que el disparo se efectu\u00f3 en el barrio Carlos Berg.<\/p>\n\n\n\n<p>Este dato modific\u00f3 el rumbo del expediente: inicialmente intervino la Comisar\u00eda Segunda por la ubicaci\u00f3n del hallazgo, pero al conocerse el verdadero escenario del ataque, la causa pas\u00f3 a manos de la Comisar\u00eda Primera, que ahora concentra el grueso de la investigaci\u00f3n.<\/p>\n\n\n\n<h3 class=\"wp-block-heading\"><strong>El episodio<\/strong><\/h3>\n\n\n\n<p>El hecho se registr\u00f3 cerca de las 00:30. Tanto personal policial como los servicios de emergencia acudieron a la esquina de 25 y 34 tras un llamado que alertaba sobre una persona herida en la v\u00eda p\u00fablica. Al llegar, encontraron al hombre con una lesi\u00f3n visible en una de sus extremidades inferiores y procedieron a su traslado inmediato al hospital.<br>La Fiscal\u00eda contin\u00faa recabando testimonios y realizando operativos para detener al agresor.<\/p>\n<div class=\"sharedaddy sd-sharing-enabled\"><div class=\"robots-nocontent sd-block sd-social sd-social-icon sd-sharing\"><h3 class=\"sd-title\">Comparte esto:<\/h3><div class=\"sd-content\"><ul><li class=\"share-twitter\"><a rel=\"nofollow noopener noreferrer\" data-shared=\"sharing-twitter-47515\" class=\"share-twitter sd-button share-icon no-text\" href=\"http:\/\/www.rtvnoticias.com.ar\/?p=47515&amp;share=twitter\" target=\"_blank\" title=\"Haz clic para compartir en Twitter\"><span><\/span><span class=\"sharing-screen-reader-text\">Haz clic para compartir en Twitter (Se abre en una ventana nueva)<\/span><\/a><\/li><li class=\"share-facebook\"><a rel=\"nofollow noopener noreferrer\" data-shared=\"sharing-facebook-47515\" class=\"share-facebook sd-button share-icon no-text\" href=\"http:\/\/www.rtvnoticias.com.ar\/?p=47515&amp;share=facebook\" target=\"_blank\" title=\"Haz clic para compartir en Facebook\"><span><\/span><span class=\"sharing-screen-reader-text\">Haz clic para compartir en Facebook (Se abre en una ventana nueva)<\/span><\/a><\/li><li class=\"share-jetpack-whatsapp\"><a rel=\"nofollow noopener noreferrer\" data-shared=\"\" class=\"share-jetpack-whatsapp sd-button share-icon no-text\" href=\"http:\/\/www.rtvnoticias.com.ar\/?p=47515&amp;share=jetpack-whatsapp\" target=\"_blank\" title=\"Haz clic para compartir en WhatsApp\"><span><\/span><span class=\"sharing-screen-reader-text\">Haz clic para compartir en WhatsApp (Se abre en una ventana nueva)<\/span><\/a><\/li><li class=\"share-telegram\"><a rel=\"nofollow noopener noreferrer\" data-shared=\"\" class=\"share-telegram sd-button share-icon no-text\" href=\"http:\/\/www.rtvnoticias.com.ar\/?p=47515&amp;share=telegram\" target=\"_blank\" title=\"Haz clic para compartir en Telegram\"><span><\/span><span class=\"sharing-screen-reader-text\">Haz clic para compartir en Telegram (Se abre en una ventana nueva)<\/span><\/a><\/li><li class=\"share-end\"><\/li><\/ul><\/div><\/div><\/div>","protected":false},"excerpt":{"rendered":"<p>En la madrugada de este jueves por un violento episodio que termin\u00f3 con un hombre herido de un disparo. Mientras la v\u00edctima contin\u00faa recuper\u00e1ndose, la<\/p>\n<div class=\"sharedaddy sd-sharing-enabled\"><div class=\"robots-nocontent sd-block sd-social sd-social-icon sd-sharing\"><h3 class=\"sd-title\">Comparte esto:<\/h3><div class=\"sd-content\"><ul><li class=\"share-twitter\"><a rel=\"nofollow noopener noreferrer\" data-shared=\"sharing-twitter-47515\" class=\"share-twitter sd-button share-icon no-text\" href=\"http:\/\/www.rtvnoticias.com.ar\/?p=47515&amp;share=twitter\" target=\"_blank\" title=\"Haz clic para compartir en Twitter\"><span><\/span><span class=\"sharing-screen-reader-text\">Haz clic para compartir en Twitter (Se abre en una ventana nueva)<\/span><\/a><\/li><li class=\"share-facebook\"><a rel=\"nofollow noopener noreferrer\" data-shared=\"sharing-facebook-47515\" class=\"share-facebook sd-button share-icon no-text\" href=\"http:\/\/www.rtvnoticias.com.ar\/?p=47515&amp;share=facebook\" target=\"_blank\" title=\"Haz clic para compartir en Facebook\"><span><\/span><span class=\"sharing-screen-reader-text\">Haz clic para compartir en Facebook (Se abre en una ventana nueva)<\/span><\/a><\/li><li class=\"share-jetpack-whatsapp\"><a rel=\"nofollow noopener noreferrer\" data-shared=\"\" class=\"share-jetpack-whatsapp sd-button share-icon no-text\" href=\"http:\/\/www.rtvnoticias.com.ar\/?p=47515&amp;share=jetpack-whatsapp\" target=\"_blank\" title=\"Haz clic para compartir en WhatsApp\"><span><\/span><span class=\"sharing-screen-reader-text\">Haz clic para compartir en WhatsApp (Se abre en una ventana nueva)<\/span><\/a><\/li><li class=\"share-telegram\"><a rel=\"nofollow noopener noreferrer\" data-shared=\"\" class=\"share-telegram sd-button share-icon no-text\" href=\"http:\/\/www.rtvnoticias.com.ar\/?p=47515&amp;share=telegram\" target=\"_blank\" title=\"Haz clic para compartir en Telegram\"><span><\/span><span class=\"sharing-screen-reader-text\">Haz clic para compartir en Telegram (Se abre en una ventana nueva)<\/span><\/a><\/li><li class=\"share-end\"><\/li><\/ul><\/div><\/div><\/div>","protected":false},"author":7,"featured_media":47516,"comment_status":"closed","ping_status":"closed","sticky":false,"template":"","format":"standard","meta":{"spay_email":"","jetpack_publicize_message":"","jetpack_is_tweetstorm":false,"jetpack_publicize_feature_enabled":true},"categories":[3],"tags":[],"jetpack_featured_media_url":"http:\/\/www.rtvnoticias.com.ar\/wp-content\/uploads\/2025\/11\/NDE0Njk4NjM2LTc5OTExNzI1Nw.jpg","jetpack_publicize_connections":[],"jetpack_sharing_enabled":true,"_links":{"self":[{"href":"http:\/\/www.rtvnoticias.com.ar\/index.php?rest_route=\/wp\/v2\/posts\/47515"}],"collection":[{"href":"http:\/\/www.rtvnoticias.com.ar\/index.php?rest_route=\/wp\/v2\/posts"}],"about":[{"href":"http:\/\/www.rtvnoticias.com.ar\/index.php?rest_route=\/wp\/v2\/types\/post"}],"author":[{"embeddable":true,"href":"http:\/\/www.rtvnoticias.com.ar\/index.php?rest_route=\/wp\/v2\/users\/7"}],"replies":[{"embeddable":true,"href":"http:\/\/www.rtvnoticias.com.ar\/index.php?rest_route=%2Fwp%2Fv2%2Fcomments&post=47515"}],"version-history":[{"count":1,"href":"http:\/\/www.rtvnoticias.com.ar\/index.php?rest_route=\/wp\/v2\/posts\/47515\/revisions"}],"predecessor-version":[{"id":47517,"href":"http:\/\/www.rtvnoticias.com.ar\/index.php?rest_route=\/wp\/v2\/posts\/47515\/revisions\/47517"}],"wp:featuredmedia":[{"embeddable":true,"href":"http:\/\/www.rtvnoticias.com.ar\/index.php?rest_route=\/wp\/v2\/media\/47516"}],"wp:attachment":[{"href":"http:\/\/www.rtvnoticias.com.ar\/index.php?rest_route=%2Fwp%2Fv2%2Fmedia&parent=47515"}],"wp:term":[{"taxonomy":"category","embeddable":true,"href":"http:\/\/www.rtvnoticias.com.ar\/index.php?rest_route=%2Fwp%2Fv2%2Fcategories&post=47515"},{"taxonomy":"post_tag","embeddable":true,"href":"http:\/\/www.rtvnoticias.com.ar\/index.php?rest_route=%2Fwp%2Fv2%2Ftags&post=47515"}],"curies":[{"name":"wp","href":"https:\/\/api.w.org\/{rel}","templated":true}]}}