{"id":47518,"date":"2025-11-21T10:58:53","date_gmt":"2025-11-21T13:58:53","guid":{"rendered":"http:\/\/www.rtvnoticias.com.ar\/?p=47518"},"modified":"2025-11-21T10:58:58","modified_gmt":"2025-11-21T13:58:58","slug":"manuel-adorni-acelera-la-reorganizacion-interna-y-convocara-a-su-primer-encuentro-ampliado-con-ministros-en-casa-rosada","status":"publish","type":"post","link":"http:\/\/www.rtvnoticias.com.ar\/?p=47518","title":{"rendered":"Manuel Adorni acelera la reorganizaci\u00f3n interna y convocar\u00e1 a su primer encuentro ampliado con ministros en Casa Rosada"},"content":{"rendered":"\n<p>A pocos d\u00edas de asumir formalmente como jefe de Gabinete, Manuel Adorni comenz\u00f3 a delinear su estilo de trabajo dentro del Gobierno. Con una agenda marcada por reuniones individuales y un diagn\u00f3stico r\u00e1pido del funcionamiento de cada ministerio, el funcionario avanz\u00f3 en un reordenamiento interno que tendr\u00e1 su primera expresi\u00f3n colectiva el pr\u00f3ximo mi\u00e9rcoles 27 de noviembre, cuando encabece un encuentro ampliado en la Casa Rosada.<\/p>\n\n\n\n<p>Adorni dedic\u00f3 la semana a tomar contacto con los responsables de todas las \u00e1reas bajo su \u00f3rbita. El objetivo: obtener una radiograf\u00eda precisa del estado de gesti\u00f3n y medir de primera mano el nivel de coordinaci\u00f3n entre los equipos. En esa recorrida, identific\u00f3 diferencias notorias: mientras algunas carteras, como Seguridad \u2014a cargo de Patricia Bullrich\u2014, exhiben un esquema de trabajo m\u00e1s aceitado, otras requieren intervenciones urgentes.<\/p>\n\n\n\n<p>El cierre de esa ronda de mano a mano lleg\u00f3 con el ministro de Justicia, Mariano C\u00faneo Libarona, quien finalmente continuar\u00e1 en su cargo pese a las versiones que lo ubicaban fuera del Gabinete. Con ese primer mapa trazado, Adorni convocar\u00e1 ahora a todos los ministros a una reuni\u00f3n conjunta, la primera que presidir\u00e1 desde que dej\u00f3 su rol de vocero para pasar a comandar la Jefatura de Gabinete.<\/p>\n\n\n\n<p>Desde el entorno del funcionario admiten que uno de los principales problemas detectados son las \u201cfallas de comunicaci\u00f3n\u201d entre las nueve carteras. Aunque todav\u00eda resta su encuentro con la secretaria de Legal y T\u00e9cnica, Mar\u00eda Ibarzabal Murphy \u2014previsto para la pr\u00f3xima semana\u2014, en Balcarce 50 reconocen que tambi\u00e9n emergieron peque\u00f1as tensiones internas propias del ritmo acelerado de la gesti\u00f3n. \u201cEst\u00e1 tratando de destrabar temas entre ministerios y de darle seguimiento a la agenda parlamentaria\u201d, explic\u00f3 a esta agencia un alto integrante del Ejecutivo.<\/p>\n\n\n\n<p>Con fuerte sinton\u00eda con Karina Milei, con quien mantiene coordinaci\u00f3n permanente, Adorni busca imprimirle un sello propio a la Jefatura de Gabinete. Su llegada se produjo tras la salida de Guillermo Francos, un dirigente valorado por su mu\u00f1eca pol\u00edtica pero cuestionado por su escasa intervenci\u00f3n en el v\u00ednculo cotidiano entre \u00e1reas.<\/p>\n\n\n\n<p>La intenci\u00f3n del flamante jefe de Gabinete es mantener estas reuniones cada diez d\u00edas, en paralelo a las que convoca el presidente Javier Milei. Mientras termina de dise\u00f1ar la estructura definitiva de su \u00e1rea, proyecta avanzar hacia una planificaci\u00f3n integral que permita ordenar prioridades y trazar una hoja de ruta com\u00fan para los dos a\u00f1os restantes de gesti\u00f3n.<\/p>\n<div class=\"sharedaddy sd-sharing-enabled\"><div class=\"robots-nocontent sd-block sd-social sd-social-icon sd-sharing\"><h3 class=\"sd-title\">Comparte esto:<\/h3><div class=\"sd-content\"><ul><li class=\"share-twitter\"><a rel=\"nofollow noopener noreferrer\" data-shared=\"sharing-twitter-47518\" class=\"share-twitter sd-button share-icon no-text\" href=\"http:\/\/www.rtvnoticias.com.ar\/?p=47518&amp;share=twitter\" target=\"_blank\" title=\"Haz clic para compartir en Twitter\"><span><\/span><span class=\"sharing-screen-reader-text\">Haz clic para compartir en Twitter (Se abre en una ventana nueva)<\/span><\/a><\/li><li class=\"share-facebook\"><a rel=\"nofollow noopener noreferrer\" data-shared=\"sharing-facebook-47518\" class=\"share-facebook sd-button share-icon no-text\" href=\"http:\/\/www.rtvnoticias.com.ar\/?p=47518&amp;share=facebook\" target=\"_blank\" title=\"Haz clic para compartir en Facebook\"><span><\/span><span class=\"sharing-screen-reader-text\">Haz clic para compartir en Facebook (Se abre en una ventana nueva)<\/span><\/a><\/li><li class=\"share-jetpack-whatsapp\"><a rel=\"nofollow noopener noreferrer\" data-shared=\"\" class=\"share-jetpack-whatsapp sd-button share-icon no-text\" href=\"http:\/\/www.rtvnoticias.com.ar\/?p=47518&amp;share=jetpack-whatsapp\" target=\"_blank\" title=\"Haz clic para compartir en WhatsApp\"><span><\/span><span class=\"sharing-screen-reader-text\">Haz clic para compartir en WhatsApp (Se abre en una ventana nueva)<\/span><\/a><\/li><li class=\"share-telegram\"><a rel=\"nofollow noopener noreferrer\" data-shared=\"\" class=\"share-telegram sd-button share-icon no-text\" href=\"http:\/\/www.rtvnoticias.com.ar\/?p=47518&amp;share=telegram\" target=\"_blank\" title=\"Haz clic para compartir en Telegram\"><span><\/span><span class=\"sharing-screen-reader-text\">Haz clic para compartir en Telegram (Se abre en una ventana nueva)<\/span><\/a><\/li><li class=\"share-end\"><\/li><\/ul><\/div><\/div><\/div>","protected":false},"excerpt":{"rendered":"<p>A pocos d\u00edas de asumir formalmente como jefe de Gabinete, Manuel Adorni comenz\u00f3 a delinear su estilo de trabajo dentro del Gobierno. Con una agenda<\/p>\n<div class=\"sharedaddy sd-sharing-enabled\"><div class=\"robots-nocontent sd-block sd-social sd-social-icon sd-sharing\"><h3 class=\"sd-title\">Comparte esto:<\/h3><div class=\"sd-content\"><ul><li class=\"share-twitter\"><a rel=\"nofollow noopener noreferrer\" data-shared=\"sharing-twitter-47518\" class=\"share-twitter sd-button share-icon no-text\" href=\"http:\/\/www.rtvnoticias.com.ar\/?p=47518&amp;share=twitter\" target=\"_blank\" title=\"Haz clic para compartir en Twitter\"><span><\/span><span class=\"sharing-screen-reader-text\">Haz clic para compartir en Twitter (Se abre en una ventana nueva)<\/span><\/a><\/li><li class=\"share-facebook\"><a rel=\"nofollow noopener noreferrer\" data-shared=\"sharing-facebook-47518\" class=\"share-facebook sd-button share-icon no-text\" href=\"http:\/\/www.rtvnoticias.com.ar\/?p=47518&amp;share=facebook\" target=\"_blank\" title=\"Haz clic para compartir en Facebook\"><span><\/span><span class=\"sharing-screen-reader-text\">Haz clic para compartir en Facebook (Se abre en una ventana nueva)<\/span><\/a><\/li><li class=\"share-jetpack-whatsapp\"><a rel=\"nofollow noopener noreferrer\" data-shared=\"\" class=\"share-jetpack-whatsapp sd-button share-icon no-text\" href=\"http:\/\/www.rtvnoticias.com.ar\/?p=47518&amp;share=jetpack-whatsapp\" target=\"_blank\" title=\"Haz clic para compartir en WhatsApp\"><span><\/span><span class=\"sharing-screen-reader-text\">Haz clic para compartir en WhatsApp (Se abre en una ventana nueva)<\/span><\/a><\/li><li class=\"share-telegram\"><a rel=\"nofollow noopener noreferrer\" data-shared=\"\" class=\"share-telegram sd-button share-icon no-text\" href=\"http:\/\/www.rtvnoticias.com.ar\/?p=47518&amp;share=telegram\" target=\"_blank\" title=\"Haz clic para compartir en Telegram\"><span><\/span><span class=\"sharing-screen-reader-text\">Haz clic para compartir en Telegram (Se abre en una ventana nueva)<\/span><\/a><\/li><li class=\"share-end\"><\/li><\/ul><\/div><\/div><\/div>","protected":false},"author":7,"featured_media":47519,"comment_status":"closed","ping_status":"closed","sticky":false,"template":"","format":"standard","meta":{"spay_email":"","jetpack_publicize_message":"","jetpack_is_tweetstorm":false,"jetpack_publicize_feature_enabled":true},"categories":[5],"tags":[],"jetpack_featured_media_url":"http:\/\/www.rtvnoticias.com.ar\/wp-content\/uploads\/2025\/11\/manuel-adorni-1741859.jpg","jetpack_publicize_connections":[],"jetpack_sharing_enabled":true,"_links":{"self":[{"href":"http:\/\/www.rtvnoticias.com.ar\/index.php?rest_route=\/wp\/v2\/posts\/47518"}],"collection":[{"href":"http:\/\/www.rtvnoticias.com.ar\/index.php?rest_route=\/wp\/v2\/posts"}],"about":[{"href":"http:\/\/www.rtvnoticias.com.ar\/index.php?rest_route=\/wp\/v2\/types\/post"}],"author":[{"embeddable":true,"href":"http:\/\/www.rtvnoticias.com.ar\/index.php?rest_route=\/wp\/v2\/users\/7"}],"replies":[{"embeddable":true,"href":"http:\/\/www.rtvnoticias.com.ar\/index.php?rest_route=%2Fwp%2Fv2%2Fcomments&post=47518"}],"version-history":[{"count":1,"href":"http:\/\/www.rtvnoticias.com.ar\/index.php?rest_route=\/wp\/v2\/posts\/47518\/revisions"}],"predecessor-version":[{"id":47520,"href":"http:\/\/www.rtvnoticias.com.ar\/index.php?rest_route=\/wp\/v2\/posts\/47518\/revisions\/47520"}],"wp:featuredmedia":[{"embeddable":true,"href":"http:\/\/www.rtvnoticias.com.ar\/index.php?rest_route=\/wp\/v2\/media\/47519"}],"wp:attachment":[{"href":"http:\/\/www.rtvnoticias.com.ar\/index.php?rest_route=%2Fwp%2Fv2%2Fmedia&parent=47518"}],"wp:term":[{"taxonomy":"category","embeddable":true,"href":"http:\/\/www.rtvnoticias.com.ar\/index.php?rest_route=%2Fwp%2Fv2%2Fcategories&post=47518"},{"taxonomy":"post_tag","embeddable":true,"href":"http:\/\/www.rtvnoticias.com.ar\/index.php?rest_route=%2Fwp%2Fv2%2Ftags&post=47518"}],"curies":[{"name":"wp","href":"https:\/\/api.w.org\/{rel}","templated":true}]}}