{"id":47525,"date":"2025-11-25T09:57:26","date_gmt":"2025-11-25T12:57:26","guid":{"rendered":"http:\/\/www.rtvnoticias.com.ar\/?p=47525"},"modified":"2025-11-25T10:16:56","modified_gmt":"2025-11-25T13:16:56","slug":"ramiro-passo-presidira-comite-ucr-de-general-pico-martin-berhongaray-conducira-el-radicalsimo-provincial","status":"publish","type":"post","link":"http:\/\/www.rtvnoticias.com.ar\/?p=47525","title":{"rendered":"Ramiro Passo presidir\u00e1 Comit\u00e9 UCR de General Pico. Mart\u00edn Berhongaray conducir\u00e1 el radicalismo provincial"},"content":{"rendered":"\n<p>Tras el acuerdo alcanzado por todas las l\u00edneas internas del radicalismo pampeano se logr\u00f3 una lista de unidad que la encabeza a nivel provincial Mart\u00edn Berhongaray y en el Comit\u00e9 de General Pico, Ramiro Passo. Anoche cerr\u00f3 la presentaci\u00f3n de listas y el acto eleccionario est\u00e1 convocado para el 14 de diciembre.<\/p>\n\n\n\n<p>Autoridades Comit\u00e9 Provincia:<\/p>\n\n\n\n<p>Presidente: &nbsp;&nbsp;&nbsp;&nbsp;&nbsp;&nbsp;&nbsp;&nbsp;&nbsp;&nbsp;&nbsp;&nbsp;&nbsp;Martin Berhongaray-<\/p>\n\n\n\n<p>Vicepresidente 1\u00b0: Nidia Ancin<\/p>\n\n\n\n<p>Vicepresidente 2\u00b0: Roberto Paz<\/p>\n\n\n\n<p>Secretario:&nbsp;&nbsp;&nbsp;&nbsp;&nbsp;&nbsp;&nbsp;&nbsp;&nbsp;&nbsp;&nbsp; &nbsp;M\u00f3nica Stadler<\/p>\n\n\n\n<p>Tesorero : &nbsp;&nbsp;&nbsp;&nbsp;&nbsp;&nbsp;&nbsp;&nbsp;&nbsp;&nbsp;&nbsp;&nbsp;&nbsp;&nbsp;Hector Delaye<\/p>\n\n\n\n<p>1\u00ba Vocal Titular:&nbsp;&nbsp;&nbsp;&nbsp;&nbsp;&nbsp;&nbsp;&nbsp; Agustina Garcia<\/p>\n\n\n\n<p>2\u00ba Vocal Titular:&nbsp;&nbsp;&nbsp;&nbsp;&nbsp;&nbsp;&nbsp;&nbsp; Hernan Gaggiolli<\/p>\n\n\n\n<p>3\u00ba Vocal Titular:&nbsp;&nbsp;&nbsp;&nbsp;&nbsp;&nbsp;&nbsp; Agustina Urdaniz<\/p>\n\n\n\n<p>4\u00ba Vocal Titular:&nbsp;&nbsp;&nbsp;&nbsp;&nbsp;&nbsp;&nbsp; Hugo Kenny<\/p>\n\n\n\n<p><strong><u>CONVENCIONALES NACIONALES<\/u><\/strong><\/p>\n\n\n\n<p><strong><u>Titulares<\/u><\/strong><\/p>\n\n\n\n<p>1\u00b0-&nbsp;&nbsp; Abel Sabarots<\/p>\n\n\n\n<p>2\u00b0- Andrea Valderrama<\/p>\n\n\n\n<p>3\u00b0- Julio Javier Pechin<\/p>\n\n\n\n<p>4\u00b0-Andrea Alaniz<\/p>\n\n\n\n<p>5\u00b0- Guillermo Echeverry<\/p>\n\n\n\n<p>6\u00b0-Cecilia Burgardt<\/p>\n\n\n\n<p>7\u00b0 -Bautista Gallotti<\/p>\n\n\n\n<p>8\u00b0-Elida Deanna<\/p>\n\n\n\n<p><\/p>\n\n\n\n<p><strong>Mesa General Pico<\/strong><\/p>\n\n\n\n<p>1) Passo, Ramiro Jes\u00fas  (Presidente)<\/p>\n\n\n\n<p>2) Ramos, M\u00f3nica Delia (Vicepresidente)<\/p>\n\n\n\n<p>3) Carrizo, Mat\u00edas Jes\u00fas  (Secretario)<\/p>\n\n\n\n<p>4) Rojas, Andrea Alejandra<\/p>\n\n\n\n<p>5) Cuello, Andr\u00e9s Reyes <\/p>\n\n\n\n<p>6) Ben\u00edtez, Melina Lis<\/p>\n\n\n\n<p>7) Galv\u00e1n., Emanuel David<\/p>\n\n\n\n<p>8) Romero, Mar\u00eda Laura<\/p>\n\n\n\n<p>9) Bosio, MArio Alfredo<\/p>\n\n\n\n<p>10) Ce\u00e9da, Mar\u00eda Lorena<\/p>\n\n\n\n<p>11) Herrera, Jos\u00e9 Mar\u00eda<\/p>\n\n\n\n<p>12) Romero, Ana Laura<\/p>\n\n\n\n<p>13) Gim\u00e9nez, Gonz\u00e1lo Valent\u00edn<\/p>\n\n\n\n<p><\/p>\n\n\n\n<p><strong>Convencionales provinciales<\/strong><\/p>\n\n\n\n<p>1)Ansorena, Jos\u00e9 Mar\u00eda <\/p>\n\n\n\n<p>2)Testa, Patricia<\/p>\n\n\n\n<p>3)Gonz\u00e1lez, Sergio Alejandro<\/p>\n\n\n\n<p>4)Campo, Alicia Lis<\/p>\n\n\n\n<p>5)CArrizo, MAt\u00edas<\/p>\n\n\n\n<p>6)Gette, Cintia Bel\u00e9n<\/p>\n\n\n\n<p>7)Capellino, Marcelo Javier<\/p>\n\n\n\n<p>8) Beneitez, Melani Lis<\/p>\n\n\n\n<p>9)Pantanali, Gast\u00f3n Emanuel<\/p>\n\n\n\n<p>10)Mitta, Graciela <\/p>\n\n\n\n<p>11)Forte, Sebasti\u00e1n<\/p>\n\n\n\n<p>12)Inchaurrondo, Natasha<\/p>\n\n\n\n<p>13)Lacentra, PAblo.<\/p>\n<div class=\"sharedaddy sd-sharing-enabled\"><div class=\"robots-nocontent sd-block sd-social sd-social-icon sd-sharing\"><h3 class=\"sd-title\">Comparte esto:<\/h3><div class=\"sd-content\"><ul><li class=\"share-twitter\"><a rel=\"nofollow noopener noreferrer\" data-shared=\"sharing-twitter-47525\" class=\"share-twitter sd-button share-icon no-text\" href=\"http:\/\/www.rtvnoticias.com.ar\/?p=47525&amp;share=twitter\" target=\"_blank\" title=\"Haz clic para compartir en Twitter\"><span><\/span><span class=\"sharing-screen-reader-text\">Haz clic para compartir en Twitter (Se abre en una ventana nueva)<\/span><\/a><\/li><li class=\"share-facebook\"><a rel=\"nofollow noopener noreferrer\" data-shared=\"sharing-facebook-47525\" class=\"share-facebook sd-button share-icon no-text\" href=\"http:\/\/www.rtvnoticias.com.ar\/?p=47525&amp;share=facebook\" target=\"_blank\" title=\"Haz clic para compartir en Facebook\"><span><\/span><span class=\"sharing-screen-reader-text\">Haz clic para compartir en Facebook (Se abre en una ventana nueva)<\/span><\/a><\/li><li class=\"share-jetpack-whatsapp\"><a rel=\"nofollow noopener noreferrer\" data-shared=\"\" class=\"share-jetpack-whatsapp sd-button share-icon no-text\" href=\"http:\/\/www.rtvnoticias.com.ar\/?p=47525&amp;share=jetpack-whatsapp\" target=\"_blank\" title=\"Haz clic para compartir en WhatsApp\"><span><\/span><span class=\"sharing-screen-reader-text\">Haz clic para compartir en WhatsApp (Se abre en una ventana nueva)<\/span><\/a><\/li><li class=\"share-telegram\"><a rel=\"nofollow noopener noreferrer\" data-shared=\"\" class=\"share-telegram sd-button share-icon no-text\" href=\"http:\/\/www.rtvnoticias.com.ar\/?p=47525&amp;share=telegram\" target=\"_blank\" title=\"Haz clic para compartir en Telegram\"><span><\/span><span class=\"sharing-screen-reader-text\">Haz clic para compartir en Telegram (Se abre en una ventana nueva)<\/span><\/a><\/li><li class=\"share-end\"><\/li><\/ul><\/div><\/div><\/div>","protected":false},"excerpt":{"rendered":"<p>Tras el acuerdo alcanzado por todas las l\u00edneas internas del radicalismo pampeano se logr\u00f3 una lista de unidad que la encabeza a nivel provincial Mart\u00edn<\/p>\n<div class=\"sharedaddy sd-sharing-enabled\"><div class=\"robots-nocontent sd-block sd-social sd-social-icon sd-sharing\"><h3 class=\"sd-title\">Comparte esto:<\/h3><div class=\"sd-content\"><ul><li class=\"share-twitter\"><a rel=\"nofollow noopener noreferrer\" data-shared=\"sharing-twitter-47525\" class=\"share-twitter sd-button share-icon no-text\" href=\"http:\/\/www.rtvnoticias.com.ar\/?p=47525&amp;share=twitter\" target=\"_blank\" title=\"Haz clic para compartir en Twitter\"><span><\/span><span class=\"sharing-screen-reader-text\">Haz clic para compartir en Twitter (Se abre en una ventana nueva)<\/span><\/a><\/li><li class=\"share-facebook\"><a rel=\"nofollow noopener noreferrer\" data-shared=\"sharing-facebook-47525\" class=\"share-facebook sd-button share-icon no-text\" href=\"http:\/\/www.rtvnoticias.com.ar\/?p=47525&amp;share=facebook\" target=\"_blank\" title=\"Haz clic para compartir en Facebook\"><span><\/span><span class=\"sharing-screen-reader-text\">Haz clic para compartir en Facebook (Se abre en una ventana nueva)<\/span><\/a><\/li><li class=\"share-jetpack-whatsapp\"><a rel=\"nofollow noopener noreferrer\" data-shared=\"\" class=\"share-jetpack-whatsapp sd-button share-icon no-text\" href=\"http:\/\/www.rtvnoticias.com.ar\/?p=47525&amp;share=jetpack-whatsapp\" target=\"_blank\" title=\"Haz clic para compartir en WhatsApp\"><span><\/span><span class=\"sharing-screen-reader-text\">Haz clic para compartir en WhatsApp (Se abre en una ventana nueva)<\/span><\/a><\/li><li class=\"share-telegram\"><a rel=\"nofollow noopener noreferrer\" data-shared=\"\" class=\"share-telegram sd-button share-icon no-text\" href=\"http:\/\/www.rtvnoticias.com.ar\/?p=47525&amp;share=telegram\" target=\"_blank\" title=\"Haz clic para compartir en Telegram\"><span><\/span><span class=\"sharing-screen-reader-text\">Haz clic para compartir en Telegram (Se abre en una ventana nueva)<\/span><\/a><\/li><li class=\"share-end\"><\/li><\/ul><\/div><\/div><\/div>","protected":false},"author":5,"featured_media":47526,"comment_status":"closed","ping_status":"closed","sticky":false,"template":"","format":"standard","meta":{"spay_email":"","jetpack_publicize_message":"","jetpack_is_tweetstorm":false,"jetpack_publicize_feature_enabled":true},"categories":[4],"tags":[269],"jetpack_featured_media_url":"http:\/\/www.rtvnoticias.com.ar\/wp-content\/uploads\/2025\/11\/berhongaray.jpg","jetpack_publicize_connections":[],"jetpack_sharing_enabled":true,"_links":{"self":[{"href":"http:\/\/www.rtvnoticias.com.ar\/index.php?rest_route=\/wp\/v2\/posts\/47525"}],"collection":[{"href":"http:\/\/www.rtvnoticias.com.ar\/index.php?rest_route=\/wp\/v2\/posts"}],"about":[{"href":"http:\/\/www.rtvnoticias.com.ar\/index.php?rest_route=\/wp\/v2\/types\/post"}],"author":[{"embeddable":true,"href":"http:\/\/www.rtvnoticias.com.ar\/index.php?rest_route=\/wp\/v2\/users\/5"}],"replies":[{"embeddable":true,"href":"http:\/\/www.rtvnoticias.com.ar\/index.php?rest_route=%2Fwp%2Fv2%2Fcomments&post=47525"}],"version-history":[{"count":2,"href":"http:\/\/www.rtvnoticias.com.ar\/index.php?rest_route=\/wp\/v2\/posts\/47525\/revisions"}],"predecessor-version":[{"id":47528,"href":"http:\/\/www.rtvnoticias.com.ar\/index.php?rest_route=\/wp\/v2\/posts\/47525\/revisions\/47528"}],"wp:featuredmedia":[{"embeddable":true,"href":"http:\/\/www.rtvnoticias.com.ar\/index.php?rest_route=\/wp\/v2\/media\/47526"}],"wp:attachment":[{"href":"http:\/\/www.rtvnoticias.com.ar\/index.php?rest_route=%2Fwp%2Fv2%2Fmedia&parent=47525"}],"wp:term":[{"taxonomy":"category","embeddable":true,"href":"http:\/\/www.rtvnoticias.com.ar\/index.php?rest_route=%2Fwp%2Fv2%2Fcategories&post=47525"},{"taxonomy":"post_tag","embeddable":true,"href":"http:\/\/www.rtvnoticias.com.ar\/index.php?rest_route=%2Fwp%2Fv2%2Ftags&post=47525"}],"curies":[{"name":"wp","href":"https:\/\/api.w.org\/{rel}","templated":true}]}}