{"id":47530,"date":"2025-11-26T07:43:00","date_gmt":"2025-11-26T10:43:00","guid":{"rendered":"http:\/\/www.rtvnoticias.com.ar\/?p=47530"},"modified":"2025-11-25T19:48:54","modified_gmt":"2025-11-25T22:48:54","slug":"formacion-continua-policial-balance-preliminar-del-2025-y-propuestas-de-capacitacion-para-2026","status":"publish","type":"post","link":"http:\/\/www.rtvnoticias.com.ar\/?p=47530","title":{"rendered":"Formaci\u00f3n Continua Policial: balance preliminar del 2025 y propuestas de capacitaci\u00f3n para 2026"},"content":{"rendered":"\n<p>El equipo de la Escuela de Especialidades del Instituto Superior Policial llev\u00f3 adelante dos encuentros de trabajo, de modalidad virtual, que reuni\u00f3 a Unidades Operativas, jefes y jefas de Unidades Regionales, Unidades Especiales y responsables de diferentes \u00e1reas y departamentos de la Polic\u00eda de La Pampa.<\/p>\n\n\n\n<p>El objetivo de estos encuentros fue presentar un balance preliminar del Programa Anual de Formaci\u00f3n Continua Policial implementado en 2025 y que finaliza esta semana, adem\u00e1s de compartir las pautas para la presentaci\u00f3n de propuestas de capacitaci\u00f3n a realizarse en 2026. <\/p>\n\n\n\n<p>De los encuentros, participaron el subsecretario de Formaci\u00f3n del Ministerio de Seguridad y Justicia, Marcos Carnicelli, el rector del Instituto Superior Policial, H\u00e9ctor Sosa, la vicerrectora Bel\u00e9n P\u00e9rez Fassi, la directora de la Escuela de Especialidades Soledad Seia, e integrantes de su equipo. <\/p>\n\n\n\n<p>Sosa se\u00f1al\u00f3 a la Agencia Provincial de Noticias la importancia del programa en el ordenamiento de la formaci\u00f3n continua durante el a\u00f1o, ya que \u201cotorga previsibilidad a todo lo relacionado con la capacitaci\u00f3n del personal en servicio y adem\u00e1s favorece la participaci\u00f3n de todas las unidades y \u00e1reas de la Polic\u00eda de La Pampa que necesitan capacitaci\u00f3n para seguir mejorando su desempe\u00f1o\u201d. <\/p>\n\n\n\n<p>Adem\u00e1s, explic\u00f3 que \u201ctrabajar de esta forma permite que los cursos y jornadas respondan mejor a las necesidades de capacitaci\u00f3n del personal\u201d. Asimismo, aprovech\u00f3 la oportunidad para desatacar el trabajo conjunto con el Ministerio de Seguridad y Justicia y Jefatura de Polic\u00eda, para lograr llevar adelante todas las propuestas formativas que se planificaron para 2025.<\/p>\n\n\n\n<p>En tanto la directora de la Escuela de Especialidades hizo un balance de lo trabajado en 2025, con m\u00e1s de 29 ofertas de capacitaci\u00f3n concretadas y m\u00e1s de 700 participantes. Destac\u00f3 que a\u00fan restan finalizar algunos de los cursos, tal como estaba previsto en el calendario acad\u00e9mico y en la planificaci\u00f3n anual acordada en marzo de este a\u00f1o.<\/p>\n\n\n\n<p>Agradeci\u00f3 a todo el personal que dict\u00f3 los cursos, a quienes los realizaron y destac\u00f3 el rol de las mesas de trabajo un dispositivo del que participa la Escuela de Especialidades, la Subsecretar\u00eda de Formaci\u00f3n y cada uno de los responsables de los proyectos, para ajustar detalles previos a su aprobaci\u00f3n.<\/p>\n\n\n\n<p>Asimismo, fue la encargada de presentar los detalles del Documento Marco y pautas para la presentaci\u00f3n de propuestas a realizarse en 2026. Desde esta semana, a trav\u00e9s de un formulario web incluido en ese documento compartido se habilit\u00f3 el per\u00edodo para la presentaci\u00f3n de proyectos, que se extender\u00e1 hasta el pr\u00f3ximo 31 de enero de 2026.<\/p>\n\n\n\n<p>Finalmente, el subsecretario de Formaci\u00f3n explic\u00f3 que \u201cplanificar la formaci\u00f3n continua, tener un calendario y un programa que detalle todas las ofertas aprobadas para el a\u00f1o, facilita la accesibilidad y participaci\u00f3n del personal policial en los cursos. Mucho m\u00e1s si esas propuestas se realizan en diferentes localidades, como ocurri\u00f3 este a\u00f1o, con propuestas realizadas en General San Mart\u00edn, Toay, Casa de Piedra, 25 de Mayo, General Pico, Macach\u00edn y General Acha\u201d.<\/p>\n\n\n\n<p>Por \u00faltimo, sum\u00f3 el agradecimiento del Ministerio de Seguridad y Justicia a todo el trabajo realizado este a\u00f1o con la formaci\u00f3n continua, como parte de las mejoras en la formaci\u00f3n policial que se llevan adelante junto a Jefatura de Polic\u00eda y equipo del Instituto Superior Policial. Inst\u00f3 a los participantes a presentar nuevas propuestas de formaci\u00f3n para el a\u00f1o pr\u00f3ximo y favorecer la articulaci\u00f3n entre la formaci\u00f3n y las \u00e1reas operativas en esta tarea.<\/p>\n<div class=\"sharedaddy sd-sharing-enabled\"><div class=\"robots-nocontent sd-block sd-social sd-social-icon sd-sharing\"><h3 class=\"sd-title\">Comparte esto:<\/h3><div class=\"sd-content\"><ul><li class=\"share-twitter\"><a rel=\"nofollow noopener noreferrer\" data-shared=\"sharing-twitter-47530\" class=\"share-twitter sd-button share-icon no-text\" href=\"http:\/\/www.rtvnoticias.com.ar\/?p=47530&amp;share=twitter\" target=\"_blank\" title=\"Haz clic para compartir en Twitter\"><span><\/span><span class=\"sharing-screen-reader-text\">Haz clic para compartir en Twitter (Se abre en una ventana nueva)<\/span><\/a><\/li><li class=\"share-facebook\"><a rel=\"nofollow noopener noreferrer\" data-shared=\"sharing-facebook-47530\" class=\"share-facebook sd-button share-icon no-text\" href=\"http:\/\/www.rtvnoticias.com.ar\/?p=47530&amp;share=facebook\" target=\"_blank\" title=\"Haz clic para compartir en Facebook\"><span><\/span><span class=\"sharing-screen-reader-text\">Haz clic para compartir en Facebook (Se abre en una ventana nueva)<\/span><\/a><\/li><li class=\"share-jetpack-whatsapp\"><a rel=\"nofollow noopener noreferrer\" data-shared=\"\" class=\"share-jetpack-whatsapp sd-button share-icon no-text\" href=\"http:\/\/www.rtvnoticias.com.ar\/?p=47530&amp;share=jetpack-whatsapp\" target=\"_blank\" title=\"Haz clic para compartir en WhatsApp\"><span><\/span><span class=\"sharing-screen-reader-text\">Haz clic para compartir en WhatsApp (Se abre en una ventana nueva)<\/span><\/a><\/li><li class=\"share-telegram\"><a rel=\"nofollow noopener noreferrer\" data-shared=\"\" class=\"share-telegram sd-button share-icon no-text\" href=\"http:\/\/www.rtvnoticias.com.ar\/?p=47530&amp;share=telegram\" target=\"_blank\" title=\"Haz clic para compartir en Telegram\"><span><\/span><span class=\"sharing-screen-reader-text\">Haz clic para compartir en Telegram (Se abre en una ventana nueva)<\/span><\/a><\/li><li class=\"share-end\"><\/li><\/ul><\/div><\/div><\/div>","protected":false},"excerpt":{"rendered":"<p>El equipo de la Escuela de Especialidades del Instituto Superior Policial llev\u00f3 adelante dos encuentros de trabajo, de modalidad virtual, que reuni\u00f3 a Unidades Operativas,<\/p>\n<div class=\"sharedaddy sd-sharing-enabled\"><div class=\"robots-nocontent sd-block sd-social sd-social-icon sd-sharing\"><h3 class=\"sd-title\">Comparte esto:<\/h3><div class=\"sd-content\"><ul><li class=\"share-twitter\"><a rel=\"nofollow noopener noreferrer\" data-shared=\"sharing-twitter-47530\" class=\"share-twitter sd-button share-icon no-text\" href=\"http:\/\/www.rtvnoticias.com.ar\/?p=47530&amp;share=twitter\" target=\"_blank\" title=\"Haz clic para compartir en Twitter\"><span><\/span><span class=\"sharing-screen-reader-text\">Haz clic para compartir en Twitter (Se abre en una ventana nueva)<\/span><\/a><\/li><li class=\"share-facebook\"><a rel=\"nofollow noopener noreferrer\" data-shared=\"sharing-facebook-47530\" class=\"share-facebook sd-button share-icon no-text\" href=\"http:\/\/www.rtvnoticias.com.ar\/?p=47530&amp;share=facebook\" target=\"_blank\" title=\"Haz clic para compartir en Facebook\"><span><\/span><span class=\"sharing-screen-reader-text\">Haz clic para compartir en Facebook (Se abre en una ventana nueva)<\/span><\/a><\/li><li class=\"share-jetpack-whatsapp\"><a rel=\"nofollow noopener noreferrer\" data-shared=\"\" class=\"share-jetpack-whatsapp sd-button share-icon no-text\" href=\"http:\/\/www.rtvnoticias.com.ar\/?p=47530&amp;share=jetpack-whatsapp\" target=\"_blank\" title=\"Haz clic para compartir en WhatsApp\"><span><\/span><span class=\"sharing-screen-reader-text\">Haz clic para compartir en WhatsApp (Se abre en una ventana nueva)<\/span><\/a><\/li><li class=\"share-telegram\"><a rel=\"nofollow noopener noreferrer\" data-shared=\"\" class=\"share-telegram sd-button share-icon no-text\" href=\"http:\/\/www.rtvnoticias.com.ar\/?p=47530&amp;share=telegram\" target=\"_blank\" title=\"Haz clic para compartir en Telegram\"><span><\/span><span class=\"sharing-screen-reader-text\">Haz clic para compartir en Telegram (Se abre en una ventana nueva)<\/span><\/a><\/li><li class=\"share-end\"><\/li><\/ul><\/div><\/div><\/div>","protected":false},"author":5,"featured_media":47531,"comment_status":"closed","ping_status":"closed","sticky":false,"template":"","format":"standard","meta":{"spay_email":"","jetpack_publicize_message":"","jetpack_is_tweetstorm":false,"jetpack_publicize_feature_enabled":true},"categories":[4],"tags":[5669],"jetpack_featured_media_url":"http:\/\/www.rtvnoticias.com.ar\/wp-content\/uploads\/2025\/11\/escuela-poli.jpg","jetpack_publicize_connections":[],"jetpack_sharing_enabled":true,"_links":{"self":[{"href":"http:\/\/www.rtvnoticias.com.ar\/index.php?rest_route=\/wp\/v2\/posts\/47530"}],"collection":[{"href":"http:\/\/www.rtvnoticias.com.ar\/index.php?rest_route=\/wp\/v2\/posts"}],"about":[{"href":"http:\/\/www.rtvnoticias.com.ar\/index.php?rest_route=\/wp\/v2\/types\/post"}],"author":[{"embeddable":true,"href":"http:\/\/www.rtvnoticias.com.ar\/index.php?rest_route=\/wp\/v2\/users\/5"}],"replies":[{"embeddable":true,"href":"http:\/\/www.rtvnoticias.com.ar\/index.php?rest_route=%2Fwp%2Fv2%2Fcomments&post=47530"}],"version-history":[{"count":1,"href":"http:\/\/www.rtvnoticias.com.ar\/index.php?rest_route=\/wp\/v2\/posts\/47530\/revisions"}],"predecessor-version":[{"id":47532,"href":"http:\/\/www.rtvnoticias.com.ar\/index.php?rest_route=\/wp\/v2\/posts\/47530\/revisions\/47532"}],"wp:featuredmedia":[{"embeddable":true,"href":"http:\/\/www.rtvnoticias.com.ar\/index.php?rest_route=\/wp\/v2\/media\/47531"}],"wp:attachment":[{"href":"http:\/\/www.rtvnoticias.com.ar\/index.php?rest_route=%2Fwp%2Fv2%2Fmedia&parent=47530"}],"wp:term":[{"taxonomy":"category","embeddable":true,"href":"http:\/\/www.rtvnoticias.com.ar\/index.php?rest_route=%2Fwp%2Fv2%2Fcategories&post=47530"},{"taxonomy":"post_tag","embeddable":true,"href":"http:\/\/www.rtvnoticias.com.ar\/index.php?rest_route=%2Fwp%2Fv2%2Ftags&post=47530"}],"curies":[{"name":"wp","href":"https:\/\/api.w.org\/{rel}","templated":true}]}}