{"id":47538,"date":"2025-11-27T07:09:00","date_gmt":"2025-11-27T10:09:00","guid":{"rendered":"http:\/\/www.rtvnoticias.com.ar\/?p=47538"},"modified":"2025-11-26T21:19:08","modified_gmt":"2025-11-27T00:19:08","slug":"el-ministro-diego-alvarez-entrego-creditos-del-a-emprendedores","status":"publish","type":"post","link":"http:\/\/www.rtvnoticias.com.ar\/?p=47538","title":{"rendered":"El ministro Diego Alvarez entreg\u00f3 cr\u00e9ditos del a emprendedores"},"content":{"rendered":"\n<p>Emprendedoras y emprendedores santarrose\u00f1os accedieron a cr\u00e9ditos de Desarrollo Productivo, operatoria del Gobierno provincial, dentro de las pol\u00edticas de Econom\u00eda Social. Durante el mismo acto se entregaron cr\u00e9ditos del programa municipal CreAte.<\/p>\n\n\n\n<p>El acto fue presidido por el ministro de Desarrollo Social y DDHH, Diego \u00c1lvarez, y el intendente municipal, Luciano di N\u00e1poli. Tambi\u00e9n estuvieron presentes la subsecretaria de Econom\u00eda Social, Graciela Salvini, concejales, funcionarios provinciales y municipales.<\/p>\n\n\n\n<p>Los fondos entregados por el Gobierno provincial son los dispuestos por la Ley de Descentralizaci\u00f3n. Ascienden a 96.600.000 pesos, en cr\u00e9ditos a tasa de inter\u00e9s cero, con seis meses de gracia para el primer pago y 54 meses de plazo de devoluci\u00f3n.<\/p>\n\n\n\n<p><strong>\u00abFondos que llegan para quedarse\u00bb<\/strong><\/p>\n\n\n\n<p>\u201cEstos son fondos que llegan para quedarse, a trav\u00e9s de la Ley de Descentralizaci\u00f3n. Es el Gobierno provincial quien los aporta, en trabajo conjunto con el municipio local, que define qui\u00e9nes ser\u00e1n los beneficiarios. Ustedes devolver\u00e1n las cuotas y ese dinero que aport\u00f3 Provincia ya queda en el municipio, para que implemente operatorias propias, con fondos que ya ser\u00e1n de las y los santarrose\u00f1os\u201d, detall\u00f3 \u00c1lvarez.<\/p>\n\n\n\n<p>El ministro agreg\u00f3 que \u201cla econom\u00eda social es una presencia importarte en la econom\u00eda pampeana. No solamente a nivel econ\u00f3mico, que no es poca cosa, sino por lo que representa: la voluntad emprendedora de personas que apuestan por concretar sue\u00f1os, por reforzar sus ingresos a partir de algo que les gusta y saben hacer. Desde el equipo que encabeza el gobernador Sergio Ziliotto hay pol\u00edticas de Estado concretas, y esta entrega es una de ellas\u201d.\u00a0<\/p>\n\n\n\n<p>Por su parte, el intendente santarrose\u00f1o dijo que \u201ces much\u00edsima la inversi\u00f3n que hizo el Gobierno provincial en conjunto con el Gobierno municipal para poder empujar la econom\u00eda solidaria, para apuntalar a cada uno de los emprendedores. Por eso nos parece sustancial y muy importante poder compartir esta informaci\u00f3n\u201d.<\/p>\n\n\n\n<p>\u201cCada peso que ustedes devuelven al momento que les toca devolver, este cr\u00e9dito es una rueda que se retroalimenta para que otros emprendedores o emprendedoras puedan acceder, incluso ustedes mismos cuando terminan ese mismo cr\u00e9dito. Por eso nos parece un sistema absolutamente virtuoso, que hay que sostener, que hay que fomentar, que tenemos que sostener entre todos y todas\u201d, agreg\u00f3.<\/p>\n<div class=\"sharedaddy sd-sharing-enabled\"><div class=\"robots-nocontent sd-block sd-social sd-social-icon sd-sharing\"><h3 class=\"sd-title\">Comparte esto:<\/h3><div class=\"sd-content\"><ul><li class=\"share-twitter\"><a rel=\"nofollow noopener noreferrer\" data-shared=\"sharing-twitter-47538\" class=\"share-twitter sd-button share-icon no-text\" href=\"http:\/\/www.rtvnoticias.com.ar\/?p=47538&amp;share=twitter\" target=\"_blank\" title=\"Haz clic para compartir en Twitter\"><span><\/span><span class=\"sharing-screen-reader-text\">Haz clic para compartir en Twitter (Se abre en una ventana nueva)<\/span><\/a><\/li><li class=\"share-facebook\"><a rel=\"nofollow noopener noreferrer\" data-shared=\"sharing-facebook-47538\" class=\"share-facebook sd-button share-icon no-text\" href=\"http:\/\/www.rtvnoticias.com.ar\/?p=47538&amp;share=facebook\" target=\"_blank\" title=\"Haz clic para compartir en Facebook\"><span><\/span><span class=\"sharing-screen-reader-text\">Haz clic para compartir en Facebook (Se abre en una ventana nueva)<\/span><\/a><\/li><li class=\"share-jetpack-whatsapp\"><a rel=\"nofollow noopener noreferrer\" data-shared=\"\" class=\"share-jetpack-whatsapp sd-button share-icon no-text\" href=\"http:\/\/www.rtvnoticias.com.ar\/?p=47538&amp;share=jetpack-whatsapp\" target=\"_blank\" title=\"Haz clic para compartir en WhatsApp\"><span><\/span><span class=\"sharing-screen-reader-text\">Haz clic para compartir en WhatsApp (Se abre en una ventana nueva)<\/span><\/a><\/li><li class=\"share-telegram\"><a rel=\"nofollow noopener noreferrer\" data-shared=\"\" class=\"share-telegram sd-button share-icon no-text\" href=\"http:\/\/www.rtvnoticias.com.ar\/?p=47538&amp;share=telegram\" target=\"_blank\" title=\"Haz clic para compartir en Telegram\"><span><\/span><span class=\"sharing-screen-reader-text\">Haz clic para compartir en Telegram (Se abre en una ventana nueva)<\/span><\/a><\/li><li class=\"share-end\"><\/li><\/ul><\/div><\/div><\/div>","protected":false},"excerpt":{"rendered":"<p>Emprendedoras y emprendedores santarrose\u00f1os accedieron a cr\u00e9ditos de Desarrollo Productivo, operatoria del Gobierno provincial, dentro de las pol\u00edticas de Econom\u00eda Social. Durante el mismo acto<\/p>\n<div class=\"sharedaddy sd-sharing-enabled\"><div class=\"robots-nocontent sd-block sd-social sd-social-icon sd-sharing\"><h3 class=\"sd-title\">Comparte esto:<\/h3><div class=\"sd-content\"><ul><li class=\"share-twitter\"><a rel=\"nofollow noopener noreferrer\" data-shared=\"sharing-twitter-47538\" class=\"share-twitter sd-button share-icon no-text\" href=\"http:\/\/www.rtvnoticias.com.ar\/?p=47538&amp;share=twitter\" target=\"_blank\" title=\"Haz clic para compartir en Twitter\"><span><\/span><span class=\"sharing-screen-reader-text\">Haz clic para compartir en Twitter (Se abre en una ventana nueva)<\/span><\/a><\/li><li class=\"share-facebook\"><a rel=\"nofollow noopener noreferrer\" data-shared=\"sharing-facebook-47538\" class=\"share-facebook sd-button share-icon no-text\" href=\"http:\/\/www.rtvnoticias.com.ar\/?p=47538&amp;share=facebook\" target=\"_blank\" title=\"Haz clic para compartir en Facebook\"><span><\/span><span class=\"sharing-screen-reader-text\">Haz clic para compartir en Facebook (Se abre en una ventana nueva)<\/span><\/a><\/li><li class=\"share-jetpack-whatsapp\"><a rel=\"nofollow noopener noreferrer\" data-shared=\"\" class=\"share-jetpack-whatsapp sd-button share-icon no-text\" href=\"http:\/\/www.rtvnoticias.com.ar\/?p=47538&amp;share=jetpack-whatsapp\" target=\"_blank\" title=\"Haz clic para compartir en WhatsApp\"><span><\/span><span class=\"sharing-screen-reader-text\">Haz clic para compartir en WhatsApp (Se abre en una ventana nueva)<\/span><\/a><\/li><li class=\"share-telegram\"><a rel=\"nofollow noopener noreferrer\" data-shared=\"\" class=\"share-telegram sd-button share-icon no-text\" href=\"http:\/\/www.rtvnoticias.com.ar\/?p=47538&amp;share=telegram\" target=\"_blank\" title=\"Haz clic para compartir en Telegram\"><span><\/span><span class=\"sharing-screen-reader-text\">Haz clic para compartir en Telegram (Se abre en una ventana nueva)<\/span><\/a><\/li><li class=\"share-end\"><\/li><\/ul><\/div><\/div><\/div>","protected":false},"author":5,"featured_media":47539,"comment_status":"closed","ping_status":"closed","sticky":false,"template":"","format":"standard","meta":{"spay_email":"","jetpack_publicize_message":"","jetpack_is_tweetstorm":false,"jetpack_publicize_feature_enabled":true},"categories":[4],"tags":[2326],"jetpack_featured_media_url":"http:\/\/www.rtvnoticias.com.ar\/wp-content\/uploads\/2025\/11\/alvarez-creditos.jpg","jetpack_publicize_connections":[],"jetpack_sharing_enabled":true,"_links":{"self":[{"href":"http:\/\/www.rtvnoticias.com.ar\/index.php?rest_route=\/wp\/v2\/posts\/47538"}],"collection":[{"href":"http:\/\/www.rtvnoticias.com.ar\/index.php?rest_route=\/wp\/v2\/posts"}],"about":[{"href":"http:\/\/www.rtvnoticias.com.ar\/index.php?rest_route=\/wp\/v2\/types\/post"}],"author":[{"embeddable":true,"href":"http:\/\/www.rtvnoticias.com.ar\/index.php?rest_route=\/wp\/v2\/users\/5"}],"replies":[{"embeddable":true,"href":"http:\/\/www.rtvnoticias.com.ar\/index.php?rest_route=%2Fwp%2Fv2%2Fcomments&post=47538"}],"version-history":[{"count":1,"href":"http:\/\/www.rtvnoticias.com.ar\/index.php?rest_route=\/wp\/v2\/posts\/47538\/revisions"}],"predecessor-version":[{"id":47540,"href":"http:\/\/www.rtvnoticias.com.ar\/index.php?rest_route=\/wp\/v2\/posts\/47538\/revisions\/47540"}],"wp:featuredmedia":[{"embeddable":true,"href":"http:\/\/www.rtvnoticias.com.ar\/index.php?rest_route=\/wp\/v2\/media\/47539"}],"wp:attachment":[{"href":"http:\/\/www.rtvnoticias.com.ar\/index.php?rest_route=%2Fwp%2Fv2%2Fmedia&parent=47538"}],"wp:term":[{"taxonomy":"category","embeddable":true,"href":"http:\/\/www.rtvnoticias.com.ar\/index.php?rest_route=%2Fwp%2Fv2%2Fcategories&post=47538"},{"taxonomy":"post_tag","embeddable":true,"href":"http:\/\/www.rtvnoticias.com.ar\/index.php?rest_route=%2Fwp%2Fv2%2Ftags&post=47538"}],"curies":[{"name":"wp","href":"https:\/\/api.w.org\/{rel}","templated":true}]}}