{"id":47547,"date":"2025-11-27T15:34:12","date_gmt":"2025-11-27T18:34:12","guid":{"rendered":"http:\/\/www.rtvnoticias.com.ar\/?p=47547"},"modified":"2025-11-27T15:34:17","modified_gmt":"2025-11-27T18:34:17","slug":"general-pico-volvio-a-suspender-el-cierre-de-los-festejos-por-el-120-aniversario-debido-al-pronostico-de-lluvia","status":"publish","type":"post","link":"http:\/\/www.rtvnoticias.com.ar\/?p=47547","title":{"rendered":"General Pico volvi\u00f3 a suspender el cierre de los festejos por el 120\u00b0 aniversario debido al pron\u00f3stico de lluvia"},"content":{"rendered":"\n<p>La Municipalidad de General Pico resolvi\u00f3 postergar la \u00faltima jornada del \u201cFestival Pico Cumple\u201d, prevista para este domingo 30 de noviembre, ante las previsiones de mal tiempo que anticipan lluvias para gran parte del fin de semana. La decisi\u00f3n se conoci\u00f3 en las \u00faltimas horas y afecta directamente al acto de cierre que iba a reunir a miles de vecinos.<\/p>\n\n\n\n<p>La celebraci\u00f3n por los 120 a\u00f1os de la ciudad, que ven\u00eda convocando a un importante marco de p\u00fablico desde su lanzamiento, deber\u00e1 esperar una nueva fecha. Seg\u00fan indicaron las autoridades locales, las condiciones meteorol\u00f3gicas previstas impedir\u00edan garantizar el normal desarrollo de las actividades al aire libre programadas para la jornada final.<\/p>\n\n\n\n<p>El espect\u00e1culo central del reconocido artista \u201cEl Loco\u201d Amato, junto con diversas propuestas culturales y recreativas, quedar\u00e1 aplazado hasta que se confirme un nuevo cronograma. El municipio sostuvo que la prioridad es resguardar la seguridad de los asistentes ante la posibilidad de precipitaciones y tormentas que complicar\u00edan el montaje del escenario y la permanencia del p\u00fablico.<\/p>\n\n\n\n<p>A trav\u00e9s de un comunicado, el Ejecutivo municipal remarc\u00f3 que la medida se tom\u00f3 \u201ccon el objetivo de proteger a los vecinos que planeaban acercarse a disfrutar del evento\u201d, se\u00f1alando que la magnitud de la convocatoria exige condiciones clim\u00e1ticas favorables para garantizar una actividad ordenada y segura.<\/p>\n\n\n\n<p>Por el momento, no se inform\u00f3 una nueva fecha para la realizaci\u00f3n del espect\u00e1culo. Las autoridades adelantaron que la reprogramaci\u00f3n ser\u00e1 anunciada en los pr\u00f3ximos d\u00edas a trav\u00e9s de los canales oficiales. Mientras tanto, la comunidad permanece a la espera de que el clima permita llevar adelante el cierre de los festejos, que coronar\u00e1n un mes de actividades por el aniversario de la ciudad.<\/p>\n<div class=\"sharedaddy sd-sharing-enabled\"><div class=\"robots-nocontent sd-block sd-social sd-social-icon sd-sharing\"><h3 class=\"sd-title\">Comparte esto:<\/h3><div class=\"sd-content\"><ul><li class=\"share-twitter\"><a rel=\"nofollow noopener noreferrer\" data-shared=\"sharing-twitter-47547\" class=\"share-twitter sd-button share-icon no-text\" href=\"http:\/\/www.rtvnoticias.com.ar\/?p=47547&amp;share=twitter\" target=\"_blank\" title=\"Haz clic para compartir en Twitter\"><span><\/span><span class=\"sharing-screen-reader-text\">Haz clic para compartir en Twitter (Se abre en una ventana nueva)<\/span><\/a><\/li><li class=\"share-facebook\"><a rel=\"nofollow noopener noreferrer\" data-shared=\"sharing-facebook-47547\" class=\"share-facebook sd-button share-icon no-text\" href=\"http:\/\/www.rtvnoticias.com.ar\/?p=47547&amp;share=facebook\" target=\"_blank\" title=\"Haz clic para compartir en Facebook\"><span><\/span><span class=\"sharing-screen-reader-text\">Haz clic para compartir en Facebook (Se abre en una ventana nueva)<\/span><\/a><\/li><li class=\"share-jetpack-whatsapp\"><a rel=\"nofollow noopener noreferrer\" data-shared=\"\" class=\"share-jetpack-whatsapp sd-button share-icon no-text\" href=\"http:\/\/www.rtvnoticias.com.ar\/?p=47547&amp;share=jetpack-whatsapp\" target=\"_blank\" title=\"Haz clic para compartir en WhatsApp\"><span><\/span><span class=\"sharing-screen-reader-text\">Haz clic para compartir en WhatsApp (Se abre en una ventana nueva)<\/span><\/a><\/li><li class=\"share-telegram\"><a rel=\"nofollow noopener noreferrer\" data-shared=\"\" class=\"share-telegram sd-button share-icon no-text\" href=\"http:\/\/www.rtvnoticias.com.ar\/?p=47547&amp;share=telegram\" target=\"_blank\" title=\"Haz clic para compartir en Telegram\"><span><\/span><span class=\"sharing-screen-reader-text\">Haz clic para compartir en Telegram (Se abre en una ventana nueva)<\/span><\/a><\/li><li class=\"share-end\"><\/li><\/ul><\/div><\/div><\/div>","protected":false},"excerpt":{"rendered":"<p>La Municipalidad de General Pico resolvi\u00f3 postergar la \u00faltima jornada del \u201cFestival Pico Cumple\u201d, prevista para este domingo 30 de noviembre, ante las previsiones de<\/p>\n<div class=\"sharedaddy sd-sharing-enabled\"><div class=\"robots-nocontent sd-block sd-social sd-social-icon sd-sharing\"><h3 class=\"sd-title\">Comparte esto:<\/h3><div class=\"sd-content\"><ul><li class=\"share-twitter\"><a rel=\"nofollow noopener noreferrer\" data-shared=\"sharing-twitter-47547\" class=\"share-twitter sd-button share-icon no-text\" href=\"http:\/\/www.rtvnoticias.com.ar\/?p=47547&amp;share=twitter\" target=\"_blank\" title=\"Haz clic para compartir en Twitter\"><span><\/span><span class=\"sharing-screen-reader-text\">Haz clic para compartir en Twitter (Se abre en una ventana nueva)<\/span><\/a><\/li><li class=\"share-facebook\"><a rel=\"nofollow noopener noreferrer\" data-shared=\"sharing-facebook-47547\" class=\"share-facebook sd-button share-icon no-text\" href=\"http:\/\/www.rtvnoticias.com.ar\/?p=47547&amp;share=facebook\" target=\"_blank\" title=\"Haz clic para compartir en Facebook\"><span><\/span><span class=\"sharing-screen-reader-text\">Haz clic para compartir en Facebook (Se abre en una ventana nueva)<\/span><\/a><\/li><li class=\"share-jetpack-whatsapp\"><a rel=\"nofollow noopener noreferrer\" data-shared=\"\" class=\"share-jetpack-whatsapp sd-button share-icon no-text\" href=\"http:\/\/www.rtvnoticias.com.ar\/?p=47547&amp;share=jetpack-whatsapp\" target=\"_blank\" title=\"Haz clic para compartir en WhatsApp\"><span><\/span><span class=\"sharing-screen-reader-text\">Haz clic para compartir en WhatsApp (Se abre en una ventana nueva)<\/span><\/a><\/li><li class=\"share-telegram\"><a rel=\"nofollow noopener noreferrer\" data-shared=\"\" class=\"share-telegram sd-button share-icon no-text\" href=\"http:\/\/www.rtvnoticias.com.ar\/?p=47547&amp;share=telegram\" target=\"_blank\" title=\"Haz clic para compartir en Telegram\"><span><\/span><span class=\"sharing-screen-reader-text\">Haz clic para compartir en Telegram (Se abre en una ventana nueva)<\/span><\/a><\/li><li class=\"share-end\"><\/li><\/ul><\/div><\/div><\/div>","protected":false},"author":7,"featured_media":47548,"comment_status":"closed","ping_status":"closed","sticky":false,"template":"","format":"standard","meta":{"spay_email":"","jetpack_publicize_message":"","jetpack_is_tweetstorm":false,"jetpack_publicize_feature_enabled":true},"categories":[3],"tags":[],"jetpack_featured_media_url":"http:\/\/www.rtvnoticias.com.ar\/wp-content\/uploads\/2025\/11\/MMTHV7DVFNFDDEXEGPUC5A65O4.jpg","jetpack_publicize_connections":[],"jetpack_sharing_enabled":true,"_links":{"self":[{"href":"http:\/\/www.rtvnoticias.com.ar\/index.php?rest_route=\/wp\/v2\/posts\/47547"}],"collection":[{"href":"http:\/\/www.rtvnoticias.com.ar\/index.php?rest_route=\/wp\/v2\/posts"}],"about":[{"href":"http:\/\/www.rtvnoticias.com.ar\/index.php?rest_route=\/wp\/v2\/types\/post"}],"author":[{"embeddable":true,"href":"http:\/\/www.rtvnoticias.com.ar\/index.php?rest_route=\/wp\/v2\/users\/7"}],"replies":[{"embeddable":true,"href":"http:\/\/www.rtvnoticias.com.ar\/index.php?rest_route=%2Fwp%2Fv2%2Fcomments&post=47547"}],"version-history":[{"count":1,"href":"http:\/\/www.rtvnoticias.com.ar\/index.php?rest_route=\/wp\/v2\/posts\/47547\/revisions"}],"predecessor-version":[{"id":47549,"href":"http:\/\/www.rtvnoticias.com.ar\/index.php?rest_route=\/wp\/v2\/posts\/47547\/revisions\/47549"}],"wp:featuredmedia":[{"embeddable":true,"href":"http:\/\/www.rtvnoticias.com.ar\/index.php?rest_route=\/wp\/v2\/media\/47548"}],"wp:attachment":[{"href":"http:\/\/www.rtvnoticias.com.ar\/index.php?rest_route=%2Fwp%2Fv2%2Fmedia&parent=47547"}],"wp:term":[{"taxonomy":"category","embeddable":true,"href":"http:\/\/www.rtvnoticias.com.ar\/index.php?rest_route=%2Fwp%2Fv2%2Fcategories&post=47547"},{"taxonomy":"post_tag","embeddable":true,"href":"http:\/\/www.rtvnoticias.com.ar\/index.php?rest_route=%2Fwp%2Fv2%2Ftags&post=47547"}],"curies":[{"name":"wp","href":"https:\/\/api.w.org\/{rel}","templated":true}]}}