{"id":47550,"date":"2025-11-27T15:42:03","date_gmt":"2025-11-27T18:42:03","guid":{"rendered":"http:\/\/www.rtvnoticias.com.ar\/?p=47550"},"modified":"2025-11-27T15:42:09","modified_gmt":"2025-11-27T18:42:09","slug":"utelpa-confirmo-un-paro-por-la-falta-de-oferta-salarial-del-gobierno-pampeano","status":"publish","type":"post","link":"http:\/\/www.rtvnoticias.com.ar\/?p=47550","title":{"rendered":"Utelpa confirm\u00f3 un paro por la falta de oferta salarial del Gobierno pampeano"},"content":{"rendered":"\n<p>La negociaci\u00f3n salarial entre la Uni\u00f3n de Trabajadores de la Educaci\u00f3n de La Pampa (Utelpa) y el Gobierno provincial termin\u00f3 de manera abrupta este jueves, despu\u00e9s de que la administraci\u00f3n de Sergio Ziliotto informara que reci\u00e9n el 11 de diciembre presentar\u00e1 una propuesta formal. La respuesta del gremio fue inmediata: anunci\u00f3 una movilizaci\u00f3n para el 6 de diciembre, medida que impactar\u00e1 directamente en el tramo final del ciclo lectivo.<\/p>\n\n\n\n<p>El clima se tens\u00f3 apenas finalizado el encuentro. Claudia Calder\u00f3n, representante sindical, confirm\u00f3 que la organizaci\u00f3n avanzar\u00eda con una huelga de 24 horas, una herramienta ya aprobada en el \u00faltimo congreso extraordinario. Horas m\u00e1s tarde, un plenario de secretarios generales adelant\u00f3 la fecha prevista y fij\u00f3 la protesta para el 4 de diciembre.<\/p>\n\n\n\n<p>La reacci\u00f3n tom\u00f3 por sorpresa al Ejecutivo. Voceros oficiales se\u00f1alaron que Utelpa decidi\u00f3 romper el di\u00e1logo presionada por disputas internas y sectores autoconvocados, y remarcaron que tradicionalmente en la primera reuni\u00f3n de una paritaria no se presenta una oferta. Tambi\u00e9n cuestionaron que el gremio rechazara discutir aspectos vinculados a las condiciones laborales, un punto que consideraron central para avanzar en cualquier entendimiento.<\/p>\n\n\n\n<p>Desde la conducci\u00f3n sindical, en cambio, justificaron el portazo en la falta de respuestas a los reclamos planteados: una actualizaci\u00f3n salarial que acompa\u00f1e la p\u00e9rdida del poder adquisitivo, la suspensi\u00f3n de la disponibilidad sin goce de haberes, la defensa del Estatuto Docente y de la negociaci\u00f3n paritaria, la desconexi\u00f3n digital y mejores condiciones para el ejercicio de la tarea educativa. \u201cLa voz de las y los docentes debe ser escuchada. Cada derecho que defendemos es una conquista colectiva\u201d, expres\u00f3 el gremio en un comunicado.<\/p>\n\n\n\n<p>En sus redes sociales, Utelpa argument\u00f3 que la reuni\u00f3n se desarroll\u00f3 con disposici\u00f3n al di\u00e1logo, pero que no hubo una propuesta que permitiera continuar el intercambio. \u201cLa ausencia de una oferta salarial dej\u00f3 sin condiciones reales de continuidad a la negociaci\u00f3n\u201d, afirmaron, y solicitaron el cierre de la mesa para elevar el resultado al plenario ampliado.<\/p>\n\n\n\n<p>Por su parte, fuentes de Casa de Gobierno explicaron que la postergaci\u00f3n de la oferta responde a la necesidad de contar con dos datos claves: la audiencia del 10 de diciembre en la Corte Suprema, que podr\u00eda definir la deuda previsional que Naci\u00f3n mantiene con La Pampa, y el \u00edndice de inflaci\u00f3n de noviembre, que se conocer\u00e1 el d\u00eda 11. Elaborar una propuesta antes de esos indicadores, aseguraron, implicar\u00eda negociar \u201ca ciegas\u201d. Utelpa sostiene que los plazos ya se agotaron.<\/p>\n\n\n\n<p>El Ejecutivo tambi\u00e9n mantuvo este jueves la paritaria con el resto de los gremios estatales, donde detall\u00f3 la ca\u00edda de los ingresos nacionales y la recaudaci\u00f3n propia. Confirm\u00f3 que la oferta salarial llegar\u00e1 reci\u00e9n en la segunda semana de diciembre, aunque prometi\u00f3 intentar que los salarios acompa\u00f1en la inflaci\u00f3n. Tambi\u00e9n garantiz\u00f3 el pago de sueldos \u2014la masa salarial mensual ronda los 70 mil millones de pesos\u2014, pero admiti\u00f3 dudas respecto del aguinaldo, incluso evaluando la posibilidad de un pago desdoblado, opci\u00f3n rechazada por los sindicatos.<\/p>\n\n\n\n<p>El \u00faltimo acuerdo firmado en agosto hab\u00eda fijado subas del 7,16% para agosto, septiembre y octubre, con cl\u00e1usula gatillo. Hasta entonces, los haberes provinciales ven\u00edan evolucionando por encima de la inflaci\u00f3n informada por el Indec. Sin embargo, el conflicto abierto con docentes vuelve a tensar el escenario en v\u00edsperas del cierre del a\u00f1o escolar.<\/p>\n<div class=\"sharedaddy sd-sharing-enabled\"><div class=\"robots-nocontent sd-block sd-social sd-social-icon sd-sharing\"><h3 class=\"sd-title\">Comparte esto:<\/h3><div class=\"sd-content\"><ul><li class=\"share-twitter\"><a rel=\"nofollow noopener noreferrer\" data-shared=\"sharing-twitter-47550\" class=\"share-twitter sd-button share-icon no-text\" href=\"http:\/\/www.rtvnoticias.com.ar\/?p=47550&amp;share=twitter\" target=\"_blank\" title=\"Haz clic para compartir en Twitter\"><span><\/span><span class=\"sharing-screen-reader-text\">Haz clic para compartir en Twitter (Se abre en una ventana nueva)<\/span><\/a><\/li><li class=\"share-facebook\"><a rel=\"nofollow noopener noreferrer\" data-shared=\"sharing-facebook-47550\" class=\"share-facebook sd-button share-icon no-text\" href=\"http:\/\/www.rtvnoticias.com.ar\/?p=47550&amp;share=facebook\" target=\"_blank\" title=\"Haz clic para compartir en Facebook\"><span><\/span><span class=\"sharing-screen-reader-text\">Haz clic para compartir en Facebook (Se abre en una ventana nueva)<\/span><\/a><\/li><li class=\"share-jetpack-whatsapp\"><a rel=\"nofollow noopener noreferrer\" data-shared=\"\" class=\"share-jetpack-whatsapp sd-button share-icon no-text\" href=\"http:\/\/www.rtvnoticias.com.ar\/?p=47550&amp;share=jetpack-whatsapp\" target=\"_blank\" title=\"Haz clic para compartir en WhatsApp\"><span><\/span><span class=\"sharing-screen-reader-text\">Haz clic para compartir en WhatsApp (Se abre en una ventana nueva)<\/span><\/a><\/li><li class=\"share-telegram\"><a rel=\"nofollow noopener noreferrer\" data-shared=\"\" class=\"share-telegram sd-button share-icon no-text\" href=\"http:\/\/www.rtvnoticias.com.ar\/?p=47550&amp;share=telegram\" target=\"_blank\" title=\"Haz clic para compartir en Telegram\"><span><\/span><span class=\"sharing-screen-reader-text\">Haz clic para compartir en Telegram (Se abre en una ventana nueva)<\/span><\/a><\/li><li class=\"share-end\"><\/li><\/ul><\/div><\/div><\/div>","protected":false},"excerpt":{"rendered":"<p>La negociaci\u00f3n salarial entre la Uni\u00f3n de Trabajadores de la Educaci\u00f3n de La Pampa (Utelpa) y el Gobierno provincial termin\u00f3 de manera abrupta este jueves,<\/p>\n<div class=\"sharedaddy sd-sharing-enabled\"><div class=\"robots-nocontent sd-block sd-social sd-social-icon sd-sharing\"><h3 class=\"sd-title\">Comparte esto:<\/h3><div class=\"sd-content\"><ul><li class=\"share-twitter\"><a rel=\"nofollow noopener noreferrer\" data-shared=\"sharing-twitter-47550\" class=\"share-twitter sd-button share-icon no-text\" href=\"http:\/\/www.rtvnoticias.com.ar\/?p=47550&amp;share=twitter\" target=\"_blank\" title=\"Haz clic para compartir en Twitter\"><span><\/span><span class=\"sharing-screen-reader-text\">Haz clic para compartir en Twitter (Se abre en una ventana nueva)<\/span><\/a><\/li><li class=\"share-facebook\"><a rel=\"nofollow noopener noreferrer\" data-shared=\"sharing-facebook-47550\" class=\"share-facebook sd-button share-icon no-text\" href=\"http:\/\/www.rtvnoticias.com.ar\/?p=47550&amp;share=facebook\" target=\"_blank\" title=\"Haz clic para compartir en Facebook\"><span><\/span><span class=\"sharing-screen-reader-text\">Haz clic para compartir en Facebook (Se abre en una ventana nueva)<\/span><\/a><\/li><li class=\"share-jetpack-whatsapp\"><a rel=\"nofollow noopener noreferrer\" data-shared=\"\" class=\"share-jetpack-whatsapp sd-button share-icon no-text\" href=\"http:\/\/www.rtvnoticias.com.ar\/?p=47550&amp;share=jetpack-whatsapp\" target=\"_blank\" title=\"Haz clic para compartir en WhatsApp\"><span><\/span><span class=\"sharing-screen-reader-text\">Haz clic para compartir en WhatsApp (Se abre en una ventana nueva)<\/span><\/a><\/li><li class=\"share-telegram\"><a rel=\"nofollow noopener noreferrer\" data-shared=\"\" class=\"share-telegram sd-button share-icon no-text\" href=\"http:\/\/www.rtvnoticias.com.ar\/?p=47550&amp;share=telegram\" target=\"_blank\" title=\"Haz clic para compartir en Telegram\"><span><\/span><span class=\"sharing-screen-reader-text\">Haz clic para compartir en Telegram (Se abre en una ventana nueva)<\/span><\/a><\/li><li class=\"share-end\"><\/li><\/ul><\/div><\/div><\/div>","protected":false},"author":7,"featured_media":47551,"comment_status":"closed","ping_status":"closed","sticky":false,"template":"","format":"standard","meta":{"spay_email":"","jetpack_publicize_message":"","jetpack_is_tweetstorm":false,"jetpack_publicize_feature_enabled":true},"categories":[4],"tags":[],"jetpack_featured_media_url":"http:\/\/www.rtvnoticias.com.ar\/wp-content\/uploads\/2025\/11\/Utelpa_paro_caminata_pancarta_9junio2022.jpg","jetpack_publicize_connections":[],"jetpack_sharing_enabled":true,"_links":{"self":[{"href":"http:\/\/www.rtvnoticias.com.ar\/index.php?rest_route=\/wp\/v2\/posts\/47550"}],"collection":[{"href":"http:\/\/www.rtvnoticias.com.ar\/index.php?rest_route=\/wp\/v2\/posts"}],"about":[{"href":"http:\/\/www.rtvnoticias.com.ar\/index.php?rest_route=\/wp\/v2\/types\/post"}],"author":[{"embeddable":true,"href":"http:\/\/www.rtvnoticias.com.ar\/index.php?rest_route=\/wp\/v2\/users\/7"}],"replies":[{"embeddable":true,"href":"http:\/\/www.rtvnoticias.com.ar\/index.php?rest_route=%2Fwp%2Fv2%2Fcomments&post=47550"}],"version-history":[{"count":1,"href":"http:\/\/www.rtvnoticias.com.ar\/index.php?rest_route=\/wp\/v2\/posts\/47550\/revisions"}],"predecessor-version":[{"id":47552,"href":"http:\/\/www.rtvnoticias.com.ar\/index.php?rest_route=\/wp\/v2\/posts\/47550\/revisions\/47552"}],"wp:featuredmedia":[{"embeddable":true,"href":"http:\/\/www.rtvnoticias.com.ar\/index.php?rest_route=\/wp\/v2\/media\/47551"}],"wp:attachment":[{"href":"http:\/\/www.rtvnoticias.com.ar\/index.php?rest_route=%2Fwp%2Fv2%2Fmedia&parent=47550"}],"wp:term":[{"taxonomy":"category","embeddable":true,"href":"http:\/\/www.rtvnoticias.com.ar\/index.php?rest_route=%2Fwp%2Fv2%2Fcategories&post=47550"},{"taxonomy":"post_tag","embeddable":true,"href":"http:\/\/www.rtvnoticias.com.ar\/index.php?rest_route=%2Fwp%2Fv2%2Ftags&post=47550"}],"curies":[{"name":"wp","href":"https:\/\/api.w.org\/{rel}","templated":true}]}}