{"id":47553,"date":"2025-11-27T15:30:00","date_gmt":"2025-11-27T18:30:00","guid":{"rendered":"http:\/\/www.rtvnoticias.com.ar\/?p=47553"},"modified":"2025-11-27T15:48:29","modified_gmt":"2025-11-27T18:48:29","slug":"whirlpool-confirmo-el-cierre-de-su-planta-en-pilar-y-avanza-en-un-acuerdo-de-desvinculacion-para-220-empleados","status":"publish","type":"post","link":"http:\/\/www.rtvnoticias.com.ar\/?p=47553","title":{"rendered":"Whirlpool confirm\u00f3 el cierre de su planta en Pilar y avanza en un acuerdo de desvinculaci\u00f3n para 220 empleados"},"content":{"rendered":"\n<p>En una decisi\u00f3n que tom\u00f3 por sorpresa a su personal y al sector industrial, Whirlpool anunci\u00f3 el cese definitivo de la producci\u00f3n de lavarropas en su complejo ubicado en el Parque Industrial de F\u00e1tima, en el partido bonaerense de Pilar. La medida implica la desvinculaci\u00f3n de 220 trabajadores y marca un giro en la estrategia de la compa\u00f1\u00eda en el pa\u00eds.<\/p>\n\n\n\n<p>La multinacional comunic\u00f3 la determinaci\u00f3n este mi\u00e9rcoles y, de inmediato, abri\u00f3 una mesa de negociaci\u00f3n con la Uni\u00f3n Obrera Metal\u00fargica (UOM) para dise\u00f1ar un esquema de salida para todos los empleados afectados. Seg\u00fan trascendi\u00f3, la propuesta incluir\u00e1 el pago de indemnizaciones completas junto con una compensaci\u00f3n adicional, alcanzando tanto a operarios como a personal t\u00e9cnico y administrativo.<\/p>\n\n\n\n<p>La empresa fundament\u00f3 el cierre en la p\u00e9rdida de competitividad para abastecer mercados externos y en la creciente presi\u00f3n de los productos importados, en un contexto general de retracci\u00f3n del consumo interno. A pesar de la clausura de la l\u00ednea productiva, la firma asegur\u00f3 que sostendr\u00e1 su estructura comercial y de servicios en Argentina, integrada por entre 100 y 120 empleados, con el objetivo de continuar distribuyendo electrodom\u00e9sticos, accesorios y repuestos en todo el pa\u00eds.<\/p>\n\n\n\n<p>La planta, inaugurada en octubre de 2022 tras una inversi\u00f3n de USD 52 millones, hab\u00eda sido proyectada para fabricar hasta 300.000 unidades anuales, con la meta de exportar el 70% de ese volumen. No obstante, esas expectativas nunca llegaron a concretarse. De aqu\u00ed en adelante, la compa\u00f1\u00eda abastecer\u00e1 el mercado argentino con unidades provenientes de Brasil y China, seg\u00fan confirmaron fuentes del sector.<\/p>\n\n\n\n<p>En un comunicado difundido a nivel corporativo, Whirlpool se\u00f1al\u00f3 que la medida responde a un proceso global de revisi\u00f3n de su estructura productiva, orientado a mejorar la eficiencia y optimizar la asignaci\u00f3n de recursos. La empresa indic\u00f3 que la determinaci\u00f3n implica una reorganizaci\u00f3n profunda de su operaci\u00f3n en el pa\u00eds, que quedar\u00e1 enfocada exclusivamente en actividades comerciales y de servicio t\u00e9cnico.<\/p>\n\n\n\n<p>Con m\u00e1s de tres d\u00e9cadas de presencia en Argentina, la marca estadounidense es una de las l\u00edderes hist\u00f3ricas del segmento de electrodom\u00e9sticos de l\u00ednea blanca. A nivel global, Whirlpool factura alrededor de USD 19.000 millones anuales, emplea a 59.000 personas y opera 55 centros de investigaci\u00f3n y producci\u00f3n.<\/p>\n<div class=\"sharedaddy sd-sharing-enabled\"><div class=\"robots-nocontent sd-block sd-social sd-social-icon sd-sharing\"><h3 class=\"sd-title\">Comparte esto:<\/h3><div class=\"sd-content\"><ul><li class=\"share-twitter\"><a rel=\"nofollow noopener noreferrer\" data-shared=\"sharing-twitter-47553\" class=\"share-twitter sd-button share-icon no-text\" href=\"http:\/\/www.rtvnoticias.com.ar\/?p=47553&amp;share=twitter\" target=\"_blank\" title=\"Haz clic para compartir en Twitter\"><span><\/span><span class=\"sharing-screen-reader-text\">Haz clic para compartir en Twitter (Se abre en una ventana nueva)<\/span><\/a><\/li><li class=\"share-facebook\"><a rel=\"nofollow noopener noreferrer\" data-shared=\"sharing-facebook-47553\" class=\"share-facebook sd-button share-icon no-text\" href=\"http:\/\/www.rtvnoticias.com.ar\/?p=47553&amp;share=facebook\" target=\"_blank\" title=\"Haz clic para compartir en Facebook\"><span><\/span><span class=\"sharing-screen-reader-text\">Haz clic para compartir en Facebook (Se abre en una ventana nueva)<\/span><\/a><\/li><li class=\"share-jetpack-whatsapp\"><a rel=\"nofollow noopener noreferrer\" data-shared=\"\" class=\"share-jetpack-whatsapp sd-button share-icon no-text\" href=\"http:\/\/www.rtvnoticias.com.ar\/?p=47553&amp;share=jetpack-whatsapp\" target=\"_blank\" title=\"Haz clic para compartir en WhatsApp\"><span><\/span><span class=\"sharing-screen-reader-text\">Haz clic para compartir en WhatsApp (Se abre en una ventana nueva)<\/span><\/a><\/li><li class=\"share-telegram\"><a rel=\"nofollow noopener noreferrer\" data-shared=\"\" class=\"share-telegram sd-button share-icon no-text\" href=\"http:\/\/www.rtvnoticias.com.ar\/?p=47553&amp;share=telegram\" target=\"_blank\" title=\"Haz clic para compartir en Telegram\"><span><\/span><span class=\"sharing-screen-reader-text\">Haz clic para compartir en Telegram (Se abre en una ventana nueva)<\/span><\/a><\/li><li class=\"share-end\"><\/li><\/ul><\/div><\/div><\/div>","protected":false},"excerpt":{"rendered":"<p>En una decisi\u00f3n que tom\u00f3 por sorpresa a su personal y al sector industrial, Whirlpool anunci\u00f3 el cese definitivo de la producci\u00f3n de lavarropas en<\/p>\n<div class=\"sharedaddy sd-sharing-enabled\"><div class=\"robots-nocontent sd-block sd-social sd-social-icon sd-sharing\"><h3 class=\"sd-title\">Comparte esto:<\/h3><div class=\"sd-content\"><ul><li class=\"share-twitter\"><a rel=\"nofollow noopener noreferrer\" data-shared=\"sharing-twitter-47553\" class=\"share-twitter sd-button share-icon no-text\" href=\"http:\/\/www.rtvnoticias.com.ar\/?p=47553&amp;share=twitter\" target=\"_blank\" title=\"Haz clic para compartir en Twitter\"><span><\/span><span class=\"sharing-screen-reader-text\">Haz clic para compartir en Twitter (Se abre en una ventana nueva)<\/span><\/a><\/li><li class=\"share-facebook\"><a rel=\"nofollow noopener noreferrer\" data-shared=\"sharing-facebook-47553\" class=\"share-facebook sd-button share-icon no-text\" href=\"http:\/\/www.rtvnoticias.com.ar\/?p=47553&amp;share=facebook\" target=\"_blank\" title=\"Haz clic para compartir en Facebook\"><span><\/span><span class=\"sharing-screen-reader-text\">Haz clic para compartir en Facebook (Se abre en una ventana nueva)<\/span><\/a><\/li><li class=\"share-jetpack-whatsapp\"><a rel=\"nofollow noopener noreferrer\" data-shared=\"\" class=\"share-jetpack-whatsapp sd-button share-icon no-text\" href=\"http:\/\/www.rtvnoticias.com.ar\/?p=47553&amp;share=jetpack-whatsapp\" target=\"_blank\" title=\"Haz clic para compartir en WhatsApp\"><span><\/span><span class=\"sharing-screen-reader-text\">Haz clic para compartir en WhatsApp (Se abre en una ventana nueva)<\/span><\/a><\/li><li class=\"share-telegram\"><a rel=\"nofollow noopener noreferrer\" data-shared=\"\" class=\"share-telegram sd-button share-icon no-text\" href=\"http:\/\/www.rtvnoticias.com.ar\/?p=47553&amp;share=telegram\" target=\"_blank\" title=\"Haz clic para compartir en Telegram\"><span><\/span><span class=\"sharing-screen-reader-text\">Haz clic para compartir en Telegram (Se abre en una ventana nueva)<\/span><\/a><\/li><li class=\"share-end\"><\/li><\/ul><\/div><\/div><\/div>","protected":false},"author":7,"featured_media":47554,"comment_status":"closed","ping_status":"closed","sticky":false,"template":"","format":"standard","meta":{"spay_email":"","jetpack_publicize_message":"","jetpack_is_tweetstorm":false,"jetpack_publicize_feature_enabled":true},"categories":[5],"tags":[],"jetpack_featured_media_url":"http:\/\/www.rtvnoticias.com.ar\/wp-content\/uploads\/2025\/11\/cierre-de-Whirlpool-.jpg","jetpack_publicize_connections":[],"jetpack_sharing_enabled":true,"_links":{"self":[{"href":"http:\/\/www.rtvnoticias.com.ar\/index.php?rest_route=\/wp\/v2\/posts\/47553"}],"collection":[{"href":"http:\/\/www.rtvnoticias.com.ar\/index.php?rest_route=\/wp\/v2\/posts"}],"about":[{"href":"http:\/\/www.rtvnoticias.com.ar\/index.php?rest_route=\/wp\/v2\/types\/post"}],"author":[{"embeddable":true,"href":"http:\/\/www.rtvnoticias.com.ar\/index.php?rest_route=\/wp\/v2\/users\/7"}],"replies":[{"embeddable":true,"href":"http:\/\/www.rtvnoticias.com.ar\/index.php?rest_route=%2Fwp%2Fv2%2Fcomments&post=47553"}],"version-history":[{"count":1,"href":"http:\/\/www.rtvnoticias.com.ar\/index.php?rest_route=\/wp\/v2\/posts\/47553\/revisions"}],"predecessor-version":[{"id":47555,"href":"http:\/\/www.rtvnoticias.com.ar\/index.php?rest_route=\/wp\/v2\/posts\/47553\/revisions\/47555"}],"wp:featuredmedia":[{"embeddable":true,"href":"http:\/\/www.rtvnoticias.com.ar\/index.php?rest_route=\/wp\/v2\/media\/47554"}],"wp:attachment":[{"href":"http:\/\/www.rtvnoticias.com.ar\/index.php?rest_route=%2Fwp%2Fv2%2Fmedia&parent=47553"}],"wp:term":[{"taxonomy":"category","embeddable":true,"href":"http:\/\/www.rtvnoticias.com.ar\/index.php?rest_route=%2Fwp%2Fv2%2Fcategories&post=47553"},{"taxonomy":"post_tag","embeddable":true,"href":"http:\/\/www.rtvnoticias.com.ar\/index.php?rest_route=%2Fwp%2Fv2%2Ftags&post=47553"}],"curies":[{"name":"wp","href":"https:\/\/api.w.org\/{rel}","templated":true}]}}