{"id":47556,"date":"2025-11-27T15:52:26","date_gmt":"2025-11-27T18:52:26","guid":{"rendered":"http:\/\/www.rtvnoticias.com.ar\/?p=47556"},"modified":"2025-11-27T15:52:31","modified_gmt":"2025-11-27T18:52:31","slug":"la-legislatura-aprobo-el-pase-a-planta-permanente-de-300-contratados-en-medio-de-cuestionamientos-por-la-falta-de-informacion","status":"publish","type":"post","link":"http:\/\/www.rtvnoticias.com.ar\/?p=47556","title":{"rendered":"La Legislatura aprob\u00f3 el pase a planta permanente de 300 contratados, en medio de cuestionamientos por la falta de informaci\u00f3n"},"content":{"rendered":"\n<p>En una sesi\u00f3n marcada por tensiones y posiciones divididas, la Legislatura provincial dio luz verde este jueves por la tarde a la ley que habilita la incorporaci\u00f3n a planta permanente de trabajadores contratados en los tres poderes del Estado. Si bien a\u00fan no hay una cifra oficial, fuentes legislativas estiman que la medida alcanzar\u00eda a alrededor de 300 agentes.<\/p>\n\n\n\n<p>Durante el debate, el diputado peronista Daniel Lovera explic\u00f3 que la norma surge de acuerdos paritarios y busca garantizar estabilidad laboral a quienes acreditan m\u00e1s de 180 d\u00edas de servicio continuo. \u201cSe trata de atender una demanda hist\u00f3rica del personal contratado y de dar previsibilidad a la estructura estatal\u201d, sostuvo.<\/p>\n\n\n\n<p>La iniciativa recibi\u00f3 el respaldo del bloque Frejupa y de Comunidad Organizada. Sin embargo, la oposici\u00f3n opt\u00f3 por abstenerse. Tanto el Pro como la UCR expresaron reparos sobre el procedimiento y la falta de datos concretos que acompa\u00f1aran la propuesta.<\/p>\n\n\n\n<p>El diputado radical Hip\u00f3lito Altolaguirre plante\u00f3 que la discusi\u00f3n avanz\u00f3 sin contar con un tratamiento previo en comisi\u00f3n ni con la presencia de funcionarios que aportaran precisiones. \u201cNo se discute la importancia de otorgar estabilidad, pero necesitamos informaci\u00f3n detallada para evaluar el impacto fiscal y administrativo\u201d, se\u00f1al\u00f3.<\/p>\n\n\n\n<p>En la misma l\u00ednea, la legisladora Laura Trapaglia (Pro-MID) justific\u00f3 su abstenci\u00f3n al remarcar que no se present\u00f3 un listado de beneficiarios ni se especific\u00f3 c\u00f3mo se distribuir\u00e1n los ingresos entre los distintos organismos. \u201cSe pretende aprobar un proyecto del que desconocemos elementos esenciales\u201d, advirti\u00f3.<\/p>\n\n\n\n<p>Desde Comunidad Organizada, en cambio, defendieron la medida. Sandra Fonseca argument\u00f3 que garantizar estabilidad laboral es un paso necesario para profesionalizar el empleo p\u00fablico. Tambi\u00e9n reiter\u00f3 el pedido de crear una Escuela de Gobierno que contribuya a mejorar la formaci\u00f3n y el desempe\u00f1o del personal estatal. \u201cLa calidad de las pol\u00edticas p\u00fablicas depende de trabajadores capacitados y con condiciones laborales s\u00f3lidas\u201d, afirm\u00f3.<\/p>\n\n\n\n<p>Con la aprobaci\u00f3n de la ley, el Gobierno provincial deber\u00e1 ahora avanzar en la instrumentaci\u00f3n del pase a planta, un proceso que ser\u00e1 seguido de cerca por los gremios y la oposici\u00f3n, a la espera de precisiones sobre su alcance real y su impacto presupuestario.<\/p>\n<div class=\"sharedaddy sd-sharing-enabled\"><div class=\"robots-nocontent sd-block sd-social sd-social-icon sd-sharing\"><h3 class=\"sd-title\">Comparte esto:<\/h3><div class=\"sd-content\"><ul><li class=\"share-twitter\"><a rel=\"nofollow noopener noreferrer\" data-shared=\"sharing-twitter-47556\" class=\"share-twitter sd-button share-icon no-text\" href=\"http:\/\/www.rtvnoticias.com.ar\/?p=47556&amp;share=twitter\" target=\"_blank\" title=\"Haz clic para compartir en Twitter\"><span><\/span><span class=\"sharing-screen-reader-text\">Haz clic para compartir en Twitter (Se abre en una ventana nueva)<\/span><\/a><\/li><li class=\"share-facebook\"><a rel=\"nofollow noopener noreferrer\" data-shared=\"sharing-facebook-47556\" class=\"share-facebook sd-button share-icon no-text\" href=\"http:\/\/www.rtvnoticias.com.ar\/?p=47556&amp;share=facebook\" target=\"_blank\" title=\"Haz clic para compartir en Facebook\"><span><\/span><span class=\"sharing-screen-reader-text\">Haz clic para compartir en Facebook (Se abre en una ventana nueva)<\/span><\/a><\/li><li class=\"share-jetpack-whatsapp\"><a rel=\"nofollow noopener noreferrer\" data-shared=\"\" class=\"share-jetpack-whatsapp sd-button share-icon no-text\" href=\"http:\/\/www.rtvnoticias.com.ar\/?p=47556&amp;share=jetpack-whatsapp\" target=\"_blank\" title=\"Haz clic para compartir en WhatsApp\"><span><\/span><span class=\"sharing-screen-reader-text\">Haz clic para compartir en WhatsApp (Se abre en una ventana nueva)<\/span><\/a><\/li><li class=\"share-telegram\"><a rel=\"nofollow noopener noreferrer\" data-shared=\"\" class=\"share-telegram sd-button share-icon no-text\" href=\"http:\/\/www.rtvnoticias.com.ar\/?p=47556&amp;share=telegram\" target=\"_blank\" title=\"Haz clic para compartir en Telegram\"><span><\/span><span class=\"sharing-screen-reader-text\">Haz clic para compartir en Telegram (Se abre en una ventana nueva)<\/span><\/a><\/li><li class=\"share-end\"><\/li><\/ul><\/div><\/div><\/div>","protected":false},"excerpt":{"rendered":"<p>En una sesi\u00f3n marcada por tensiones y posiciones divididas, la Legislatura provincial dio luz verde este jueves por la tarde a la ley que habilita<\/p>\n<div class=\"sharedaddy sd-sharing-enabled\"><div class=\"robots-nocontent sd-block sd-social sd-social-icon sd-sharing\"><h3 class=\"sd-title\">Comparte esto:<\/h3><div class=\"sd-content\"><ul><li class=\"share-twitter\"><a rel=\"nofollow noopener noreferrer\" data-shared=\"sharing-twitter-47556\" class=\"share-twitter sd-button share-icon no-text\" href=\"http:\/\/www.rtvnoticias.com.ar\/?p=47556&amp;share=twitter\" target=\"_blank\" title=\"Haz clic para compartir en Twitter\"><span><\/span><span class=\"sharing-screen-reader-text\">Haz clic para compartir en Twitter (Se abre en una ventana nueva)<\/span><\/a><\/li><li class=\"share-facebook\"><a rel=\"nofollow noopener noreferrer\" data-shared=\"sharing-facebook-47556\" class=\"share-facebook sd-button share-icon no-text\" href=\"http:\/\/www.rtvnoticias.com.ar\/?p=47556&amp;share=facebook\" target=\"_blank\" title=\"Haz clic para compartir en Facebook\"><span><\/span><span class=\"sharing-screen-reader-text\">Haz clic para compartir en Facebook (Se abre en una ventana nueva)<\/span><\/a><\/li><li class=\"share-jetpack-whatsapp\"><a rel=\"nofollow noopener noreferrer\" data-shared=\"\" class=\"share-jetpack-whatsapp sd-button share-icon no-text\" href=\"http:\/\/www.rtvnoticias.com.ar\/?p=47556&amp;share=jetpack-whatsapp\" target=\"_blank\" title=\"Haz clic para compartir en WhatsApp\"><span><\/span><span class=\"sharing-screen-reader-text\">Haz clic para compartir en WhatsApp (Se abre en una ventana nueva)<\/span><\/a><\/li><li class=\"share-telegram\"><a rel=\"nofollow noopener noreferrer\" data-shared=\"\" class=\"share-telegram sd-button share-icon no-text\" href=\"http:\/\/www.rtvnoticias.com.ar\/?p=47556&amp;share=telegram\" target=\"_blank\" title=\"Haz clic para compartir en Telegram\"><span><\/span><span class=\"sharing-screen-reader-text\">Haz clic para compartir en Telegram (Se abre en una ventana nueva)<\/span><\/a><\/li><li class=\"share-end\"><\/li><\/ul><\/div><\/div><\/div>","protected":false},"author":7,"featured_media":47314,"comment_status":"closed","ping_status":"closed","sticky":false,"template":"","format":"standard","meta":{"spay_email":"","jetpack_publicize_message":"","jetpack_is_tweetstorm":false,"jetpack_publicize_feature_enabled":true},"categories":[4],"tags":[],"jetpack_featured_media_url":"http:\/\/www.rtvnoticias.com.ar\/wp-content\/uploads\/2025\/10\/legislatura-secion-ord-13.jpeg","jetpack_publicize_connections":[],"jetpack_sharing_enabled":true,"_links":{"self":[{"href":"http:\/\/www.rtvnoticias.com.ar\/index.php?rest_route=\/wp\/v2\/posts\/47556"}],"collection":[{"href":"http:\/\/www.rtvnoticias.com.ar\/index.php?rest_route=\/wp\/v2\/posts"}],"about":[{"href":"http:\/\/www.rtvnoticias.com.ar\/index.php?rest_route=\/wp\/v2\/types\/post"}],"author":[{"embeddable":true,"href":"http:\/\/www.rtvnoticias.com.ar\/index.php?rest_route=\/wp\/v2\/users\/7"}],"replies":[{"embeddable":true,"href":"http:\/\/www.rtvnoticias.com.ar\/index.php?rest_route=%2Fwp%2Fv2%2Fcomments&post=47556"}],"version-history":[{"count":1,"href":"http:\/\/www.rtvnoticias.com.ar\/index.php?rest_route=\/wp\/v2\/posts\/47556\/revisions"}],"predecessor-version":[{"id":47557,"href":"http:\/\/www.rtvnoticias.com.ar\/index.php?rest_route=\/wp\/v2\/posts\/47556\/revisions\/47557"}],"wp:featuredmedia":[{"embeddable":true,"href":"http:\/\/www.rtvnoticias.com.ar\/index.php?rest_route=\/wp\/v2\/media\/47314"}],"wp:attachment":[{"href":"http:\/\/www.rtvnoticias.com.ar\/index.php?rest_route=%2Fwp%2Fv2%2Fmedia&parent=47556"}],"wp:term":[{"taxonomy":"category","embeddable":true,"href":"http:\/\/www.rtvnoticias.com.ar\/index.php?rest_route=%2Fwp%2Fv2%2Fcategories&post=47556"},{"taxonomy":"post_tag","embeddable":true,"href":"http:\/\/www.rtvnoticias.com.ar\/index.php?rest_route=%2Fwp%2Fv2%2Ftags&post=47556"}],"curies":[{"name":"wp","href":"https:\/\/api.w.org\/{rel}","templated":true}]}}