{"id":47566,"date":"2025-11-27T21:13:05","date_gmt":"2025-11-28T00:13:05","guid":{"rendered":"http:\/\/www.rtvnoticias.com.ar\/?p=47566"},"modified":"2025-11-27T21:13:10","modified_gmt":"2025-11-28T00:13:10","slug":"dura-sancion-de-la-afa-al-presidente-de-estudiantes-de-la-plata-y-a-los-jugadores","status":"publish","type":"post","link":"http:\/\/www.rtvnoticias.com.ar\/?p=47566","title":{"rendered":"Dura sanci\u00f3n de la AFA al presidente de Estudiantes de La Plata y a los jugadores"},"content":{"rendered":"\n<p class=\"has-luminous-vivid-orange-color has-text-color\"><strong><em>El\u00a0Tribunal de Disciplina\u00a0de la\u00a0Asociaci\u00f3n del F\u00fatbol Argentino\u00a0resolvi\u00f3 este jueves sancionar a los jugadores de\u00a0Estudiantes de La Plata\u00a0y a su presidente,\u00a0Juan Sebasti\u00e1n Ver\u00f3n, por el pasillo de espaldas realizado a\u00a0Rosario Central\u00a0en la \u00faltima fecha del torneo.<\/em><\/strong><\/p>\n\n\n\n<p>Seg\u00fan detall\u00f3 el organismo, todos los futbolistas del \u201cPincha\u201d que armaron el pasillo deber\u00e1n cumplir\u00a0dos fechas de suspensi\u00f3n, que comenzar\u00e1n a regir en la\u00a0temporada 2026\u00a0y no en el presente\u00a0Clausura. La medida fue adoptada por considerar que el gesto constituy\u00f3 \u00abuna falta al esp\u00edritu deportivo\u00bb.<\/p>\n\n\n\n<p>En tanto, Ver\u00f3n recibi\u00f3 una inhabilitaci\u00f3n de seis meses para ejercer \u201ctoda actividad relacionada con el f\u00fatbol\u201d, por haber infringido el art\u00edculo 12 del C\u00f3digo Disciplinario. La sanci\u00f3n alcanza funciones dirigenciales, representativas y cualquier rol institucional dentro del \u00e1mbito de la AFA.<\/p>\n\n\n\n<p>Adem\u00e1s, el capit\u00e1n del \u00abPincha\u00bb, Santiago N\u00fa\u00f1ez, no podr\u00e1 ejercer la capitan\u00eda por tres meses y hay una multa econ\u00f3mica por \u00abconducta ofensiva y violaci\u00f3n de los principios del juego limpio\u00bb.<\/p>\n\n\n\n<p>La resoluci\u00f3n cierra un expediente que gener\u00f3 amplia repercusi\u00f3n en el ambiente del f\u00fatbol, pero la pol\u00e9mica sigue m\u00e1s viva que nunca.<\/p>\n<div class=\"sharedaddy sd-sharing-enabled\"><div class=\"robots-nocontent sd-block sd-social sd-social-icon sd-sharing\"><h3 class=\"sd-title\">Comparte esto:<\/h3><div class=\"sd-content\"><ul><li class=\"share-twitter\"><a rel=\"nofollow noopener noreferrer\" data-shared=\"sharing-twitter-47566\" class=\"share-twitter sd-button share-icon no-text\" href=\"http:\/\/www.rtvnoticias.com.ar\/?p=47566&amp;share=twitter\" target=\"_blank\" title=\"Haz clic para compartir en Twitter\"><span><\/span><span class=\"sharing-screen-reader-text\">Haz clic para compartir en Twitter (Se abre en una ventana nueva)<\/span><\/a><\/li><li class=\"share-facebook\"><a rel=\"nofollow noopener noreferrer\" data-shared=\"sharing-facebook-47566\" class=\"share-facebook sd-button share-icon no-text\" href=\"http:\/\/www.rtvnoticias.com.ar\/?p=47566&amp;share=facebook\" target=\"_blank\" title=\"Haz clic para compartir en Facebook\"><span><\/span><span class=\"sharing-screen-reader-text\">Haz clic para compartir en Facebook (Se abre en una ventana nueva)<\/span><\/a><\/li><li class=\"share-jetpack-whatsapp\"><a rel=\"nofollow noopener noreferrer\" data-shared=\"\" class=\"share-jetpack-whatsapp sd-button share-icon no-text\" href=\"http:\/\/www.rtvnoticias.com.ar\/?p=47566&amp;share=jetpack-whatsapp\" target=\"_blank\" title=\"Haz clic para compartir en WhatsApp\"><span><\/span><span class=\"sharing-screen-reader-text\">Haz clic para compartir en WhatsApp (Se abre en una ventana nueva)<\/span><\/a><\/li><li class=\"share-telegram\"><a rel=\"nofollow noopener noreferrer\" data-shared=\"\" class=\"share-telegram sd-button share-icon no-text\" href=\"http:\/\/www.rtvnoticias.com.ar\/?p=47566&amp;share=telegram\" target=\"_blank\" title=\"Haz clic para compartir en Telegram\"><span><\/span><span class=\"sharing-screen-reader-text\">Haz clic para compartir en Telegram (Se abre en una ventana nueva)<\/span><\/a><\/li><li class=\"share-end\"><\/li><\/ul><\/div><\/div><\/div>","protected":false},"excerpt":{"rendered":"<p>El\u00a0Tribunal de Disciplina\u00a0de la\u00a0Asociaci\u00f3n del F\u00fatbol Argentino\u00a0resolvi\u00f3 este jueves sancionar a los jugadores de\u00a0Estudiantes de La Plata\u00a0y a su presidente,\u00a0Juan Sebasti\u00e1n Ver\u00f3n, por el pasillo<\/p>\n<div class=\"sharedaddy sd-sharing-enabled\"><div class=\"robots-nocontent sd-block sd-social sd-social-icon sd-sharing\"><h3 class=\"sd-title\">Comparte esto:<\/h3><div class=\"sd-content\"><ul><li class=\"share-twitter\"><a rel=\"nofollow noopener noreferrer\" data-shared=\"sharing-twitter-47566\" class=\"share-twitter sd-button share-icon no-text\" href=\"http:\/\/www.rtvnoticias.com.ar\/?p=47566&amp;share=twitter\" target=\"_blank\" title=\"Haz clic para compartir en Twitter\"><span><\/span><span class=\"sharing-screen-reader-text\">Haz clic para compartir en Twitter (Se abre en una ventana nueva)<\/span><\/a><\/li><li class=\"share-facebook\"><a rel=\"nofollow noopener noreferrer\" data-shared=\"sharing-facebook-47566\" class=\"share-facebook sd-button share-icon no-text\" href=\"http:\/\/www.rtvnoticias.com.ar\/?p=47566&amp;share=facebook\" target=\"_blank\" title=\"Haz clic para compartir en Facebook\"><span><\/span><span class=\"sharing-screen-reader-text\">Haz clic para compartir en Facebook (Se abre en una ventana nueva)<\/span><\/a><\/li><li class=\"share-jetpack-whatsapp\"><a rel=\"nofollow noopener noreferrer\" data-shared=\"\" class=\"share-jetpack-whatsapp sd-button share-icon no-text\" href=\"http:\/\/www.rtvnoticias.com.ar\/?p=47566&amp;share=jetpack-whatsapp\" target=\"_blank\" title=\"Haz clic para compartir en WhatsApp\"><span><\/span><span class=\"sharing-screen-reader-text\">Haz clic para compartir en WhatsApp (Se abre en una ventana nueva)<\/span><\/a><\/li><li class=\"share-telegram\"><a rel=\"nofollow noopener noreferrer\" data-shared=\"\" class=\"share-telegram sd-button share-icon no-text\" href=\"http:\/\/www.rtvnoticias.com.ar\/?p=47566&amp;share=telegram\" target=\"_blank\" title=\"Haz clic para compartir en Telegram\"><span><\/span><span class=\"sharing-screen-reader-text\">Haz clic para compartir en Telegram (Se abre en una ventana nueva)<\/span><\/a><\/li><li class=\"share-end\"><\/li><\/ul><\/div><\/div><\/div>","protected":false},"author":5,"featured_media":47567,"comment_status":"closed","ping_status":"closed","sticky":false,"template":"","format":"standard","meta":{"spay_email":"","jetpack_publicize_message":"","jetpack_is_tweetstorm":false,"jetpack_publicize_feature_enabled":true},"categories":[6],"tags":[5675],"jetpack_featured_media_url":"http:\/\/www.rtvnoticias.com.ar\/wp-content\/uploads\/2025\/11\/estudiantes-rosario.jpg","jetpack_publicize_connections":[],"jetpack_sharing_enabled":true,"_links":{"self":[{"href":"http:\/\/www.rtvnoticias.com.ar\/index.php?rest_route=\/wp\/v2\/posts\/47566"}],"collection":[{"href":"http:\/\/www.rtvnoticias.com.ar\/index.php?rest_route=\/wp\/v2\/posts"}],"about":[{"href":"http:\/\/www.rtvnoticias.com.ar\/index.php?rest_route=\/wp\/v2\/types\/post"}],"author":[{"embeddable":true,"href":"http:\/\/www.rtvnoticias.com.ar\/index.php?rest_route=\/wp\/v2\/users\/5"}],"replies":[{"embeddable":true,"href":"http:\/\/www.rtvnoticias.com.ar\/index.php?rest_route=%2Fwp%2Fv2%2Fcomments&post=47566"}],"version-history":[{"count":1,"href":"http:\/\/www.rtvnoticias.com.ar\/index.php?rest_route=\/wp\/v2\/posts\/47566\/revisions"}],"predecessor-version":[{"id":47568,"href":"http:\/\/www.rtvnoticias.com.ar\/index.php?rest_route=\/wp\/v2\/posts\/47566\/revisions\/47568"}],"wp:featuredmedia":[{"embeddable":true,"href":"http:\/\/www.rtvnoticias.com.ar\/index.php?rest_route=\/wp\/v2\/media\/47567"}],"wp:attachment":[{"href":"http:\/\/www.rtvnoticias.com.ar\/index.php?rest_route=%2Fwp%2Fv2%2Fmedia&parent=47566"}],"wp:term":[{"taxonomy":"category","embeddable":true,"href":"http:\/\/www.rtvnoticias.com.ar\/index.php?rest_route=%2Fwp%2Fv2%2Fcategories&post=47566"},{"taxonomy":"post_tag","embeddable":true,"href":"http:\/\/www.rtvnoticias.com.ar\/index.php?rest_route=%2Fwp%2Fv2%2Ftags&post=47566"}],"curies":[{"name":"wp","href":"https:\/\/api.w.org\/{rel}","templated":true}]}}