{"id":47572,"date":"2025-11-28T20:14:50","date_gmt":"2025-11-28T23:14:50","guid":{"rendered":"http:\/\/www.rtvnoticias.com.ar\/?p=47572"},"modified":"2025-11-28T20:14:57","modified_gmt":"2025-11-28T23:14:57","slug":"condenaron-a-prision-perpetua-al-hombre-que-mato-a-su-expareja-en-monte-nievas","status":"publish","type":"post","link":"http:\/\/www.rtvnoticias.com.ar\/?p=47572","title":{"rendered":"Condenaron a prisi\u00f3n perpetua al hombre que mat\u00f3 a su expareja en Monte Nievas"},"content":{"rendered":"\n<p>El vecino de Monte Nievas, Fabricio Alberto Borges, de 50 a\u00f1os, fue condenado a la pena de prisi\u00f3n perpetua\u00a0por el delito de homicidio doblemente agravado por haber sido cometido contra la persona con la cual mantuvo una relaci\u00f3n de pareja y por haber sido cometido contra una mujer cuando el hecho haya sido perpetrado por un hombre y mediare violencia de g\u00e9nero, femicidio.<\/p>\n\n\n\n<p>La sentencia fue dictada por un tribunal colegiado compuesto por los jueces de audiencia de General Pico, Mar\u00eda Jos\u00e9 Gianinetto, Federico Pellegrino y Marcelo Pagano.<\/p>\n\n\n\n<p>El juicio oral se desarroll\u00f3 durante las jornadas del 10 y 11 de noviembre con la intervenci\u00f3n del fiscal Guillermo Komarofky y la defensora oficia Mar\u00eda Soledad Forte.<\/p>\n\n\n\n<p>Las pruebas aportadas en la causa permitieron comprobar que el 28 de junio de 2024, en horas de la madrugada, el imputado discuti\u00f3 con su pareja con quien posee un hijo en com\u00fan de 8 a\u00f1os de edad en ese momento y con quienes conviv\u00eda en la misma propiedad en la localidad de Monte Nievas.<\/p>\n\n\n\n<p>En sus alegatos de acusaci\u00f3n la fiscal\u00eda dijo que el imputado golpe\u00f3 a la damnificada en reiteradas oportunidades y la asfixi\u00f3 con una soga en el cuello, caus\u00e1ndole la muerte por \u201casfixia mec\u00e1nica por ahorcamiento por lazo\u201d, conforme surgi\u00f3 de la autopsia realizada por el m\u00e9dico forense.<\/p>\n\n\n\n<p>Este hecho se enmarc\u00f3 en un acto de violencia que desplegaba desde tiempo atr\u00e1s el acusado sobre la v\u00edctima: econ\u00f3mica, f\u00edsica, sexual, psicol\u00f3gica, dom\u00e9stica, seg\u00fan las previsiones de la ley 26485.<\/p>\n\n\n\n<p>En sus alegatos de cierre, la fiscal\u00eda solicit\u00f3 que se imponga la pena de prisi\u00f3n perpetua para el imputado.<\/p>\n\n\n\n<p>Por su parte la defensa expres\u00f3 que su defendido aceptaba su culpabilidad, agreg\u00f3 que los hechos se encontraban probados por la prueba aportada por el fiscal y que el imputado aceptaba las consecuencias de sus actos.<\/p>\n<div class=\"sharedaddy sd-sharing-enabled\"><div class=\"robots-nocontent sd-block sd-social sd-social-icon sd-sharing\"><h3 class=\"sd-title\">Comparte esto:<\/h3><div class=\"sd-content\"><ul><li class=\"share-twitter\"><a rel=\"nofollow noopener noreferrer\" data-shared=\"sharing-twitter-47572\" class=\"share-twitter sd-button share-icon no-text\" href=\"http:\/\/www.rtvnoticias.com.ar\/?p=47572&amp;share=twitter\" target=\"_blank\" title=\"Haz clic para compartir en Twitter\"><span><\/span><span class=\"sharing-screen-reader-text\">Haz clic para compartir en Twitter (Se abre en una ventana nueva)<\/span><\/a><\/li><li class=\"share-facebook\"><a rel=\"nofollow noopener noreferrer\" data-shared=\"sharing-facebook-47572\" class=\"share-facebook sd-button share-icon no-text\" href=\"http:\/\/www.rtvnoticias.com.ar\/?p=47572&amp;share=facebook\" target=\"_blank\" title=\"Haz clic para compartir en Facebook\"><span><\/span><span class=\"sharing-screen-reader-text\">Haz clic para compartir en Facebook (Se abre en una ventana nueva)<\/span><\/a><\/li><li class=\"share-jetpack-whatsapp\"><a rel=\"nofollow noopener noreferrer\" data-shared=\"\" class=\"share-jetpack-whatsapp sd-button share-icon no-text\" href=\"http:\/\/www.rtvnoticias.com.ar\/?p=47572&amp;share=jetpack-whatsapp\" target=\"_blank\" title=\"Haz clic para compartir en WhatsApp\"><span><\/span><span class=\"sharing-screen-reader-text\">Haz clic para compartir en WhatsApp (Se abre en una ventana nueva)<\/span><\/a><\/li><li class=\"share-telegram\"><a rel=\"nofollow noopener noreferrer\" data-shared=\"\" class=\"share-telegram sd-button share-icon no-text\" href=\"http:\/\/www.rtvnoticias.com.ar\/?p=47572&amp;share=telegram\" target=\"_blank\" title=\"Haz clic para compartir en Telegram\"><span><\/span><span class=\"sharing-screen-reader-text\">Haz clic para compartir en Telegram (Se abre en una ventana nueva)<\/span><\/a><\/li><li class=\"share-end\"><\/li><\/ul><\/div><\/div><\/div>","protected":false},"excerpt":{"rendered":"<p>El vecino de Monte Nievas, Fabricio Alberto Borges, de 50 a\u00f1os, fue condenado a la pena de prisi\u00f3n perpetua\u00a0por el delito de homicidio doblemente agravado<\/p>\n<div class=\"sharedaddy sd-sharing-enabled\"><div class=\"robots-nocontent sd-block sd-social sd-social-icon sd-sharing\"><h3 class=\"sd-title\">Comparte esto:<\/h3><div class=\"sd-content\"><ul><li class=\"share-twitter\"><a rel=\"nofollow noopener noreferrer\" data-shared=\"sharing-twitter-47572\" class=\"share-twitter sd-button share-icon no-text\" href=\"http:\/\/www.rtvnoticias.com.ar\/?p=47572&amp;share=twitter\" target=\"_blank\" title=\"Haz clic para compartir en Twitter\"><span><\/span><span class=\"sharing-screen-reader-text\">Haz clic para compartir en Twitter (Se abre en una ventana nueva)<\/span><\/a><\/li><li class=\"share-facebook\"><a rel=\"nofollow noopener noreferrer\" data-shared=\"sharing-facebook-47572\" class=\"share-facebook sd-button share-icon no-text\" href=\"http:\/\/www.rtvnoticias.com.ar\/?p=47572&amp;share=facebook\" target=\"_blank\" title=\"Haz clic para compartir en Facebook\"><span><\/span><span class=\"sharing-screen-reader-text\">Haz clic para compartir en Facebook (Se abre en una ventana nueva)<\/span><\/a><\/li><li class=\"share-jetpack-whatsapp\"><a rel=\"nofollow noopener noreferrer\" data-shared=\"\" class=\"share-jetpack-whatsapp sd-button share-icon no-text\" href=\"http:\/\/www.rtvnoticias.com.ar\/?p=47572&amp;share=jetpack-whatsapp\" target=\"_blank\" title=\"Haz clic para compartir en WhatsApp\"><span><\/span><span class=\"sharing-screen-reader-text\">Haz clic para compartir en WhatsApp (Se abre en una ventana nueva)<\/span><\/a><\/li><li class=\"share-telegram\"><a rel=\"nofollow noopener noreferrer\" data-shared=\"\" class=\"share-telegram sd-button share-icon no-text\" href=\"http:\/\/www.rtvnoticias.com.ar\/?p=47572&amp;share=telegram\" target=\"_blank\" title=\"Haz clic para compartir en Telegram\"><span><\/span><span class=\"sharing-screen-reader-text\">Haz clic para compartir en Telegram (Se abre en una ventana nueva)<\/span><\/a><\/li><li class=\"share-end\"><\/li><\/ul><\/div><\/div><\/div>","protected":false},"author":5,"featured_media":47573,"comment_status":"closed","ping_status":"closed","sticky":false,"template":"","format":"standard","meta":{"spay_email":"","jetpack_publicize_message":"","jetpack_is_tweetstorm":false,"jetpack_publicize_feature_enabled":true},"categories":[3],"tags":[5677],"jetpack_featured_media_url":"http:\/\/www.rtvnoticias.com.ar\/wp-content\/uploads\/2025\/11\/monte-nievas.jpg","jetpack_publicize_connections":[],"jetpack_sharing_enabled":true,"_links":{"self":[{"href":"http:\/\/www.rtvnoticias.com.ar\/index.php?rest_route=\/wp\/v2\/posts\/47572"}],"collection":[{"href":"http:\/\/www.rtvnoticias.com.ar\/index.php?rest_route=\/wp\/v2\/posts"}],"about":[{"href":"http:\/\/www.rtvnoticias.com.ar\/index.php?rest_route=\/wp\/v2\/types\/post"}],"author":[{"embeddable":true,"href":"http:\/\/www.rtvnoticias.com.ar\/index.php?rest_route=\/wp\/v2\/users\/5"}],"replies":[{"embeddable":true,"href":"http:\/\/www.rtvnoticias.com.ar\/index.php?rest_route=%2Fwp%2Fv2%2Fcomments&post=47572"}],"version-history":[{"count":1,"href":"http:\/\/www.rtvnoticias.com.ar\/index.php?rest_route=\/wp\/v2\/posts\/47572\/revisions"}],"predecessor-version":[{"id":47574,"href":"http:\/\/www.rtvnoticias.com.ar\/index.php?rest_route=\/wp\/v2\/posts\/47572\/revisions\/47574"}],"wp:featuredmedia":[{"embeddable":true,"href":"http:\/\/www.rtvnoticias.com.ar\/index.php?rest_route=\/wp\/v2\/media\/47573"}],"wp:attachment":[{"href":"http:\/\/www.rtvnoticias.com.ar\/index.php?rest_route=%2Fwp%2Fv2%2Fmedia&parent=47572"}],"wp:term":[{"taxonomy":"category","embeddable":true,"href":"http:\/\/www.rtvnoticias.com.ar\/index.php?rest_route=%2Fwp%2Fv2%2Fcategories&post=47572"},{"taxonomy":"post_tag","embeddable":true,"href":"http:\/\/www.rtvnoticias.com.ar\/index.php?rest_route=%2Fwp%2Fv2%2Ftags&post=47572"}],"curies":[{"name":"wp","href":"https:\/\/api.w.org\/{rel}","templated":true}]}}