{"id":47581,"date":"2025-11-30T08:00:00","date_gmt":"2025-11-30T11:00:00","guid":{"rendered":"http:\/\/www.rtvnoticias.com.ar\/?p=47581"},"modified":"2025-11-29T20:59:32","modified_gmt":"2025-11-29T23:59:32","slug":"nueve-de-cada-diez-empresas-no-encuentran-empleados-con-las-habilidades-que-buscan","status":"publish","type":"post","link":"http:\/\/www.rtvnoticias.com.ar\/?p=47581","title":{"rendered":"Nueve de cada diez empresas no encuentran empleados con las habilidades que buscan"},"content":{"rendered":"\n<p>La\u00a0dificultad para encontrar empleados\u00a0con las habilidades necesarias es uno de los principales desaf\u00edos que enfrentan las compa\u00f1\u00edas en la Argentina, seg\u00fan un estudio privado.<\/p>\n\n\n\n<p>De acuerdo con IAE Business School e IDEA Relevamientos, 9 de cada 10 empresas reconocen que no encuentran los perfiles que necesitan con facilidad, por lo que se advierte una\u00a0brecha entre las habilidades que demandan\u00a0las empresas y las que ofrece el mercado laboral.<\/p>\n\n\n\n<p>Seg\u00fan supo\u00a0Agencia Noticias Argentinas, el relevamiento \u00abAn\u00e1lisis de la brecha de habilidades requeridas por las empresas en Argentina\u00bb arroj\u00f3 que siete de cada diez compa\u00f1\u00edas atribuyen el problema a la formaci\u00f3n desactualizada o insuficiente de las instituciones educativas.<\/p>\n\n\n\n<h3 class=\"wp-block-heading\">Cu\u00e1les son los puestos m\u00e1s dif\u00edciles de cubrir<\/h3>\n\n\n\n<ul>\n<li>Los puestos vinculados a\u00a0tecnolog\u00eda\u00a0(49%) y comerciales (45%) son los m\u00e1s dif\u00edciles de cubrir.<\/li>\n\n\n\n<li>Las empresas grandes son las que enfrentan mayores complicaciones en la b\u00fasqueda de posiciones vinculadas con tecnolog\u00eda (61%)<\/li>\n\n\n\n<li>Las PyMEs identificaron su principal obst\u00e1culo en las\u00a0posiciones comerciales\u00a0(51%).<\/li>\n<\/ul>\n\n\n\n<p>M\u00e1s all\u00e1 de la formaci\u00f3n, las\u00a0habilidades blandas\u00a0como autogesti\u00f3n (31%) y trabajo en equipo (22%) son las m\u00e1s dif\u00edciles de encontrar. Habilidades cognitivas, como creatividad y resoluci\u00f3n de problemas, tambi\u00e9n figuran entre las m\u00e1s demandadas y escasas.<\/p>\n\n\n\n<p>Desde el lado de los candidatos, el salario base (53%) y la modalidad de trabajo (40%) surgen como los principales motivos por los cuales rechazan ofertas laborales, con preferencia por los trabajos en modalidad h\u00edbrida o remota.<\/p>\n\n\n\n<p>El 94% de las compa\u00f1\u00edas indica que existen brechas entre las capacidades que esperan y las que traen los candidatos. Las brechas son m\u00e1s pronunciadas en los mandos medios y l\u00edderes, donde impactan directamente en la productividad y en la capacidad de gesti\u00f3n de equipos.<\/p>\n\n\n\n<p>\u201c\u201cEste desajuste entre las competencias requeridas y las disponibles reduce la competitividad de las empresas. Al mismo tiempo, obliga a muchas compa\u00f1\u00edas a destinar mayores recursos a capacitaci\u00f3n interna para cubrir esas brechas. As\u00ed como las empresas deben invertir en capacitaci\u00f3n, tambi\u00e9n el sistema educativo necesita actualizar sus modelos de ense\u00f1anza\u201d, se\u00f1al\u00f3 Luciana Paoletti, directora ejecutiva de IDEA.<\/p>\n\n\n\n<p>El 70% de las empresas atribuye el d\u00e9ficit de personas con las habilidades demandadas a la formaci\u00f3n desactualizada o insuficiente en las instituciones educativas, mientras que el 50% menciona la dificultad para adaptarse a entornos laborales exigentes o cambiantes.<\/p>\n\n\n\n<p>La falta de experiencias pr\u00e1cticas (45%) y la escasa motivaci\u00f3n por el aprendizaje continuo (38%) completan las principales causas del desajuste entre oferta y demanda de habilidades.<\/p>\n\n\n\n<p>Juli\u00e1n Irigoin, profesor de Comportamiento Humano en la Organizaci\u00f3n en IAE Business School, la escuela de negocios de la Universidad Austral, sostuvo que \u201cempresas de todos los tama\u00f1os y sectores manifiestan que hay brecha entre las habilidades que dicen necesitar y lo que encuentran\u201d.&nbsp;szzlBg<\/p>\n\n\n\n<p>\u00abEl grupo de habilidades donde la brecha es m\u00e1s relevante es de autogesti\u00f3n, conformado en gran medida por actitudes: motivaci\u00f3n y autoconciencia, curiosidad y aprendizaje continuo, fiabilidad y atenci\u00f3n al detalle, resiliencia, flexibilidad y agilidad. Estos datos podr\u00edan ser considerados en el dise\u00f1o curricular desde etapas tempranas\u201d, concluy\u00f3.<\/p>\n\n\n\n<p>Fuente: NA<\/p>\n<div class=\"sharedaddy sd-sharing-enabled\"><div class=\"robots-nocontent sd-block sd-social sd-social-icon sd-sharing\"><h3 class=\"sd-title\">Comparte esto:<\/h3><div class=\"sd-content\"><ul><li class=\"share-twitter\"><a rel=\"nofollow noopener noreferrer\" data-shared=\"sharing-twitter-47581\" class=\"share-twitter sd-button share-icon no-text\" href=\"http:\/\/www.rtvnoticias.com.ar\/?p=47581&amp;share=twitter\" target=\"_blank\" title=\"Haz clic para compartir en Twitter\"><span><\/span><span class=\"sharing-screen-reader-text\">Haz clic para compartir en Twitter (Se abre en una ventana nueva)<\/span><\/a><\/li><li class=\"share-facebook\"><a rel=\"nofollow noopener noreferrer\" data-shared=\"sharing-facebook-47581\" class=\"share-facebook sd-button share-icon no-text\" href=\"http:\/\/www.rtvnoticias.com.ar\/?p=47581&amp;share=facebook\" target=\"_blank\" title=\"Haz clic para compartir en Facebook\"><span><\/span><span class=\"sharing-screen-reader-text\">Haz clic para compartir en Facebook (Se abre en una ventana nueva)<\/span><\/a><\/li><li class=\"share-jetpack-whatsapp\"><a rel=\"nofollow noopener noreferrer\" data-shared=\"\" class=\"share-jetpack-whatsapp sd-button share-icon no-text\" href=\"http:\/\/www.rtvnoticias.com.ar\/?p=47581&amp;share=jetpack-whatsapp\" target=\"_blank\" title=\"Haz clic para compartir en WhatsApp\"><span><\/span><span class=\"sharing-screen-reader-text\">Haz clic para compartir en WhatsApp (Se abre en una ventana nueva)<\/span><\/a><\/li><li class=\"share-telegram\"><a rel=\"nofollow noopener noreferrer\" data-shared=\"\" class=\"share-telegram sd-button share-icon no-text\" href=\"http:\/\/www.rtvnoticias.com.ar\/?p=47581&amp;share=telegram\" target=\"_blank\" title=\"Haz clic para compartir en Telegram\"><span><\/span><span class=\"sharing-screen-reader-text\">Haz clic para compartir en Telegram (Se abre en una ventana nueva)<\/span><\/a><\/li><li class=\"share-end\"><\/li><\/ul><\/div><\/div><\/div>","protected":false},"excerpt":{"rendered":"<p>La\u00a0dificultad para encontrar empleados\u00a0con las habilidades necesarias es uno de los principales desaf\u00edos que enfrentan las compa\u00f1\u00edas en la Argentina, seg\u00fan un estudio privado. De<\/p>\n<div class=\"sharedaddy sd-sharing-enabled\"><div class=\"robots-nocontent sd-block sd-social sd-social-icon sd-sharing\"><h3 class=\"sd-title\">Comparte esto:<\/h3><div class=\"sd-content\"><ul><li class=\"share-twitter\"><a rel=\"nofollow noopener noreferrer\" data-shared=\"sharing-twitter-47581\" class=\"share-twitter sd-button share-icon no-text\" href=\"http:\/\/www.rtvnoticias.com.ar\/?p=47581&amp;share=twitter\" target=\"_blank\" title=\"Haz clic para compartir en Twitter\"><span><\/span><span class=\"sharing-screen-reader-text\">Haz clic para compartir en Twitter (Se abre en una ventana nueva)<\/span><\/a><\/li><li class=\"share-facebook\"><a rel=\"nofollow noopener noreferrer\" data-shared=\"sharing-facebook-47581\" class=\"share-facebook sd-button share-icon no-text\" href=\"http:\/\/www.rtvnoticias.com.ar\/?p=47581&amp;share=facebook\" target=\"_blank\" title=\"Haz clic para compartir en Facebook\"><span><\/span><span class=\"sharing-screen-reader-text\">Haz clic para compartir en Facebook (Se abre en una ventana nueva)<\/span><\/a><\/li><li class=\"share-jetpack-whatsapp\"><a rel=\"nofollow noopener noreferrer\" data-shared=\"\" class=\"share-jetpack-whatsapp sd-button share-icon no-text\" href=\"http:\/\/www.rtvnoticias.com.ar\/?p=47581&amp;share=jetpack-whatsapp\" target=\"_blank\" title=\"Haz clic para compartir en WhatsApp\"><span><\/span><span class=\"sharing-screen-reader-text\">Haz clic para compartir en WhatsApp (Se abre en una ventana nueva)<\/span><\/a><\/li><li class=\"share-telegram\"><a rel=\"nofollow noopener noreferrer\" data-shared=\"\" class=\"share-telegram sd-button share-icon no-text\" href=\"http:\/\/www.rtvnoticias.com.ar\/?p=47581&amp;share=telegram\" target=\"_blank\" title=\"Haz clic para compartir en Telegram\"><span><\/span><span class=\"sharing-screen-reader-text\">Haz clic para compartir en Telegram (Se abre en una ventana nueva)<\/span><\/a><\/li><li class=\"share-end\"><\/li><\/ul><\/div><\/div><\/div>","protected":false},"author":5,"featured_media":47582,"comment_status":"closed","ping_status":"closed","sticky":false,"template":"","format":"standard","meta":{"spay_email":"","jetpack_publicize_message":"","jetpack_is_tweetstorm":false,"jetpack_publicize_feature_enabled":true},"categories":[5],"tags":[5680],"jetpack_featured_media_url":"http:\/\/www.rtvnoticias.com.ar\/wp-content\/uploads\/2025\/11\/trabajo.jpg","jetpack_publicize_connections":[],"jetpack_sharing_enabled":true,"_links":{"self":[{"href":"http:\/\/www.rtvnoticias.com.ar\/index.php?rest_route=\/wp\/v2\/posts\/47581"}],"collection":[{"href":"http:\/\/www.rtvnoticias.com.ar\/index.php?rest_route=\/wp\/v2\/posts"}],"about":[{"href":"http:\/\/www.rtvnoticias.com.ar\/index.php?rest_route=\/wp\/v2\/types\/post"}],"author":[{"embeddable":true,"href":"http:\/\/www.rtvnoticias.com.ar\/index.php?rest_route=\/wp\/v2\/users\/5"}],"replies":[{"embeddable":true,"href":"http:\/\/www.rtvnoticias.com.ar\/index.php?rest_route=%2Fwp%2Fv2%2Fcomments&post=47581"}],"version-history":[{"count":1,"href":"http:\/\/www.rtvnoticias.com.ar\/index.php?rest_route=\/wp\/v2\/posts\/47581\/revisions"}],"predecessor-version":[{"id":47583,"href":"http:\/\/www.rtvnoticias.com.ar\/index.php?rest_route=\/wp\/v2\/posts\/47581\/revisions\/47583"}],"wp:featuredmedia":[{"embeddable":true,"href":"http:\/\/www.rtvnoticias.com.ar\/index.php?rest_route=\/wp\/v2\/media\/47582"}],"wp:attachment":[{"href":"http:\/\/www.rtvnoticias.com.ar\/index.php?rest_route=%2Fwp%2Fv2%2Fmedia&parent=47581"}],"wp:term":[{"taxonomy":"category","embeddable":true,"href":"http:\/\/www.rtvnoticias.com.ar\/index.php?rest_route=%2Fwp%2Fv2%2Fcategories&post=47581"},{"taxonomy":"post_tag","embeddable":true,"href":"http:\/\/www.rtvnoticias.com.ar\/index.php?rest_route=%2Fwp%2Fv2%2Ftags&post=47581"}],"curies":[{"name":"wp","href":"https:\/\/api.w.org\/{rel}","templated":true}]}}