{"id":47584,"date":"2025-11-30T08:06:00","date_gmt":"2025-11-30T11:06:00","guid":{"rendered":"http:\/\/www.rtvnoticias.com.ar\/?p=47584"},"modified":"2025-11-29T21:26:37","modified_gmt":"2025-11-30T00:26:37","slug":"exministro-de-alberto-rodriguez-saa-preso-por-obligar-a-jueces-que-firmen-su-renuncia-antes-de-asumir-la-corte-suprema-confirmo-condena-de-sergio-freixes-y-mario-zabala","status":"publish","type":"post","link":"http:\/\/www.rtvnoticias.com.ar\/?p=47584","title":{"rendered":"Exministro de Alberto Rodr\u00edguez Sa\u00e1 preso. por obligar a jueces que firmen su renuncia antes de asumir. La Corte Suprema confirm\u00f3  condena de Sergio Freixes y Mario Zabala"},"content":{"rendered":"\n<p>La Corte Suprema de Juaticia confirm\u00f3 las condenas de seis a\u00f1os de prisi\u00f3n contra el exministro de Legalidad, Sergio Freixez y el exviceministro Mario Zabala, ambos funcionarios del exgobernador Alberto Rodriguez Saa,  por amenazas coactivas para forzar renuncias anticipadas de jueces provinciales hace dos d\u00e9cadas. La sentencia, avalada bajo el art\u00edculo 280, obliga a ambos a cumplir la pena de manera efectiva.<\/p>\n\n\n\n<p>Al mismo tiempo, un video del ingreso de Sergio Freixes al Servicio Penitenciario \u2014registrado por un  dentro de instalaciones que deben permanecer bajo estrictos protocolos\u2014 fue difundido por las redes y varios medios puntanos.\u00a0La publicaci\u00f3n gener\u00f3 fuertes cuestionamientos al Ministerio de Seguridad, dirigido por Nancy Sosa, por la evidente filtraci\u00f3n de material interno y la falta de control dentro del penal.<\/p>\n\n\n\n<h4 class=\"wp-block-heading\"><strong>El origen del caso: la denuncia de Marina Ziliotto<\/strong><\/h4>\n\n\n\n<p>La causa se inici\u00f3 por la denuncia de la jueza\u00a0Marina Ziliotto, quien relat\u00f3 que al asumir su cargo se le exigi\u00f3 participar en un pedido de jury contra colegas bajo la amenaza de activar una renuncia anticipada ya firmada. Seg\u00fan el fiscal, el mecanismo buscaba someter a los magistrados al control del Poder Ejecutivo provincial.<\/p>\n\n\n\n<h4 class=\"wp-block-heading\"><strong>Un proceso judicial de m\u00e1s de dos d\u00e9cadas<\/strong>&nbsp;<strong>que lleg\u00f3 a la Corte<\/strong><\/h4>\n\n\n\n<ul>\n<li>En&nbsp;<strong>2018<\/strong>, el Tribunal Oral Federal de San Luis conden\u00f3 a Freixes y Zabala a&nbsp;<strong>cinco a\u00f1os de prisi\u00f3n<\/strong>&nbsp;por amenazas coactivas, aunque los absolvi\u00f3 en uno de los hechos investigados.<\/li>\n\n\n\n<li>En&nbsp;<strong>2019<\/strong>, la Sala IV de Casaci\u00f3n agrav\u00f3 la pena a&nbsp;<strong>seis a\u00f1os<\/strong>, al sumar un segundo episodio.<\/li>\n\n\n\n<li>Otra sala del mismo tribunal confirm\u00f3 la decisi\u00f3n pese a nuevas apelaciones.<\/li>\n\n\n\n<li>Finalmente, en&nbsp;<strong>noviembre de 2025<\/strong>, la Corte Suprema cerr\u00f3 el caso y dej\u00f3 firme la condena.<\/li>\n<\/ul>\n\n\n\n<p>Tras conocerse el fallo de la Suprema Corte de Justicia de la Naci\u00f3n, el Tribunal Oral de San Luis dispuso la detenci\u00f3n de Sergio Freixes y Mario Zabala para que comiencen a cumplir la condena.<\/p>\n\n\n\n<p>En el caso de Freixes, un hombre fuerte del peronismo puntano con paso por la intendencia de Nueva Galia, varios ministerios provinciales y la legislatura de San Luis, la detenci\u00f3n se produjo este s\u00e1bado pasadas las 2 de la ma\u00f1ana cuando ingres\u00f3 al Servicio Penitenciario alojado en un calabozo de la Unidad 1.<\/p>\n<div class=\"sharedaddy sd-sharing-enabled\"><div class=\"robots-nocontent sd-block sd-social sd-social-icon sd-sharing\"><h3 class=\"sd-title\">Comparte esto:<\/h3><div class=\"sd-content\"><ul><li class=\"share-twitter\"><a rel=\"nofollow noopener noreferrer\" data-shared=\"sharing-twitter-47584\" class=\"share-twitter sd-button share-icon no-text\" href=\"http:\/\/www.rtvnoticias.com.ar\/?p=47584&amp;share=twitter\" target=\"_blank\" title=\"Haz clic para compartir en Twitter\"><span><\/span><span class=\"sharing-screen-reader-text\">Haz clic para compartir en Twitter (Se abre en una ventana nueva)<\/span><\/a><\/li><li class=\"share-facebook\"><a rel=\"nofollow noopener noreferrer\" data-shared=\"sharing-facebook-47584\" class=\"share-facebook sd-button share-icon no-text\" href=\"http:\/\/www.rtvnoticias.com.ar\/?p=47584&amp;share=facebook\" target=\"_blank\" title=\"Haz clic para compartir en Facebook\"><span><\/span><span class=\"sharing-screen-reader-text\">Haz clic para compartir en Facebook (Se abre en una ventana nueva)<\/span><\/a><\/li><li class=\"share-jetpack-whatsapp\"><a rel=\"nofollow noopener noreferrer\" data-shared=\"\" class=\"share-jetpack-whatsapp sd-button share-icon no-text\" href=\"http:\/\/www.rtvnoticias.com.ar\/?p=47584&amp;share=jetpack-whatsapp\" target=\"_blank\" title=\"Haz clic para compartir en WhatsApp\"><span><\/span><span class=\"sharing-screen-reader-text\">Haz clic para compartir en WhatsApp (Se abre en una ventana nueva)<\/span><\/a><\/li><li class=\"share-telegram\"><a rel=\"nofollow noopener noreferrer\" data-shared=\"\" class=\"share-telegram sd-button share-icon no-text\" href=\"http:\/\/www.rtvnoticias.com.ar\/?p=47584&amp;share=telegram\" target=\"_blank\" title=\"Haz clic para compartir en Telegram\"><span><\/span><span class=\"sharing-screen-reader-text\">Haz clic para compartir en Telegram (Se abre en una ventana nueva)<\/span><\/a><\/li><li class=\"share-end\"><\/li><\/ul><\/div><\/div><\/div>","protected":false},"excerpt":{"rendered":"<p>La Corte Suprema de Juaticia confirm\u00f3 las condenas de seis a\u00f1os de prisi\u00f3n contra el exministro de Legalidad, Sergio Freixez y el exviceministro Mario Zabala,<\/p>\n<div class=\"sharedaddy sd-sharing-enabled\"><div class=\"robots-nocontent sd-block sd-social sd-social-icon sd-sharing\"><h3 class=\"sd-title\">Comparte esto:<\/h3><div class=\"sd-content\"><ul><li class=\"share-twitter\"><a rel=\"nofollow noopener noreferrer\" data-shared=\"sharing-twitter-47584\" class=\"share-twitter sd-button share-icon no-text\" href=\"http:\/\/www.rtvnoticias.com.ar\/?p=47584&amp;share=twitter\" target=\"_blank\" title=\"Haz clic para compartir en Twitter\"><span><\/span><span class=\"sharing-screen-reader-text\">Haz clic para compartir en Twitter (Se abre en una ventana nueva)<\/span><\/a><\/li><li class=\"share-facebook\"><a rel=\"nofollow noopener noreferrer\" data-shared=\"sharing-facebook-47584\" class=\"share-facebook sd-button share-icon no-text\" href=\"http:\/\/www.rtvnoticias.com.ar\/?p=47584&amp;share=facebook\" target=\"_blank\" title=\"Haz clic para compartir en Facebook\"><span><\/span><span class=\"sharing-screen-reader-text\">Haz clic para compartir en Facebook (Se abre en una ventana nueva)<\/span><\/a><\/li><li class=\"share-jetpack-whatsapp\"><a rel=\"nofollow noopener noreferrer\" data-shared=\"\" class=\"share-jetpack-whatsapp sd-button share-icon no-text\" href=\"http:\/\/www.rtvnoticias.com.ar\/?p=47584&amp;share=jetpack-whatsapp\" target=\"_blank\" title=\"Haz clic para compartir en WhatsApp\"><span><\/span><span class=\"sharing-screen-reader-text\">Haz clic para compartir en WhatsApp (Se abre en una ventana nueva)<\/span><\/a><\/li><li class=\"share-telegram\"><a rel=\"nofollow noopener noreferrer\" data-shared=\"\" class=\"share-telegram sd-button share-icon no-text\" href=\"http:\/\/www.rtvnoticias.com.ar\/?p=47584&amp;share=telegram\" target=\"_blank\" title=\"Haz clic para compartir en Telegram\"><span><\/span><span class=\"sharing-screen-reader-text\">Haz clic para compartir en Telegram (Se abre en una ventana nueva)<\/span><\/a><\/li><li class=\"share-end\"><\/li><\/ul><\/div><\/div><\/div>","protected":false},"author":5,"featured_media":47585,"comment_status":"closed","ping_status":"closed","sticky":false,"template":"","format":"standard","meta":{"spay_email":"","jetpack_publicize_message":"","jetpack_is_tweetstorm":false,"jetpack_publicize_feature_enabled":true},"categories":[5],"tags":[5681],"jetpack_featured_media_url":"http:\/\/www.rtvnoticias.com.ar\/wp-content\/uploads\/2025\/11\/freixes-zabla.jpg","jetpack_publicize_connections":[],"jetpack_sharing_enabled":true,"_links":{"self":[{"href":"http:\/\/www.rtvnoticias.com.ar\/index.php?rest_route=\/wp\/v2\/posts\/47584"}],"collection":[{"href":"http:\/\/www.rtvnoticias.com.ar\/index.php?rest_route=\/wp\/v2\/posts"}],"about":[{"href":"http:\/\/www.rtvnoticias.com.ar\/index.php?rest_route=\/wp\/v2\/types\/post"}],"author":[{"embeddable":true,"href":"http:\/\/www.rtvnoticias.com.ar\/index.php?rest_route=\/wp\/v2\/users\/5"}],"replies":[{"embeddable":true,"href":"http:\/\/www.rtvnoticias.com.ar\/index.php?rest_route=%2Fwp%2Fv2%2Fcomments&post=47584"}],"version-history":[{"count":1,"href":"http:\/\/www.rtvnoticias.com.ar\/index.php?rest_route=\/wp\/v2\/posts\/47584\/revisions"}],"predecessor-version":[{"id":47586,"href":"http:\/\/www.rtvnoticias.com.ar\/index.php?rest_route=\/wp\/v2\/posts\/47584\/revisions\/47586"}],"wp:featuredmedia":[{"embeddable":true,"href":"http:\/\/www.rtvnoticias.com.ar\/index.php?rest_route=\/wp\/v2\/media\/47585"}],"wp:attachment":[{"href":"http:\/\/www.rtvnoticias.com.ar\/index.php?rest_route=%2Fwp%2Fv2%2Fmedia&parent=47584"}],"wp:term":[{"taxonomy":"category","embeddable":true,"href":"http:\/\/www.rtvnoticias.com.ar\/index.php?rest_route=%2Fwp%2Fv2%2Fcategories&post=47584"},{"taxonomy":"post_tag","embeddable":true,"href":"http:\/\/www.rtvnoticias.com.ar\/index.php?rest_route=%2Fwp%2Fv2%2Ftags&post=47584"}],"curies":[{"name":"wp","href":"https:\/\/api.w.org\/{rel}","templated":true}]}}