{"id":47610,"date":"2025-12-04T07:07:00","date_gmt":"2025-12-04T10:07:00","guid":{"rendered":"http:\/\/www.rtvnoticias.com.ar\/?p=47610"},"modified":"2025-12-03T21:22:35","modified_gmt":"2025-12-04T00:22:35","slug":"funcionan-los-nuevos-semaforos-en-avenida-san-martin-y-calle-115-alonso-recorrio-obras","status":"publish","type":"post","link":"http:\/\/www.rtvnoticias.com.ar\/?p=47610","title":{"rendered":"Funcionan los nuevos sem\u00e1foros en Avenida San Mart\u00edn y calle 115. Alonso recorri\u00f3 obras"},"content":{"rendered":"\n<p>La intendenta Fernanda Alonso recorri\u00f3 las obras de asfalto y mejoramiento vial que se est\u00e1n ejecutando en la intersecci\u00f3n de la Avenida San Mart\u00edn y calle 115, donde comenzaron a funcionar la nueva semaforizaci\u00f3n.<\/p>\n\n\n\n<p>Este es uno de los puntos de gran circulaci\u00f3n que tiene la ciudad, por lo que estas tareas tendr\u00e1n un gran impacto en el tr\u00e1nsito diario, mejorando la seguridad y la conexi\u00f3n entre barrios.<\/p>\n\n\n\n<p>Para ello se demoli\u00f3 la glorieta central que pose\u00eda ese cruce y se repaviment\u00f3 por completo todo ese sector, acci\u00f3n que tambi\u00e9n quedar\u00e1 finalizada durante el transcurso de la presente jornada.<\/p>\n\n\n\n<p>En cuanto a la colocaci\u00f3n de sem\u00e1foros, este punto tendr\u00e1 la particularidad de contar con estos dispositivos tambi\u00e9n para peatones, ciclistas u otros transportes no convencionales.<\/p>\n\n\n\n<p>Cabe aclarar que si bien va a estar operativa la zona, durante los siguientes d\u00edas continuar\u00e1n las labores vinculadas a la demarcaci\u00f3n horizontal de sendas peatonales, cruces, colocaci\u00f3n de topes para bicisenda, recambio de algunos nomencladores y limpieza final del espacio.<\/p>\n\n\n\n<p>La jefa comunal recorri\u00f3 la obra acompa\u00f1ada por el secretario de Obras P\u00fablicas, Jorge Gabba y&nbsp;el presidente del Organismo Descentralizado de Planta de Asfalto, Diego Garro.<\/p>\n\n\n\n<p>Como se mencion\u00f3, entonces, los sem\u00e1foros comenzar\u00e1n a funcionar hoy apenas culminen el asfalto y levanten el corte de calles para evitar alg\u00fan posible&nbsp;siniestro, mientras que a la par finalizar\u00e1n la obra con los trabajos restantes ya redactados.<br><\/p>\n\n\n\n<p>Estos trabajos forman parte de un plan de infraestructura que mejorar\u00e1 la circulaci\u00f3n y en ese sentido, brindar\u00e1 a las y los vecinos una ciudad m\u00e1s accesible y segura.&nbsp;<\/p>\n<div class=\"sharedaddy sd-sharing-enabled\"><div class=\"robots-nocontent sd-block sd-social sd-social-icon sd-sharing\"><h3 class=\"sd-title\">Comparte esto:<\/h3><div class=\"sd-content\"><ul><li class=\"share-twitter\"><a rel=\"nofollow noopener noreferrer\" data-shared=\"sharing-twitter-47610\" class=\"share-twitter sd-button share-icon no-text\" href=\"http:\/\/www.rtvnoticias.com.ar\/?p=47610&amp;share=twitter\" target=\"_blank\" title=\"Haz clic para compartir en Twitter\"><span><\/span><span class=\"sharing-screen-reader-text\">Haz clic para compartir en Twitter (Se abre en una ventana nueva)<\/span><\/a><\/li><li class=\"share-facebook\"><a rel=\"nofollow noopener noreferrer\" data-shared=\"sharing-facebook-47610\" class=\"share-facebook sd-button share-icon no-text\" href=\"http:\/\/www.rtvnoticias.com.ar\/?p=47610&amp;share=facebook\" target=\"_blank\" title=\"Haz clic para compartir en Facebook\"><span><\/span><span class=\"sharing-screen-reader-text\">Haz clic para compartir en Facebook (Se abre en una ventana nueva)<\/span><\/a><\/li><li class=\"share-jetpack-whatsapp\"><a rel=\"nofollow noopener noreferrer\" data-shared=\"\" class=\"share-jetpack-whatsapp sd-button share-icon no-text\" href=\"http:\/\/www.rtvnoticias.com.ar\/?p=47610&amp;share=jetpack-whatsapp\" target=\"_blank\" title=\"Haz clic para compartir en WhatsApp\"><span><\/span><span class=\"sharing-screen-reader-text\">Haz clic para compartir en WhatsApp (Se abre en una ventana nueva)<\/span><\/a><\/li><li class=\"share-telegram\"><a rel=\"nofollow noopener noreferrer\" data-shared=\"\" class=\"share-telegram sd-button share-icon no-text\" href=\"http:\/\/www.rtvnoticias.com.ar\/?p=47610&amp;share=telegram\" target=\"_blank\" title=\"Haz clic para compartir en Telegram\"><span><\/span><span class=\"sharing-screen-reader-text\">Haz clic para compartir en Telegram (Se abre en una ventana nueva)<\/span><\/a><\/li><li class=\"share-end\"><\/li><\/ul><\/div><\/div><\/div>","protected":false},"excerpt":{"rendered":"<p>La intendenta Fernanda Alonso recorri\u00f3 las obras de asfalto y mejoramiento vial que se est\u00e1n ejecutando en la intersecci\u00f3n de la Avenida San Mart\u00edn y<\/p>\n<div class=\"sharedaddy sd-sharing-enabled\"><div class=\"robots-nocontent sd-block sd-social sd-social-icon sd-sharing\"><h3 class=\"sd-title\">Comparte esto:<\/h3><div class=\"sd-content\"><ul><li class=\"share-twitter\"><a rel=\"nofollow noopener noreferrer\" data-shared=\"sharing-twitter-47610\" class=\"share-twitter sd-button share-icon no-text\" href=\"http:\/\/www.rtvnoticias.com.ar\/?p=47610&amp;share=twitter\" target=\"_blank\" title=\"Haz clic para compartir en Twitter\"><span><\/span><span class=\"sharing-screen-reader-text\">Haz clic para compartir en Twitter (Se abre en una ventana nueva)<\/span><\/a><\/li><li class=\"share-facebook\"><a rel=\"nofollow noopener noreferrer\" data-shared=\"sharing-facebook-47610\" class=\"share-facebook sd-button share-icon no-text\" href=\"http:\/\/www.rtvnoticias.com.ar\/?p=47610&amp;share=facebook\" target=\"_blank\" title=\"Haz clic para compartir en Facebook\"><span><\/span><span class=\"sharing-screen-reader-text\">Haz clic para compartir en Facebook (Se abre en una ventana nueva)<\/span><\/a><\/li><li class=\"share-jetpack-whatsapp\"><a rel=\"nofollow noopener noreferrer\" data-shared=\"\" class=\"share-jetpack-whatsapp sd-button share-icon no-text\" href=\"http:\/\/www.rtvnoticias.com.ar\/?p=47610&amp;share=jetpack-whatsapp\" target=\"_blank\" title=\"Haz clic para compartir en WhatsApp\"><span><\/span><span class=\"sharing-screen-reader-text\">Haz clic para compartir en WhatsApp (Se abre en una ventana nueva)<\/span><\/a><\/li><li class=\"share-telegram\"><a rel=\"nofollow noopener noreferrer\" data-shared=\"\" class=\"share-telegram sd-button share-icon no-text\" href=\"http:\/\/www.rtvnoticias.com.ar\/?p=47610&amp;share=telegram\" target=\"_blank\" title=\"Haz clic para compartir en Telegram\"><span><\/span><span class=\"sharing-screen-reader-text\">Haz clic para compartir en Telegram (Se abre en una ventana nueva)<\/span><\/a><\/li><li class=\"share-end\"><\/li><\/ul><\/div><\/div><\/div>","protected":false},"author":5,"featured_media":47611,"comment_status":"closed","ping_status":"closed","sticky":false,"template":"","format":"standard","meta":{"spay_email":"","jetpack_publicize_message":"","jetpack_is_tweetstorm":false,"jetpack_publicize_feature_enabled":true},"categories":[3],"tags":[5686],"jetpack_featured_media_url":"http:\/\/www.rtvnoticias.com.ar\/wp-content\/uploads\/2025\/12\/alonso-semaforos.jpg","jetpack_publicize_connections":[],"jetpack_sharing_enabled":true,"_links":{"self":[{"href":"http:\/\/www.rtvnoticias.com.ar\/index.php?rest_route=\/wp\/v2\/posts\/47610"}],"collection":[{"href":"http:\/\/www.rtvnoticias.com.ar\/index.php?rest_route=\/wp\/v2\/posts"}],"about":[{"href":"http:\/\/www.rtvnoticias.com.ar\/index.php?rest_route=\/wp\/v2\/types\/post"}],"author":[{"embeddable":true,"href":"http:\/\/www.rtvnoticias.com.ar\/index.php?rest_route=\/wp\/v2\/users\/5"}],"replies":[{"embeddable":true,"href":"http:\/\/www.rtvnoticias.com.ar\/index.php?rest_route=%2Fwp%2Fv2%2Fcomments&post=47610"}],"version-history":[{"count":1,"href":"http:\/\/www.rtvnoticias.com.ar\/index.php?rest_route=\/wp\/v2\/posts\/47610\/revisions"}],"predecessor-version":[{"id":47612,"href":"http:\/\/www.rtvnoticias.com.ar\/index.php?rest_route=\/wp\/v2\/posts\/47610\/revisions\/47612"}],"wp:featuredmedia":[{"embeddable":true,"href":"http:\/\/www.rtvnoticias.com.ar\/index.php?rest_route=\/wp\/v2\/media\/47611"}],"wp:attachment":[{"href":"http:\/\/www.rtvnoticias.com.ar\/index.php?rest_route=%2Fwp%2Fv2%2Fmedia&parent=47610"}],"wp:term":[{"taxonomy":"category","embeddable":true,"href":"http:\/\/www.rtvnoticias.com.ar\/index.php?rest_route=%2Fwp%2Fv2%2Fcategories&post=47610"},{"taxonomy":"post_tag","embeddable":true,"href":"http:\/\/www.rtvnoticias.com.ar\/index.php?rest_route=%2Fwp%2Fv2%2Ftags&post=47610"}],"curies":[{"name":"wp","href":"https:\/\/api.w.org\/{rel}","templated":true}]}}