{"id":47613,"date":"2025-12-09T09:59:54","date_gmt":"2025-12-09T12:59:54","guid":{"rendered":"http:\/\/www.rtvnoticias.com.ar\/?p=47613"},"modified":"2025-12-09T10:00:00","modified_gmt":"2025-12-09T13:00:00","slug":"allanamientos-en-distintas-sedes-de-la-afa","status":"publish","type":"post","link":"http:\/\/www.rtvnoticias.com.ar\/?p=47613","title":{"rendered":"Allanamientos en distintas sedes de la AFA"},"content":{"rendered":"\n<p>La Polic\u00eda Federal Argentina (PFA) allana distintas sedes de la Asociaci\u00f3n Argentina de F\u00fatbol (AFA) en la causa relacionada a Sur Finanzas.<\/p>\n\n\n\n<p>Seg\u00fan informaci\u00f3n a la que accedi\u00f3 la\u00a0Agencia Noticias Argentinas,\u00a0se trata de m\u00e1s de 30 allanamientos en diferentes clubes, entre los que se encuentran Racing, Independiente y San Lorenzo, adem\u00e1s de la sede de Ezeiza y de la Superliga Argentina de F\u00fatbol.__IP__<\/p>\n\n\n\n<p>Uno de los primeros clubes en expresarse al respecto fue Excursionistas, que aclar\u00f3 que \u201cen el d\u00eda de la fecha se realiz\u00f3 en nuestra instituci\u00f3n el requerimiento de determinada documentaci\u00f3n en el marco de la investigaci\u00f3n judicial que involucra a la empresa Sur Finanzas\u201d.<\/p>\n\n\n\n<p>Sobre dicha situaci\u00f3n, se explic\u00f3 que \u201cel \u00fanico v\u00ednculo existente con dicha firma ha sido un acuerdo de sponsoreo\u201d, y que \u201cel club no mantiene con la empresa investigada ning\u00fan tipo de relaci\u00f3n societaria, financiera ni administrativa\u201d.<\/p>\n\n\n\n<h4 class=\"wp-block-heading\">La lista con algunos de los lugares donde se realizan allanamientos por la causa Sur Finanzas<\/h4>\n\n\n\n<ul>\n<li>Sede de la AFA en Viamonte<\/li>\n\n\n\n<li>Predio de la AFA en Ezeiza<\/li>\n\n\n\n<li>Sede de la Superliga<\/li>\n\n\n\n<li>Racing<\/li>\n\n\n\n<li>Independiente<\/li>\n\n\n\n<li>San Lorenzo<\/li>\n\n\n\n<li>Argentinos Juniors<\/li>\n\n\n\n<li>Platense<\/li>\n\n\n\n<li>Barracas Central<\/li>\n\n\n\n<li>Armenio<\/li>\n\n\n\n<li>Los Andes<\/li>\n\n\n\n<li>Deportivo Mor\u00f3n<\/li>\n\n\n\n<li>Excursionistas<\/li>\n<\/ul>\n<div class=\"sharedaddy sd-sharing-enabled\"><div class=\"robots-nocontent sd-block sd-social sd-social-icon sd-sharing\"><h3 class=\"sd-title\">Comparte esto:<\/h3><div class=\"sd-content\"><ul><li class=\"share-twitter\"><a rel=\"nofollow noopener noreferrer\" data-shared=\"sharing-twitter-47613\" class=\"share-twitter sd-button share-icon no-text\" href=\"http:\/\/www.rtvnoticias.com.ar\/?p=47613&amp;share=twitter\" target=\"_blank\" title=\"Haz clic para compartir en Twitter\"><span><\/span><span class=\"sharing-screen-reader-text\">Haz clic para compartir en Twitter (Se abre en una ventana nueva)<\/span><\/a><\/li><li class=\"share-facebook\"><a rel=\"nofollow noopener noreferrer\" data-shared=\"sharing-facebook-47613\" class=\"share-facebook sd-button share-icon no-text\" href=\"http:\/\/www.rtvnoticias.com.ar\/?p=47613&amp;share=facebook\" target=\"_blank\" title=\"Haz clic para compartir en Facebook\"><span><\/span><span class=\"sharing-screen-reader-text\">Haz clic para compartir en Facebook (Se abre en una ventana nueva)<\/span><\/a><\/li><li class=\"share-jetpack-whatsapp\"><a rel=\"nofollow noopener noreferrer\" data-shared=\"\" class=\"share-jetpack-whatsapp sd-button share-icon no-text\" href=\"http:\/\/www.rtvnoticias.com.ar\/?p=47613&amp;share=jetpack-whatsapp\" target=\"_blank\" title=\"Haz clic para compartir en WhatsApp\"><span><\/span><span class=\"sharing-screen-reader-text\">Haz clic para compartir en WhatsApp (Se abre en una ventana nueva)<\/span><\/a><\/li><li class=\"share-telegram\"><a rel=\"nofollow noopener noreferrer\" data-shared=\"\" class=\"share-telegram sd-button share-icon no-text\" href=\"http:\/\/www.rtvnoticias.com.ar\/?p=47613&amp;share=telegram\" target=\"_blank\" title=\"Haz clic para compartir en Telegram\"><span><\/span><span class=\"sharing-screen-reader-text\">Haz clic para compartir en Telegram (Se abre en una ventana nueva)<\/span><\/a><\/li><li class=\"share-end\"><\/li><\/ul><\/div><\/div><\/div>","protected":false},"excerpt":{"rendered":"<p>La Polic\u00eda Federal Argentina (PFA) allana distintas sedes de la Asociaci\u00f3n Argentina de F\u00fatbol (AFA) en la causa relacionada a Sur Finanzas. Seg\u00fan informaci\u00f3n a<\/p>\n<div class=\"sharedaddy sd-sharing-enabled\"><div class=\"robots-nocontent sd-block sd-social sd-social-icon sd-sharing\"><h3 class=\"sd-title\">Comparte esto:<\/h3><div class=\"sd-content\"><ul><li class=\"share-twitter\"><a rel=\"nofollow noopener noreferrer\" data-shared=\"sharing-twitter-47613\" class=\"share-twitter sd-button share-icon no-text\" href=\"http:\/\/www.rtvnoticias.com.ar\/?p=47613&amp;share=twitter\" target=\"_blank\" title=\"Haz clic para compartir en Twitter\"><span><\/span><span class=\"sharing-screen-reader-text\">Haz clic para compartir en Twitter (Se abre en una ventana nueva)<\/span><\/a><\/li><li class=\"share-facebook\"><a rel=\"nofollow noopener noreferrer\" data-shared=\"sharing-facebook-47613\" class=\"share-facebook sd-button share-icon no-text\" href=\"http:\/\/www.rtvnoticias.com.ar\/?p=47613&amp;share=facebook\" target=\"_blank\" title=\"Haz clic para compartir en Facebook\"><span><\/span><span class=\"sharing-screen-reader-text\">Haz clic para compartir en Facebook (Se abre en una ventana nueva)<\/span><\/a><\/li><li class=\"share-jetpack-whatsapp\"><a rel=\"nofollow noopener noreferrer\" data-shared=\"\" class=\"share-jetpack-whatsapp sd-button share-icon no-text\" href=\"http:\/\/www.rtvnoticias.com.ar\/?p=47613&amp;share=jetpack-whatsapp\" target=\"_blank\" title=\"Haz clic para compartir en WhatsApp\"><span><\/span><span class=\"sharing-screen-reader-text\">Haz clic para compartir en WhatsApp (Se abre en una ventana nueva)<\/span><\/a><\/li><li class=\"share-telegram\"><a rel=\"nofollow noopener noreferrer\" data-shared=\"\" class=\"share-telegram sd-button share-icon no-text\" href=\"http:\/\/www.rtvnoticias.com.ar\/?p=47613&amp;share=telegram\" target=\"_blank\" title=\"Haz clic para compartir en Telegram\"><span><\/span><span class=\"sharing-screen-reader-text\">Haz clic para compartir en Telegram (Se abre en una ventana nueva)<\/span><\/a><\/li><li class=\"share-end\"><\/li><\/ul><\/div><\/div><\/div>","protected":false},"author":5,"featured_media":47614,"comment_status":"closed","ping_status":"closed","sticky":false,"template":"","format":"standard","meta":{"spay_email":"","jetpack_publicize_message":"","jetpack_is_tweetstorm":false,"jetpack_publicize_feature_enabled":true},"categories":[5],"tags":[5687],"jetpack_featured_media_url":"http:\/\/www.rtvnoticias.com.ar\/wp-content\/uploads\/2025\/12\/AFA.jpg","jetpack_publicize_connections":[],"jetpack_sharing_enabled":true,"_links":{"self":[{"href":"http:\/\/www.rtvnoticias.com.ar\/index.php?rest_route=\/wp\/v2\/posts\/47613"}],"collection":[{"href":"http:\/\/www.rtvnoticias.com.ar\/index.php?rest_route=\/wp\/v2\/posts"}],"about":[{"href":"http:\/\/www.rtvnoticias.com.ar\/index.php?rest_route=\/wp\/v2\/types\/post"}],"author":[{"embeddable":true,"href":"http:\/\/www.rtvnoticias.com.ar\/index.php?rest_route=\/wp\/v2\/users\/5"}],"replies":[{"embeddable":true,"href":"http:\/\/www.rtvnoticias.com.ar\/index.php?rest_route=%2Fwp%2Fv2%2Fcomments&post=47613"}],"version-history":[{"count":1,"href":"http:\/\/www.rtvnoticias.com.ar\/index.php?rest_route=\/wp\/v2\/posts\/47613\/revisions"}],"predecessor-version":[{"id":47615,"href":"http:\/\/www.rtvnoticias.com.ar\/index.php?rest_route=\/wp\/v2\/posts\/47613\/revisions\/47615"}],"wp:featuredmedia":[{"embeddable":true,"href":"http:\/\/www.rtvnoticias.com.ar\/index.php?rest_route=\/wp\/v2\/media\/47614"}],"wp:attachment":[{"href":"http:\/\/www.rtvnoticias.com.ar\/index.php?rest_route=%2Fwp%2Fv2%2Fmedia&parent=47613"}],"wp:term":[{"taxonomy":"category","embeddable":true,"href":"http:\/\/www.rtvnoticias.com.ar\/index.php?rest_route=%2Fwp%2Fv2%2Fcategories&post=47613"},{"taxonomy":"post_tag","embeddable":true,"href":"http:\/\/www.rtvnoticias.com.ar\/index.php?rest_route=%2Fwp%2Fv2%2Ftags&post=47613"}],"curies":[{"name":"wp","href":"https:\/\/api.w.org\/{rel}","templated":true}]}}