{"id":47625,"date":"2025-12-10T10:34:50","date_gmt":"2025-12-10T13:34:50","guid":{"rendered":"http:\/\/www.rtvnoticias.com.ar\/?p=47625"},"modified":"2025-12-10T10:34:57","modified_gmt":"2025-12-10T13:34:57","slug":"empresas-comerciales-y-de-servicios-aprovechan-beneficios-y-se-radican-en-pico-y-santa-rosa","status":"publish","type":"post","link":"http:\/\/www.rtvnoticias.com.ar\/?p=47625","title":{"rendered":"Empresas comerciales y de servicios aprovechan beneficios y se radican en Pico y Santa Rosa"},"content":{"rendered":"\n<p>Nuevas empresas se radican tanto en el Parque Industrial de Santa Rosa como en el Parque Agroalimentario de General Pico. A su vez una empresa ap\u00edcola firm\u00f3 su escritura en dicho predio.<\/p>\n\n\n\n<p>La ministra de la Producci\u00f3n, Fernanda Gonz\u00e1lez y el director de Desarrollo Industrial, Alex Rodrigo, firmaron recientemente las actas de tenencia precaria de distintas empresas, permitiendo de esta manera la instalaci\u00f3n de las mismas en el Parque Industrial de Santa Rosa y una en el Parque Agroalimentario de General Pico.<\/p>\n\n\n\n<p> En ese marco la ministra celebr\u00f3 con la Agencia Provincial de Noticias la iniciativa del sector privado \u00abde arriesgar e invertir, motivados y apoyados por el acompa\u00f1amiento permanente del Gobierno provincial, a trav\u00e9s de herramientas claves como el acceso a infraestructura y la disponibilidad de servicios a valor promocional\u201d.<br><br><strong>Carpinter\u00eda y camperizaci\u00f3n<\/strong><\/p>\n\n\n\n<p>Flores Carpinter\u00eda, empresa dedicada a la fabricaci\u00f3n de muebles y camperizaci\u00f3n de veh\u00edculos, a cargo del emprendedor, Gustavo Flores, proyecta relocalizar su planta de producci\u00f3n, actualmente ubicada en la calle Ra\u00fal B. D\u00edaz N\u00ba 2995. La iniciativa surge ante la falta de espacio y limitaciones operativas del inmueble actual y con el objetivo de optimizar procesos y ampliar la capacidad productiva.\u00a0El nuevo proyecto a radicarse en el Parque Industrial de Santa Rosa, en una parcela de 1620 metros cuadrados, plantea la construcci\u00f3n de una planta con una superficie cubierta de 312,50 metros cuadrados, que incluir\u00e1 un \u00e1rea de producci\u00f3n, dep\u00f3sito y oficina administrativa. La firma se dedica desde hace 19 a\u00f1os a la fabricaci\u00f3n de amoblamiento y con la relocalizaci\u00f3n podr\u00e1 dar continuidad a la camperizaci\u00f3n de veh\u00edculos, una actividad que realiza hoy de manera limitada por cuestiones de espacio. <\/p>\n\n\n\n<p>Coment\u00f3 que se dedica a la carpinter\u00eda desde hace m\u00e1s de 30 a\u00f1os, \u201cy desde hace poco comenzamos con la camperizaci\u00f3n de veh\u00edculos, lo cual est\u00e1 teniendo mucho auge, por lo que queremos avanzar en eso\u201d y agreg\u00f3 que \u201ca partir de esta firma adquiriremos un terreno para ampliar mi lugar de trabajo con un galp\u00f3n, y de esta manera poder estar m\u00e1s c\u00f3modos y trabajar mejor\u201d.<br><br><strong>Soluciones de higiene y limpieza<\/strong><\/p>\n\n\n\n<p>Por otra parte, ProHygiene, con 20 a\u00f1os de experiencia en el sector de soluciones de higiene y limpieza, se relocalizar\u00e1 en el Parque Ap\u00edcola y Agroalimentario de General Pico, iniciativa que tiene como objetivo mejorar la eficiencia operativa e incrementar la capacidad de almacenamiento. <\/p>\n\n\n\n<p>El nuevo proyecto consiste en la construcci\u00f3n de una nave industrial de 200 metros cuadrados, con \u00e1reas diferenciadas para dep\u00f3sito, oficina administrativa y sala de reuniones. La empresa podr\u00e1 almacenar y distribuir de manera m\u00e1s eficiente productos como mopas de barrido, alfombras, secamanos, y equipos desodorizantes y aromatizadores, lo que actualmente se ve afectado por la falta de espacio en las instalaciones en las que se encuentra.\u00a0<\/p>\n\n\n\n<p>Gustavo Lorea, gerente de la misma, coment\u00f3 que la empresa \u00abse dedica a todo lo que es sistema de higiene institucional industrial, desinfecci\u00f3n, aromatizaci\u00f3n, control de polvo de piso, y la idea es en este predio, montar el lavadero\u201d.<\/p>\n\n\n\n<p>Se\u00f1al\u00f3 adem\u00e1s que tiene sede en Bah\u00eda Blanca \u201cy hoy estamos haciendo la log\u00edstica desde ah\u00ed a La Pampa, con lo cual a partir de esta herramienta que nos brinda el Ministerio de la Producci\u00f3n, nos permitir\u00e1 crecer m\u00e1s desde ac\u00e1, y facilitarnos cuestiones de tiempo y log\u00edstica\u201d.<br><br><strong>Lonera Figueroa:fabricaci\u00f3n de lonas de PVC<\/strong><br>Lucas Benavidez se dedica a la fabricaci\u00f3n de lonas de PVC y productos afines. Proyecta la construcci\u00f3n de una planta de 380 metros cuadrados que le permitir\u00e1 optimizar los procesos de confecci\u00f3n, ampliar las \u00e1reas de producci\u00f3n y atender la creciente demanda de lonas de gran tama\u00f1o, un requerimiento que hoy no puede satisfacer por limitaciones de espacio.<\/p>\n\n\n\n<p>La empresa actualmente abastece a clientes de La Pampa, el oeste bonaerense y C\u00f3rdoba, y enfrenta un incremento sostenido de pedidos que exige una mayor superficie de trabajo y mejores condiciones operativas. \u201cEsto nos cambia completamente el movimiento tanto para nosotros como para el resto de la gente involucrada\u201d, opin\u00f3 Benavidez.<br><br><strong>Palacios: nueva planta industrial metal\u00fargica<\/strong><\/p>\n\n\n\n<p>El proyecto de Lucas Palacios se fundamenta en la necesidad de contar con un espacio m\u00e1s amplio, dado que el actual resulta insuficiente para el normal desarrollo de sus tareas diarias. La empresa se dedica a la fabricaci\u00f3n de galpones, aberturas met\u00e1licas, carros, portones, entre otros. <\/p>\n\n\n\n<p>La radicaci\u00f3n en el Parque Industrial le permitir\u00e1 ordenar su proceso productivo y optimizar el funcionamiento general de la empresa. El proyecto prev\u00e9 la instalaci\u00f3n de una planta industrial metal\u00fargica con 495 metros cuadrados cubiertos. \u201cEsto nos permitir\u00e1 agrandarnos, tomar m\u00e1s gente y trabajar m\u00e1s c\u00f3modos\u201d, expres\u00f3.<\/p>\n\n\n\n<p><strong>Escritura empresa ap\u00edcola<\/strong><\/p>\n\n\n\n<p>Por otra parte, Guillermo Sayt, apicultor instalado en el Parque Agroalimentario de General Pico, procedi\u00f3 a la firma de la escritura traslativa de dominio, junto a la subsecretaria de Industria Comercio y PyMEs, Vanina Fern\u00e1ndez, ante el escribano General de Gobierno, Mart\u00edn Ellal, formalizando as\u00ed la titularidad sobre el inmueble donde desarrolla la actividad de log\u00edstica y el acopio de productos de la colmena.<\/p>\n\n\n\n<p>Asimismo, Sayt lleva adelante el proceso de extracci\u00f3n de miel, en la sala de uso com\u00fan ubicada en el mencionado Parque, la cual es propiedad del Estado provincial y concedida su administraci\u00f3n, a trav\u00e9s de una Licitaci\u00f3n P\u00fablica a la Cooperativa Ap\u00edcola.\u00a0\u201cHoy estoy con mucha satisfacci\u00f3n por poder dejar un tema tan importante resuelto, despu\u00e9s del esfuerzo de mucho tiempo\u201d, manifest\u00f3, mientras que destac\u00f3 los beneficios ante esta posibilidad, \u201cantes alquilaba galpones en distintos lugares, pero con las abejas era un problema, hoy en el Parque est\u00e1 todo concentrado, tenemos m\u00e1s seguridad y con todos los servicios, lo cual es muy importante, adem\u00e1s de estar en contacto con el resto de los apicultores de la zona\u201d.\u00a0<\/p>\n\n\n\n<p>Su empresa se dedica a la extracci\u00f3n de miel a granel para exportaci\u00f3n y comercializa con los acopiadores de la zona, \u201chay dos o tres empresas que nos compran. Hago abejas reinas y miel\u201d.<\/p>\n<div class=\"sharedaddy sd-sharing-enabled\"><div class=\"robots-nocontent sd-block sd-social sd-social-icon sd-sharing\"><h3 class=\"sd-title\">Comparte esto:<\/h3><div class=\"sd-content\"><ul><li class=\"share-twitter\"><a rel=\"nofollow noopener noreferrer\" data-shared=\"sharing-twitter-47625\" class=\"share-twitter sd-button share-icon no-text\" href=\"http:\/\/www.rtvnoticias.com.ar\/?p=47625&amp;share=twitter\" target=\"_blank\" title=\"Haz clic para compartir en Twitter\"><span><\/span><span class=\"sharing-screen-reader-text\">Haz clic para compartir en Twitter (Se abre en una ventana nueva)<\/span><\/a><\/li><li class=\"share-facebook\"><a rel=\"nofollow noopener noreferrer\" data-shared=\"sharing-facebook-47625\" class=\"share-facebook sd-button share-icon no-text\" href=\"http:\/\/www.rtvnoticias.com.ar\/?p=47625&amp;share=facebook\" target=\"_blank\" title=\"Haz clic para compartir en Facebook\"><span><\/span><span class=\"sharing-screen-reader-text\">Haz clic para compartir en Facebook (Se abre en una ventana nueva)<\/span><\/a><\/li><li class=\"share-jetpack-whatsapp\"><a rel=\"nofollow noopener noreferrer\" data-shared=\"\" class=\"share-jetpack-whatsapp sd-button share-icon no-text\" href=\"http:\/\/www.rtvnoticias.com.ar\/?p=47625&amp;share=jetpack-whatsapp\" target=\"_blank\" title=\"Haz clic para compartir en WhatsApp\"><span><\/span><span class=\"sharing-screen-reader-text\">Haz clic para compartir en WhatsApp (Se abre en una ventana nueva)<\/span><\/a><\/li><li class=\"share-telegram\"><a rel=\"nofollow noopener noreferrer\" data-shared=\"\" class=\"share-telegram sd-button share-icon no-text\" href=\"http:\/\/www.rtvnoticias.com.ar\/?p=47625&amp;share=telegram\" target=\"_blank\" title=\"Haz clic para compartir en Telegram\"><span><\/span><span class=\"sharing-screen-reader-text\">Haz clic para compartir en Telegram (Se abre en una ventana nueva)<\/span><\/a><\/li><li class=\"share-end\"><\/li><\/ul><\/div><\/div><\/div>","protected":false},"excerpt":{"rendered":"<p>Nuevas empresas se radican tanto en el Parque Industrial de Santa Rosa como en el Parque Agroalimentario de General Pico. A su vez una empresa<\/p>\n<div class=\"sharedaddy sd-sharing-enabled\"><div class=\"robots-nocontent sd-block sd-social sd-social-icon sd-sharing\"><h3 class=\"sd-title\">Comparte esto:<\/h3><div class=\"sd-content\"><ul><li class=\"share-twitter\"><a rel=\"nofollow noopener noreferrer\" data-shared=\"sharing-twitter-47625\" class=\"share-twitter sd-button share-icon no-text\" href=\"http:\/\/www.rtvnoticias.com.ar\/?p=47625&amp;share=twitter\" target=\"_blank\" title=\"Haz clic para compartir en Twitter\"><span><\/span><span class=\"sharing-screen-reader-text\">Haz clic para compartir en Twitter (Se abre en una ventana nueva)<\/span><\/a><\/li><li class=\"share-facebook\"><a rel=\"nofollow noopener noreferrer\" data-shared=\"sharing-facebook-47625\" class=\"share-facebook sd-button share-icon no-text\" href=\"http:\/\/www.rtvnoticias.com.ar\/?p=47625&amp;share=facebook\" target=\"_blank\" title=\"Haz clic para compartir en Facebook\"><span><\/span><span class=\"sharing-screen-reader-text\">Haz clic para compartir en Facebook (Se abre en una ventana nueva)<\/span><\/a><\/li><li class=\"share-jetpack-whatsapp\"><a rel=\"nofollow noopener noreferrer\" data-shared=\"\" class=\"share-jetpack-whatsapp sd-button share-icon no-text\" href=\"http:\/\/www.rtvnoticias.com.ar\/?p=47625&amp;share=jetpack-whatsapp\" target=\"_blank\" title=\"Haz clic para compartir en WhatsApp\"><span><\/span><span class=\"sharing-screen-reader-text\">Haz clic para compartir en WhatsApp (Se abre en una ventana nueva)<\/span><\/a><\/li><li class=\"share-telegram\"><a rel=\"nofollow noopener noreferrer\" data-shared=\"\" class=\"share-telegram sd-button share-icon no-text\" href=\"http:\/\/www.rtvnoticias.com.ar\/?p=47625&amp;share=telegram\" target=\"_blank\" title=\"Haz clic para compartir en Telegram\"><span><\/span><span class=\"sharing-screen-reader-text\">Haz clic para compartir en Telegram (Se abre en una ventana nueva)<\/span><\/a><\/li><li class=\"share-end\"><\/li><\/ul><\/div><\/div><\/div>","protected":false},"author":5,"featured_media":47626,"comment_status":"closed","ping_status":"closed","sticky":false,"template":"","format":"standard","meta":{"spay_email":"","jetpack_publicize_message":"","jetpack_is_tweetstorm":false,"jetpack_publicize_feature_enabled":true},"categories":[4],"tags":[5691],"jetpack_featured_media_url":"http:\/\/www.rtvnoticias.com.ar\/wp-content\/uploads\/2025\/12\/produccion-firma.jpg","jetpack_publicize_connections":[],"jetpack_sharing_enabled":true,"_links":{"self":[{"href":"http:\/\/www.rtvnoticias.com.ar\/index.php?rest_route=\/wp\/v2\/posts\/47625"}],"collection":[{"href":"http:\/\/www.rtvnoticias.com.ar\/index.php?rest_route=\/wp\/v2\/posts"}],"about":[{"href":"http:\/\/www.rtvnoticias.com.ar\/index.php?rest_route=\/wp\/v2\/types\/post"}],"author":[{"embeddable":true,"href":"http:\/\/www.rtvnoticias.com.ar\/index.php?rest_route=\/wp\/v2\/users\/5"}],"replies":[{"embeddable":true,"href":"http:\/\/www.rtvnoticias.com.ar\/index.php?rest_route=%2Fwp%2Fv2%2Fcomments&post=47625"}],"version-history":[{"count":1,"href":"http:\/\/www.rtvnoticias.com.ar\/index.php?rest_route=\/wp\/v2\/posts\/47625\/revisions"}],"predecessor-version":[{"id":47627,"href":"http:\/\/www.rtvnoticias.com.ar\/index.php?rest_route=\/wp\/v2\/posts\/47625\/revisions\/47627"}],"wp:featuredmedia":[{"embeddable":true,"href":"http:\/\/www.rtvnoticias.com.ar\/index.php?rest_route=\/wp\/v2\/media\/47626"}],"wp:attachment":[{"href":"http:\/\/www.rtvnoticias.com.ar\/index.php?rest_route=%2Fwp%2Fv2%2Fmedia&parent=47625"}],"wp:term":[{"taxonomy":"category","embeddable":true,"href":"http:\/\/www.rtvnoticias.com.ar\/index.php?rest_route=%2Fwp%2Fv2%2Fcategories&post=47625"},{"taxonomy":"post_tag","embeddable":true,"href":"http:\/\/www.rtvnoticias.com.ar\/index.php?rest_route=%2Fwp%2Fv2%2Ftags&post=47625"}],"curies":[{"name":"wp","href":"https:\/\/api.w.org\/{rel}","templated":true}]}}