{"id":47628,"date":"2025-12-10T16:31:53","date_gmt":"2025-12-10T19:31:53","guid":{"rendered":"http:\/\/www.rtvnoticias.com.ar\/?p=47628"},"modified":"2025-12-10T16:31:59","modified_gmt":"2025-12-10T19:31:59","slug":"pagar-el-gobierno-pampeano-desdoblado-salario-y-aguinaldo-es-para-la-intersindical-y-utelpa-lamentable-e-inoportuno","status":"publish","type":"post","link":"http:\/\/www.rtvnoticias.com.ar\/?p=47628","title":{"rendered":"Pagar el gobierno pampeano desdoblado salario y aguinaldo es para la Intersindical y Utelpa \u00ablamentable e inoportuno\u00bb"},"content":{"rendered":"\n<p>Los sindicatos de trabajadores del estatales de la provincia, integrantes de la Mesa Intersindical, expresaron su rechazo a la decisi\u00f3n del Gobierno pampeano de desdoblar el pago del salario de diciembre y el medio aguinaldo. <\/p>\n\n\n\n<p>\u00abDecisi\u00f3n lamentable e inoportuna, que produce malestar y angustia\u201d dijo a en declaraciones al programa Una Ma\u00f1ana de Locos que conduce Daniel Depaulo en Radio 37 la secretaria general de UTELPa, Roxana Gigliara.<\/p>\n\n\n\n<p>Antes del mediod\u00eda el dirigente Julio Acosta indic\u00f3 que Casa de Gobierno legalmente puede desdoblar el pago del aguinaldo y el sueldo, pero es \u201clamentable e inoportuno\u201d en este contexto de crisis que sufren los empleados estatales.<\/p>\n\n\n\n<p>\u201cEl art\u00edculo 122 de la Ley de Contrato de Trabajo especifica que es obligaci\u00f3n de los estados provinciales y nacional pagar el 30 de junio el aguinaldo y la segunda parte el 18 de diciembre. Y a fin de mes el salario. O sea, desde el punto de vista legal no podemos hacer ning\u00fan reclamo. Lo que no estamos de acuerdo es hacerlo en esta circunstancia, donde los trabajadores est\u00e1n endeudados y necesitan un refuerzo fuerte para pagar deudas y tener un poco para pasar las fiestas. Por eso nos parece inoportuno\u201d, se\u00f1al\u00f3 Acosta.<\/p>\n\n\n\n<p>\u201cNosotros pedimos cl\u00e1usula gatillo, bono de fin de a\u00f1o, pr\u00e9stamos blandos para saldar deudas con tarjetas y veremos ma\u00f1ana que nos responden. Pero lamentamos esto que ha hecho el Ejecutivo porque va en contra de la necesidad concreta hoy, donde necesitamos plata en el bolsillo. Entendemos que hay dificultades financieras, pero es nuestro derecho y vamos a pelear por eso\u201d, puntualiz\u00f3.<\/p>\n\n\n\n<p>Acosta afirm\u00f3 que \u00absi no hay una fuerte oferta salarial para las paritarias estatales de este jueves 11, podr\u00edan iniciar medidas de fuerza. Si no hay acuerdo vamos a ir a un proceso de asambleas con los compa\u00f1eros y si hay que ir al conflicto, vamos a ir al conflicto\u201d.<\/p>\n<div class=\"sharedaddy sd-sharing-enabled\"><div class=\"robots-nocontent sd-block sd-social sd-social-icon sd-sharing\"><h3 class=\"sd-title\">Comparte esto:<\/h3><div class=\"sd-content\"><ul><li class=\"share-twitter\"><a rel=\"nofollow noopener noreferrer\" data-shared=\"sharing-twitter-47628\" class=\"share-twitter sd-button share-icon no-text\" href=\"http:\/\/www.rtvnoticias.com.ar\/?p=47628&amp;share=twitter\" target=\"_blank\" title=\"Haz clic para compartir en Twitter\"><span><\/span><span class=\"sharing-screen-reader-text\">Haz clic para compartir en Twitter (Se abre en una ventana nueva)<\/span><\/a><\/li><li class=\"share-facebook\"><a rel=\"nofollow noopener noreferrer\" data-shared=\"sharing-facebook-47628\" class=\"share-facebook sd-button share-icon no-text\" href=\"http:\/\/www.rtvnoticias.com.ar\/?p=47628&amp;share=facebook\" target=\"_blank\" title=\"Haz clic para compartir en Facebook\"><span><\/span><span class=\"sharing-screen-reader-text\">Haz clic para compartir en Facebook (Se abre en una ventana nueva)<\/span><\/a><\/li><li class=\"share-jetpack-whatsapp\"><a rel=\"nofollow noopener noreferrer\" data-shared=\"\" class=\"share-jetpack-whatsapp sd-button share-icon no-text\" href=\"http:\/\/www.rtvnoticias.com.ar\/?p=47628&amp;share=jetpack-whatsapp\" target=\"_blank\" title=\"Haz clic para compartir en WhatsApp\"><span><\/span><span class=\"sharing-screen-reader-text\">Haz clic para compartir en WhatsApp (Se abre en una ventana nueva)<\/span><\/a><\/li><li class=\"share-telegram\"><a rel=\"nofollow noopener noreferrer\" data-shared=\"\" class=\"share-telegram sd-button share-icon no-text\" href=\"http:\/\/www.rtvnoticias.com.ar\/?p=47628&amp;share=telegram\" target=\"_blank\" title=\"Haz clic para compartir en Telegram\"><span><\/span><span class=\"sharing-screen-reader-text\">Haz clic para compartir en Telegram (Se abre en una ventana nueva)<\/span><\/a><\/li><li class=\"share-end\"><\/li><\/ul><\/div><\/div><\/div>","protected":false},"excerpt":{"rendered":"<p>Los sindicatos de trabajadores del estatales de la provincia, integrantes de la Mesa Intersindical, expresaron su rechazo a la decisi\u00f3n del Gobierno pampeano de desdoblar<\/p>\n<div class=\"sharedaddy sd-sharing-enabled\"><div class=\"robots-nocontent sd-block sd-social sd-social-icon sd-sharing\"><h3 class=\"sd-title\">Comparte esto:<\/h3><div class=\"sd-content\"><ul><li class=\"share-twitter\"><a rel=\"nofollow noopener noreferrer\" data-shared=\"sharing-twitter-47628\" class=\"share-twitter sd-button share-icon no-text\" href=\"http:\/\/www.rtvnoticias.com.ar\/?p=47628&amp;share=twitter\" target=\"_blank\" title=\"Haz clic para compartir en Twitter\"><span><\/span><span class=\"sharing-screen-reader-text\">Haz clic para compartir en Twitter (Se abre en una ventana nueva)<\/span><\/a><\/li><li class=\"share-facebook\"><a rel=\"nofollow noopener noreferrer\" data-shared=\"sharing-facebook-47628\" class=\"share-facebook sd-button share-icon no-text\" href=\"http:\/\/www.rtvnoticias.com.ar\/?p=47628&amp;share=facebook\" target=\"_blank\" title=\"Haz clic para compartir en Facebook\"><span><\/span><span class=\"sharing-screen-reader-text\">Haz clic para compartir en Facebook (Se abre en una ventana nueva)<\/span><\/a><\/li><li class=\"share-jetpack-whatsapp\"><a rel=\"nofollow noopener noreferrer\" data-shared=\"\" class=\"share-jetpack-whatsapp sd-button share-icon no-text\" href=\"http:\/\/www.rtvnoticias.com.ar\/?p=47628&amp;share=jetpack-whatsapp\" target=\"_blank\" title=\"Haz clic para compartir en WhatsApp\"><span><\/span><span class=\"sharing-screen-reader-text\">Haz clic para compartir en WhatsApp (Se abre en una ventana nueva)<\/span><\/a><\/li><li class=\"share-telegram\"><a rel=\"nofollow noopener noreferrer\" data-shared=\"\" class=\"share-telegram sd-button share-icon no-text\" href=\"http:\/\/www.rtvnoticias.com.ar\/?p=47628&amp;share=telegram\" target=\"_blank\" title=\"Haz clic para compartir en Telegram\"><span><\/span><span class=\"sharing-screen-reader-text\">Haz clic para compartir en Telegram (Se abre en una ventana nueva)<\/span><\/a><\/li><li class=\"share-end\"><\/li><\/ul><\/div><\/div><\/div>","protected":false},"author":5,"featured_media":47629,"comment_status":"closed","ping_status":"closed","sticky":false,"template":"","format":"standard","meta":{"spay_email":"","jetpack_publicize_message":"","jetpack_is_tweetstorm":false,"jetpack_publicize_feature_enabled":true},"categories":[4],"tags":[5692],"jetpack_featured_media_url":"http:\/\/www.rtvnoticias.com.ar\/wp-content\/uploads\/2025\/12\/intersindical.jpg","jetpack_publicize_connections":[],"jetpack_sharing_enabled":true,"_links":{"self":[{"href":"http:\/\/www.rtvnoticias.com.ar\/index.php?rest_route=\/wp\/v2\/posts\/47628"}],"collection":[{"href":"http:\/\/www.rtvnoticias.com.ar\/index.php?rest_route=\/wp\/v2\/posts"}],"about":[{"href":"http:\/\/www.rtvnoticias.com.ar\/index.php?rest_route=\/wp\/v2\/types\/post"}],"author":[{"embeddable":true,"href":"http:\/\/www.rtvnoticias.com.ar\/index.php?rest_route=\/wp\/v2\/users\/5"}],"replies":[{"embeddable":true,"href":"http:\/\/www.rtvnoticias.com.ar\/index.php?rest_route=%2Fwp%2Fv2%2Fcomments&post=47628"}],"version-history":[{"count":1,"href":"http:\/\/www.rtvnoticias.com.ar\/index.php?rest_route=\/wp\/v2\/posts\/47628\/revisions"}],"predecessor-version":[{"id":47630,"href":"http:\/\/www.rtvnoticias.com.ar\/index.php?rest_route=\/wp\/v2\/posts\/47628\/revisions\/47630"}],"wp:featuredmedia":[{"embeddable":true,"href":"http:\/\/www.rtvnoticias.com.ar\/index.php?rest_route=\/wp\/v2\/media\/47629"}],"wp:attachment":[{"href":"http:\/\/www.rtvnoticias.com.ar\/index.php?rest_route=%2Fwp%2Fv2%2Fmedia&parent=47628"}],"wp:term":[{"taxonomy":"category","embeddable":true,"href":"http:\/\/www.rtvnoticias.com.ar\/index.php?rest_route=%2Fwp%2Fv2%2Fcategories&post=47628"},{"taxonomy":"post_tag","embeddable":true,"href":"http:\/\/www.rtvnoticias.com.ar\/index.php?rest_route=%2Fwp%2Fv2%2Ftags&post=47628"}],"curies":[{"name":"wp","href":"https:\/\/api.w.org\/{rel}","templated":true}]}}