{"id":47631,"date":"2025-12-10T16:43:29","date_gmt":"2025-12-10T19:43:29","guid":{"rendered":"http:\/\/www.rtvnoticias.com.ar\/?p=47631"},"modified":"2025-12-10T16:43:34","modified_gmt":"2025-12-10T19:43:34","slug":"presupuesto-2026-funcionarios-de-la-secretaria-de-gobierno-informaron-a-concejales","status":"publish","type":"post","link":"http:\/\/www.rtvnoticias.com.ar\/?p=47631","title":{"rendered":"Presupuesto 2026: funcionarios de la Secretar\u00eda de Gobierno informaron a concejales"},"content":{"rendered":"\n<p>La Secretar\u00eda de Gobierno llev\u00f3 a cabo en la ma\u00f1ana de este mi\u00e9rcoles la presentaci\u00f3n de su planificaci\u00f3n econ\u00f3mica para el 2026 en el Concejo Deliberante, continuando as\u00ed con la ronda de exposiciones que desarrollan&nbsp;las diferentes \u00e1reas municipales frente a las y los ediles.&nbsp;<\/p>\n\n\n\n<p>Durante la misma, se inform\u00f3 ante el cuerpo legislativo, que el presupuesto para el pr\u00f3ximo a\u00f1o ser\u00e1 de $12.018.418.446 para las diferentes partidas correspondientes a la cartera.&nbsp;<\/p>\n\n\n\n<p>Esta cifra representa un incremento del 26% respecto del a\u00f1o anterior.<\/p>\n\n\n\n<p>La Secretar\u00eda absorbe el 23% del personal de planta permanente del municipio, incluyendo al del Concejo Deliberante, el 18% de los contratados con aporte, tambi\u00e9n abarcando a dicho organismo siete direcciones, dos subdirecciones y nueve funcionarios.<\/p>\n\n\n\n<p>As\u00ed mismo, se destaca una suba del 74% para servicios no personales.<\/p>\n\n\n\n<p>Vale aclarar que, dentro de la planta permanente, se incluyen a los empleados del SEM bajo convenio colectivo ATSA.<\/p>\n\n\n\n<p>De esta unidad organizacional tambi\u00e9n dependen dos Departamentos, Gerencia de Choferes y Junta Municipal de Defensa Civil.<\/p>\n\n\n\n<p>Estuvieron presentes en esta ocasi\u00f3n el secretario de Gobierno, Nicol\u00e1s Mendoza; el director de Prevenci\u00f3n y Seguridad Ciudadana, Cristian Viola; la directora de Recursos Humanos, Andrea Bustos; el director de Gesti\u00f3n Cultural, Mat\u00edas Rach; el director de Participaci\u00f3n Ciudadana y Relaciones Institucionales, Alejandro G\u00f3mez Somoza; la directora de Deporte, Mariela Lera; el director de Juventud, Mat\u00edas Alan\u00eds y el&nbsp;subdirector de Tr\u00e1nsito, Gonzalo De Laturi Su\u00e1rez.<\/p>\n\n\n\n<p><strong>Administraci\u00f3n y sostenimiento de actividades<\/strong><\/p>\n\n\n\n<p>Al concluir la exposici\u00f3n, Nicol\u00e1s Mendoza declar\u00f3: \u201cEste a\u00f1o no realizaremos inversiones importantes en bienes de capital, ya que lo hicimos fuertemente el a\u00f1o anterior, en su mayor\u00eda destinadas al Plan Piquense de Seguridad Vial\u201d.&nbsp;<\/p>\n\n\n\n<p>Con respecto al \u00e1rea cultural refiri\u00f3: \u201cEl objetivo es seguir con tres ejes principales: la descentralizaci\u00f3n, la participaci\u00f3n y la profesionalizaci\u00f3n de las y los artistas. En ese sentido, lo que se planea es continuar con todos los talleres, los espacios de formaci\u00f3n y sostener las carreras de la Universidad Nacional de las Artes, como as\u00ed tambi\u00e9n la realizaci\u00f3n de los distintos festivales\u201d.<\/p>\n\n\n\n<p>\u201cUna de nuestras premisas es el Buen Vivir y eso incluye, adem\u00e1s de promover una ciudad m\u00e1s segura y amigable, brindar oportunidades y espacios de aprendizaje y recreaci\u00f3n, entre los que se encuentran los deportivos, juveniles, art\u00edsticos, educativos y culturales. Y todo esto est\u00e1 vinculado al aumento de la partida de servicios no personales\u201d, aclar\u00f3.<\/p>\n\n\n\n<p>Sumado a ello, el funcionario mencion\u00f3 el desarrollo del Plan de Seguridad Ciudadana<strong>,&nbsp;<\/strong>\u201cuna iniciativa que permite abordar las conflictividades sociales, fortaleciendo los lazos comunitarios. En este contexto, la participaci\u00f3n ciudadana se constituye como uno de los principios rectores de la gesti\u00f3n local de la seguridad, integrando de manera activa a las personas y a las organizaciones de la sociedad civil en el diagn\u00f3stico, la formulaci\u00f3n de propuestas, el monitoreo y evaluaci\u00f3n del desempe\u00f1o del sistema\u201d.<\/p>\n\n\n\n<p>\u201cCon ello se busca anticipar y reducir los factores de riesgo socio-delictuales, garantizando que cada habitante de General Pico pueda desarrollarse plenamente y sentirse parte de una comunidad cuidada y cercana\u201d, cerr\u00f3 Nicol\u00e1s Mendoza.<\/p>\n<div class=\"sharedaddy sd-sharing-enabled\"><div class=\"robots-nocontent sd-block sd-social sd-social-icon sd-sharing\"><h3 class=\"sd-title\">Comparte esto:<\/h3><div class=\"sd-content\"><ul><li class=\"share-twitter\"><a rel=\"nofollow noopener noreferrer\" data-shared=\"sharing-twitter-47631\" class=\"share-twitter sd-button share-icon no-text\" href=\"http:\/\/www.rtvnoticias.com.ar\/?p=47631&amp;share=twitter\" target=\"_blank\" title=\"Haz clic para compartir en Twitter\"><span><\/span><span class=\"sharing-screen-reader-text\">Haz clic para compartir en Twitter (Se abre en una ventana nueva)<\/span><\/a><\/li><li class=\"share-facebook\"><a rel=\"nofollow noopener noreferrer\" data-shared=\"sharing-facebook-47631\" class=\"share-facebook sd-button share-icon no-text\" href=\"http:\/\/www.rtvnoticias.com.ar\/?p=47631&amp;share=facebook\" target=\"_blank\" title=\"Haz clic para compartir en Facebook\"><span><\/span><span class=\"sharing-screen-reader-text\">Haz clic para compartir en Facebook (Se abre en una ventana nueva)<\/span><\/a><\/li><li class=\"share-jetpack-whatsapp\"><a rel=\"nofollow noopener noreferrer\" data-shared=\"\" class=\"share-jetpack-whatsapp sd-button share-icon no-text\" href=\"http:\/\/www.rtvnoticias.com.ar\/?p=47631&amp;share=jetpack-whatsapp\" target=\"_blank\" title=\"Haz clic para compartir en WhatsApp\"><span><\/span><span class=\"sharing-screen-reader-text\">Haz clic para compartir en WhatsApp (Se abre en una ventana nueva)<\/span><\/a><\/li><li class=\"share-telegram\"><a rel=\"nofollow noopener noreferrer\" data-shared=\"\" class=\"share-telegram sd-button share-icon no-text\" href=\"http:\/\/www.rtvnoticias.com.ar\/?p=47631&amp;share=telegram\" target=\"_blank\" title=\"Haz clic para compartir en Telegram\"><span><\/span><span class=\"sharing-screen-reader-text\">Haz clic para compartir en Telegram (Se abre en una ventana nueva)<\/span><\/a><\/li><li class=\"share-end\"><\/li><\/ul><\/div><\/div><\/div>","protected":false},"excerpt":{"rendered":"<p>La Secretar\u00eda de Gobierno llev\u00f3 a cabo en la ma\u00f1ana de este mi\u00e9rcoles la presentaci\u00f3n de su planificaci\u00f3n econ\u00f3mica para el 2026 en el Concejo<\/p>\n<div class=\"sharedaddy sd-sharing-enabled\"><div class=\"robots-nocontent sd-block sd-social sd-social-icon sd-sharing\"><h3 class=\"sd-title\">Comparte esto:<\/h3><div class=\"sd-content\"><ul><li class=\"share-twitter\"><a rel=\"nofollow noopener noreferrer\" data-shared=\"sharing-twitter-47631\" class=\"share-twitter sd-button share-icon no-text\" href=\"http:\/\/www.rtvnoticias.com.ar\/?p=47631&amp;share=twitter\" target=\"_blank\" title=\"Haz clic para compartir en Twitter\"><span><\/span><span class=\"sharing-screen-reader-text\">Haz clic para compartir en Twitter (Se abre en una ventana nueva)<\/span><\/a><\/li><li class=\"share-facebook\"><a rel=\"nofollow noopener noreferrer\" data-shared=\"sharing-facebook-47631\" class=\"share-facebook sd-button share-icon no-text\" href=\"http:\/\/www.rtvnoticias.com.ar\/?p=47631&amp;share=facebook\" target=\"_blank\" title=\"Haz clic para compartir en Facebook\"><span><\/span><span class=\"sharing-screen-reader-text\">Haz clic para compartir en Facebook (Se abre en una ventana nueva)<\/span><\/a><\/li><li class=\"share-jetpack-whatsapp\"><a rel=\"nofollow noopener noreferrer\" data-shared=\"\" class=\"share-jetpack-whatsapp sd-button share-icon no-text\" href=\"http:\/\/www.rtvnoticias.com.ar\/?p=47631&amp;share=jetpack-whatsapp\" target=\"_blank\" title=\"Haz clic para compartir en WhatsApp\"><span><\/span><span class=\"sharing-screen-reader-text\">Haz clic para compartir en WhatsApp (Se abre en una ventana nueva)<\/span><\/a><\/li><li class=\"share-telegram\"><a rel=\"nofollow noopener noreferrer\" data-shared=\"\" class=\"share-telegram sd-button share-icon no-text\" href=\"http:\/\/www.rtvnoticias.com.ar\/?p=47631&amp;share=telegram\" target=\"_blank\" title=\"Haz clic para compartir en Telegram\"><span><\/span><span class=\"sharing-screen-reader-text\">Haz clic para compartir en Telegram (Se abre en una ventana nueva)<\/span><\/a><\/li><li class=\"share-end\"><\/li><\/ul><\/div><\/div><\/div>","protected":false},"author":5,"featured_media":47632,"comment_status":"closed","ping_status":"closed","sticky":false,"template":"","format":"standard","meta":{"spay_email":"","jetpack_publicize_message":"","jetpack_is_tweetstorm":false,"jetpack_publicize_feature_enabled":true},"categories":[3],"tags":[5693],"jetpack_featured_media_url":"http:\/\/www.rtvnoticias.com.ar\/wp-content\/uploads\/2025\/12\/GOBIERNO-1.jpg","jetpack_publicize_connections":[],"jetpack_sharing_enabled":true,"_links":{"self":[{"href":"http:\/\/www.rtvnoticias.com.ar\/index.php?rest_route=\/wp\/v2\/posts\/47631"}],"collection":[{"href":"http:\/\/www.rtvnoticias.com.ar\/index.php?rest_route=\/wp\/v2\/posts"}],"about":[{"href":"http:\/\/www.rtvnoticias.com.ar\/index.php?rest_route=\/wp\/v2\/types\/post"}],"author":[{"embeddable":true,"href":"http:\/\/www.rtvnoticias.com.ar\/index.php?rest_route=\/wp\/v2\/users\/5"}],"replies":[{"embeddable":true,"href":"http:\/\/www.rtvnoticias.com.ar\/index.php?rest_route=%2Fwp%2Fv2%2Fcomments&post=47631"}],"version-history":[{"count":1,"href":"http:\/\/www.rtvnoticias.com.ar\/index.php?rest_route=\/wp\/v2\/posts\/47631\/revisions"}],"predecessor-version":[{"id":47633,"href":"http:\/\/www.rtvnoticias.com.ar\/index.php?rest_route=\/wp\/v2\/posts\/47631\/revisions\/47633"}],"wp:featuredmedia":[{"embeddable":true,"href":"http:\/\/www.rtvnoticias.com.ar\/index.php?rest_route=\/wp\/v2\/media\/47632"}],"wp:attachment":[{"href":"http:\/\/www.rtvnoticias.com.ar\/index.php?rest_route=%2Fwp%2Fv2%2Fmedia&parent=47631"}],"wp:term":[{"taxonomy":"category","embeddable":true,"href":"http:\/\/www.rtvnoticias.com.ar\/index.php?rest_route=%2Fwp%2Fv2%2Fcategories&post=47631"},{"taxonomy":"post_tag","embeddable":true,"href":"http:\/\/www.rtvnoticias.com.ar\/index.php?rest_route=%2Fwp%2Fv2%2Ftags&post=47631"}],"curies":[{"name":"wp","href":"https:\/\/api.w.org\/{rel}","templated":true}]}}