{"id":47637,"date":"2025-12-12T06:45:00","date_gmt":"2025-12-12T09:45:00","guid":{"rendered":"http:\/\/www.rtvnoticias.com.ar\/?p=47637"},"modified":"2025-12-10T16:54:32","modified_gmt":"2025-12-10T19:54:32","slug":"biciaventura-segura-este-sabado-hasta-la-reserva-natural-urbana","status":"publish","type":"post","link":"http:\/\/www.rtvnoticias.com.ar\/?p=47637","title":{"rendered":"\u00abBiciaventura Segura\u00bb este s\u00e1bado hasta la Reserva Natural Urbana"},"content":{"rendered":"\n<p>En el marco del Plan Piquense de Seguridad Vial y de la Semana de la Conducci\u00f3n Responsable, la Municipalidad de General Pico llevar\u00e1 adelante este s\u00e1bado 13, la iniciativa denominada \u201cBiciaventura segura\u201d. Mediante la misma, vecinos y vecinas podr\u00e1n recorrer un tramo de la ciudad utilizando este medio de movilidad, hasta la Reserva Natural Urbana. El punto de encuentro ser\u00e1 la Explanada municipal, a las 11:00.<\/p>\n\n\n\n<p>Esto se&nbsp;da tambi\u00e9n en virtud del D\u00eda del Vecino y la Vecina Participativa de General Pico, que se conmemora cada 15 de diciembre y&nbsp;est\u00e1 dirigido a personas a partir de los diez a\u00f1os, quienes deber\u00e1n concurrir con bicicleta.<\/p>\n\n\n\n<p>Ser\u00e1 una jornada destinada a impulsar el deporte&nbsp;seguro, saludable y promocionar el cuidado del medio ambiente.<br><br>Para ser parte, las y los interesados deber\u00e1n inscribirse en el siguiente link&nbsp;<a rel=\"noreferrer noopener\" target=\"_blank\" href=\"https:\/\/forms.gle\/pH2UbTg1qGVsWGAaA\">https:\/\/forms.gle\/pH2UbTg1qGVsWGAaA<\/a><\/p>\n\n\n\n<p>Una vez el grupo arribe a destino, se brindar\u00e1 una charla informativa sobre dicho espacio natural, se compartir\u00e1 un almuerzo y, posteriormente, podr\u00e1n disfrutar de las actividades n\u00e1uticas que ofrece all\u00ed el municipio.<\/p>\n\n\n\n<p>La alternativa est\u00e1 coordinada por la Direcci\u00f3n de Participaci\u00f3n Ciudadana y Relaciones Institucionales, la Direcci\u00f3n de Prevenci\u00f3n y Seguridad Ciudadana, la Direcci\u00f3n de Arbolado y Parques Urbanos y la Direcci\u00f3n de Deportes.<\/p>\n\n\n\n<p><strong>\u00bfQu\u00e9 llevar?<\/strong><\/p>\n\n\n\n<p>Quienes deseen sumarse, deber\u00e1n hacerlo con los siguientes elementos:<\/p>\n\n\n\n<p>-Agua.<\/p>\n\n\n\n<p>-Protector Solar.<\/p>\n\n\n\n<p>&#8211; Repelente.<\/p>\n\n\n\n<p>-Gorro\/gorra.<\/p>\n\n\n\n<p>-Comida o vianda para almorzar en la Reserva.<\/p>\n\n\n\n<p>&#8211; Ropa c\u00f3moda (tener en cuenta que puede mojarse).<\/p>\n\n\n\n<p>Cabe agregar que habr\u00e1 puntos de hidrataci\u00f3n en el lugar en caso de ser necesarios.<\/p>\n<div class=\"sharedaddy sd-sharing-enabled\"><div class=\"robots-nocontent sd-block sd-social sd-social-icon sd-sharing\"><h3 class=\"sd-title\">Comparte esto:<\/h3><div class=\"sd-content\"><ul><li class=\"share-twitter\"><a rel=\"nofollow noopener noreferrer\" data-shared=\"sharing-twitter-47637\" class=\"share-twitter sd-button share-icon no-text\" href=\"http:\/\/www.rtvnoticias.com.ar\/?p=47637&amp;share=twitter\" target=\"_blank\" title=\"Haz clic para compartir en Twitter\"><span><\/span><span class=\"sharing-screen-reader-text\">Haz clic para compartir en Twitter (Se abre en una ventana nueva)<\/span><\/a><\/li><li class=\"share-facebook\"><a rel=\"nofollow noopener noreferrer\" data-shared=\"sharing-facebook-47637\" class=\"share-facebook sd-button share-icon no-text\" href=\"http:\/\/www.rtvnoticias.com.ar\/?p=47637&amp;share=facebook\" target=\"_blank\" title=\"Haz clic para compartir en Facebook\"><span><\/span><span class=\"sharing-screen-reader-text\">Haz clic para compartir en Facebook (Se abre en una ventana nueva)<\/span><\/a><\/li><li class=\"share-jetpack-whatsapp\"><a rel=\"nofollow noopener noreferrer\" data-shared=\"\" class=\"share-jetpack-whatsapp sd-button share-icon no-text\" href=\"http:\/\/www.rtvnoticias.com.ar\/?p=47637&amp;share=jetpack-whatsapp\" target=\"_blank\" title=\"Haz clic para compartir en WhatsApp\"><span><\/span><span class=\"sharing-screen-reader-text\">Haz clic para compartir en WhatsApp (Se abre en una ventana nueva)<\/span><\/a><\/li><li class=\"share-telegram\"><a rel=\"nofollow noopener noreferrer\" data-shared=\"\" class=\"share-telegram sd-button share-icon no-text\" href=\"http:\/\/www.rtvnoticias.com.ar\/?p=47637&amp;share=telegram\" target=\"_blank\" title=\"Haz clic para compartir en Telegram\"><span><\/span><span class=\"sharing-screen-reader-text\">Haz clic para compartir en Telegram (Se abre en una ventana nueva)<\/span><\/a><\/li><li class=\"share-end\"><\/li><\/ul><\/div><\/div><\/div>","protected":false},"excerpt":{"rendered":"<p>En el marco del Plan Piquense de Seguridad Vial y de la Semana de la Conducci\u00f3n Responsable, la Municipalidad de General Pico llevar\u00e1 adelante este<\/p>\n<div class=\"sharedaddy sd-sharing-enabled\"><div class=\"robots-nocontent sd-block sd-social sd-social-icon sd-sharing\"><h3 class=\"sd-title\">Comparte esto:<\/h3><div class=\"sd-content\"><ul><li class=\"share-twitter\"><a rel=\"nofollow noopener noreferrer\" data-shared=\"sharing-twitter-47637\" class=\"share-twitter sd-button share-icon no-text\" href=\"http:\/\/www.rtvnoticias.com.ar\/?p=47637&amp;share=twitter\" target=\"_blank\" title=\"Haz clic para compartir en Twitter\"><span><\/span><span class=\"sharing-screen-reader-text\">Haz clic para compartir en Twitter (Se abre en una ventana nueva)<\/span><\/a><\/li><li class=\"share-facebook\"><a rel=\"nofollow noopener noreferrer\" data-shared=\"sharing-facebook-47637\" class=\"share-facebook sd-button share-icon no-text\" href=\"http:\/\/www.rtvnoticias.com.ar\/?p=47637&amp;share=facebook\" target=\"_blank\" title=\"Haz clic para compartir en Facebook\"><span><\/span><span class=\"sharing-screen-reader-text\">Haz clic para compartir en Facebook (Se abre en una ventana nueva)<\/span><\/a><\/li><li class=\"share-jetpack-whatsapp\"><a rel=\"nofollow noopener noreferrer\" data-shared=\"\" class=\"share-jetpack-whatsapp sd-button share-icon no-text\" href=\"http:\/\/www.rtvnoticias.com.ar\/?p=47637&amp;share=jetpack-whatsapp\" target=\"_blank\" title=\"Haz clic para compartir en WhatsApp\"><span><\/span><span class=\"sharing-screen-reader-text\">Haz clic para compartir en WhatsApp (Se abre en una ventana nueva)<\/span><\/a><\/li><li class=\"share-telegram\"><a rel=\"nofollow noopener noreferrer\" data-shared=\"\" class=\"share-telegram sd-button share-icon no-text\" href=\"http:\/\/www.rtvnoticias.com.ar\/?p=47637&amp;share=telegram\" target=\"_blank\" title=\"Haz clic para compartir en Telegram\"><span><\/span><span class=\"sharing-screen-reader-text\">Haz clic para compartir en Telegram (Se abre en una ventana nueva)<\/span><\/a><\/li><li class=\"share-end\"><\/li><\/ul><\/div><\/div><\/div>","protected":false},"author":5,"featured_media":47638,"comment_status":"closed","ping_status":"closed","sticky":false,"template":"","format":"standard","meta":{"spay_email":"","jetpack_publicize_message":"","jetpack_is_tweetstorm":false,"jetpack_publicize_feature_enabled":true},"categories":[3],"tags":[5695],"jetpack_featured_media_url":"http:\/\/www.rtvnoticias.com.ar\/wp-content\/uploads\/2025\/12\/\u200ebiciaventura.jpg","jetpack_publicize_connections":[],"jetpack_sharing_enabled":true,"_links":{"self":[{"href":"http:\/\/www.rtvnoticias.com.ar\/index.php?rest_route=\/wp\/v2\/posts\/47637"}],"collection":[{"href":"http:\/\/www.rtvnoticias.com.ar\/index.php?rest_route=\/wp\/v2\/posts"}],"about":[{"href":"http:\/\/www.rtvnoticias.com.ar\/index.php?rest_route=\/wp\/v2\/types\/post"}],"author":[{"embeddable":true,"href":"http:\/\/www.rtvnoticias.com.ar\/index.php?rest_route=\/wp\/v2\/users\/5"}],"replies":[{"embeddable":true,"href":"http:\/\/www.rtvnoticias.com.ar\/index.php?rest_route=%2Fwp%2Fv2%2Fcomments&post=47637"}],"version-history":[{"count":1,"href":"http:\/\/www.rtvnoticias.com.ar\/index.php?rest_route=\/wp\/v2\/posts\/47637\/revisions"}],"predecessor-version":[{"id":47639,"href":"http:\/\/www.rtvnoticias.com.ar\/index.php?rest_route=\/wp\/v2\/posts\/47637\/revisions\/47639"}],"wp:featuredmedia":[{"embeddable":true,"href":"http:\/\/www.rtvnoticias.com.ar\/index.php?rest_route=\/wp\/v2\/media\/47638"}],"wp:attachment":[{"href":"http:\/\/www.rtvnoticias.com.ar\/index.php?rest_route=%2Fwp%2Fv2%2Fmedia&parent=47637"}],"wp:term":[{"taxonomy":"category","embeddable":true,"href":"http:\/\/www.rtvnoticias.com.ar\/index.php?rest_route=%2Fwp%2Fv2%2Fcategories&post=47637"},{"taxonomy":"post_tag","embeddable":true,"href":"http:\/\/www.rtvnoticias.com.ar\/index.php?rest_route=%2Fwp%2Fv2%2Ftags&post=47637"}],"curies":[{"name":"wp","href":"https:\/\/api.w.org\/{rel}","templated":true}]}}