{"id":47648,"date":"2025-12-11T10:50:04","date_gmt":"2025-12-11T13:50:04","guid":{"rendered":"http:\/\/www.rtvnoticias.com.ar\/?p=47648"},"modified":"2025-12-11T10:50:10","modified_gmt":"2025-12-11T13:50:10","slug":"entregaron-creditos-a-29-vecinos-por-un-monto-total-de-casi-23-millones-de-pesos","status":"publish","type":"post","link":"http:\/\/www.rtvnoticias.com.ar\/?p=47648","title":{"rendered":"Entregaron cr\u00e9ditos a 29 vecinos por un monto total de casi 23 millones de pesos"},"content":{"rendered":"\n<p>La Municipalidad de General Pico, en conjunto con el ministerio de Desarrollo Social de La Pampa, efectu\u00f3 en la ma\u00f1ana de este mi\u00e9rcoles una nueva entrega de cr\u00e9ditos correspondientes al Programa de Desarrollo de la Econom\u00eda Social y de la L\u00ednea de Recupero municipal por un monto total de $22.950.000.<\/p>\n\n\n\n<p>Fueron, en total, 29 beneficiarios y beneficiarias que se desempe\u00f1an en diferentes rubros tales como venta de indumentaria, elaboraci\u00f3n de alimentos, tapicer\u00eda, venta de art\u00edculos de limpieza, cer\u00e1mica, elaboraci\u00f3n de muebles, librer\u00eda, electricista, elaboraci\u00f3n textil, est\u00e9tica, venta de antig\u00fcedades, est\u00e9tica, elaboraci\u00f3n de productos de resina, entre otros.&nbsp;<\/p>\n\n\n\n<p>Estos aportes crediticios resultan fundamentales para todas y todos aquellos que requieren de un impulso no s\u00f3lo en la puesta en marcha de una actividad comercial sino tambi\u00e9n para potenciar las ya existentes.<br><br>Estuvieron presentes la intendenta Fernanda Alonso, el ministro de Desarrollo Social y Derechos Humanos, Diego \u00c1lvarez; la subsecretaria de Econom\u00eda Social, Graciela Salvini; el secretario de Econom\u00eda, Luis Anconetani; la directora de Desarrollo Econ\u00f3mico y Productivo, Yolanda Carrizo; la coordinadora de Nuevas Econom\u00edas y Emprendedorismo, Melina Mu\u00f1oz; dem\u00e1s funcionarias y funcionarios tanto municipales como provinciales.<\/p>\n\n\n\n<p><strong>Fortalecimiento econ\u00f3mico<\/strong><\/p>\n\n\n\n<p>La jefa comunal piquense, Fernanda Alonso, se dirigi\u00f3 a las y los asistentes: \u201cCada vez que entregamos cr\u00e9ditos, reafirmamos una pol\u00edtica p\u00fablica de Estado sostenida durante m\u00e1s de 18 a\u00f1os. La Pampa es una de las \u00fanicas provincias que tiene esta posibilidad\u201d.&nbsp;<\/p>\n\n\n\n<p>\u201cHay un marco normativo para que los municipios tengamos esta previsibilidad de recibir fondos y otorgarlos a emprendedores y emprendedoras que requieren de este acompa\u00f1amiento\u201d, a\u00f1adi\u00f3.<br><br>Agreg\u00f3 que la \u201cL\u00ednea de Recupero nos permite que el pago de la cuota genere otro fondo para que se conviertan en nuevos cr\u00e9ditos y eso es responsabilidad de cada y una, dando lugar a que m\u00e1s piquenses accedan a esta posibilidad\u201d.&nbsp;<\/p>\n\n\n\n<p>\u201cHay un equipo disponible para asistirlos en cada necesidad que tengan como as\u00ed tambi\u00e9n un abanico de capacitaciones para que aprovechen y sean de uso para la comunidad. Les deseo mucho \u00e9xito en la tarea que hacen y sientan que hay un Estado municipal que acompa\u00f1a, con una gesti\u00f3n provincial que destina recursos\u201d, cerr\u00f3 Alonso.<\/p>\n\n\n\n<p>Por su parte, Diego \u00c1lvarez se\u00f1al\u00f3: \u201cFernanda lo graficaba muy bien. Hay un c\u00edrculo virtuoso entre el Gobierno de La Pampa, el municipio y la devoluci\u00f3n de todas y todos ustedes. Destacamos que la mayor\u00eda de las emprendedoras son mujeres, quienes se cargan sobre la espalda estas iniciativas, siendo sost\u00e9n de familia\u201d.&nbsp;<\/p>\n\n\n\n<p><br>En tanto, Graciela Salvini manifest\u00f3: \u201cTienen 24 meses de financiamiento y 3 de gracia, por lo cual habla muy bien del trabajo que viene haciendo la Municipalidad. Pico tiene una metodolog\u00eda de ir financiando por tramos, entendiendo que esto responde a las necesidades que va adquiriendo el territorio\u201d.<\/p>\n<div class=\"sharedaddy sd-sharing-enabled\"><div class=\"robots-nocontent sd-block sd-social sd-social-icon sd-sharing\"><h3 class=\"sd-title\">Comparte esto:<\/h3><div class=\"sd-content\"><ul><li class=\"share-twitter\"><a rel=\"nofollow noopener noreferrer\" data-shared=\"sharing-twitter-47648\" class=\"share-twitter sd-button share-icon no-text\" href=\"http:\/\/www.rtvnoticias.com.ar\/?p=47648&amp;share=twitter\" target=\"_blank\" title=\"Haz clic para compartir en Twitter\"><span><\/span><span class=\"sharing-screen-reader-text\">Haz clic para compartir en Twitter (Se abre en una ventana nueva)<\/span><\/a><\/li><li class=\"share-facebook\"><a rel=\"nofollow noopener noreferrer\" data-shared=\"sharing-facebook-47648\" class=\"share-facebook sd-button share-icon no-text\" href=\"http:\/\/www.rtvnoticias.com.ar\/?p=47648&amp;share=facebook\" target=\"_blank\" title=\"Haz clic para compartir en Facebook\"><span><\/span><span class=\"sharing-screen-reader-text\">Haz clic para compartir en Facebook (Se abre en una ventana nueva)<\/span><\/a><\/li><li class=\"share-jetpack-whatsapp\"><a rel=\"nofollow noopener noreferrer\" data-shared=\"\" class=\"share-jetpack-whatsapp sd-button share-icon no-text\" href=\"http:\/\/www.rtvnoticias.com.ar\/?p=47648&amp;share=jetpack-whatsapp\" target=\"_blank\" title=\"Haz clic para compartir en WhatsApp\"><span><\/span><span class=\"sharing-screen-reader-text\">Haz clic para compartir en WhatsApp (Se abre en una ventana nueva)<\/span><\/a><\/li><li class=\"share-telegram\"><a rel=\"nofollow noopener noreferrer\" data-shared=\"\" class=\"share-telegram sd-button share-icon no-text\" href=\"http:\/\/www.rtvnoticias.com.ar\/?p=47648&amp;share=telegram\" target=\"_blank\" title=\"Haz clic para compartir en Telegram\"><span><\/span><span class=\"sharing-screen-reader-text\">Haz clic para compartir en Telegram (Se abre en una ventana nueva)<\/span><\/a><\/li><li class=\"share-end\"><\/li><\/ul><\/div><\/div><\/div>","protected":false},"excerpt":{"rendered":"<p>La Municipalidad de General Pico, en conjunto con el ministerio de Desarrollo Social de La Pampa, efectu\u00f3 en la ma\u00f1ana de este mi\u00e9rcoles una nueva<\/p>\n<div class=\"sharedaddy sd-sharing-enabled\"><div class=\"robots-nocontent sd-block sd-social sd-social-icon sd-sharing\"><h3 class=\"sd-title\">Comparte esto:<\/h3><div class=\"sd-content\"><ul><li class=\"share-twitter\"><a rel=\"nofollow noopener noreferrer\" data-shared=\"sharing-twitter-47648\" class=\"share-twitter sd-button share-icon no-text\" href=\"http:\/\/www.rtvnoticias.com.ar\/?p=47648&amp;share=twitter\" target=\"_blank\" title=\"Haz clic para compartir en Twitter\"><span><\/span><span class=\"sharing-screen-reader-text\">Haz clic para compartir en Twitter (Se abre en una ventana nueva)<\/span><\/a><\/li><li class=\"share-facebook\"><a rel=\"nofollow noopener noreferrer\" data-shared=\"sharing-facebook-47648\" class=\"share-facebook sd-button share-icon no-text\" href=\"http:\/\/www.rtvnoticias.com.ar\/?p=47648&amp;share=facebook\" target=\"_blank\" title=\"Haz clic para compartir en Facebook\"><span><\/span><span class=\"sharing-screen-reader-text\">Haz clic para compartir en Facebook (Se abre en una ventana nueva)<\/span><\/a><\/li><li class=\"share-jetpack-whatsapp\"><a rel=\"nofollow noopener noreferrer\" data-shared=\"\" class=\"share-jetpack-whatsapp sd-button share-icon no-text\" href=\"http:\/\/www.rtvnoticias.com.ar\/?p=47648&amp;share=jetpack-whatsapp\" target=\"_blank\" title=\"Haz clic para compartir en WhatsApp\"><span><\/span><span class=\"sharing-screen-reader-text\">Haz clic para compartir en WhatsApp (Se abre en una ventana nueva)<\/span><\/a><\/li><li class=\"share-telegram\"><a rel=\"nofollow noopener noreferrer\" data-shared=\"\" class=\"share-telegram sd-button share-icon no-text\" href=\"http:\/\/www.rtvnoticias.com.ar\/?p=47648&amp;share=telegram\" target=\"_blank\" title=\"Haz clic para compartir en Telegram\"><span><\/span><span class=\"sharing-screen-reader-text\">Haz clic para compartir en Telegram (Se abre en una ventana nueva)<\/span><\/a><\/li><li class=\"share-end\"><\/li><\/ul><\/div><\/div><\/div>","protected":false},"author":5,"featured_media":47649,"comment_status":"closed","ping_status":"closed","sticky":false,"template":"","format":"standard","meta":{"spay_email":"","jetpack_publicize_message":"","jetpack_is_tweetstorm":false,"jetpack_publicize_feature_enabled":true},"categories":[3],"tags":[256],"jetpack_featured_media_url":"http:\/\/www.rtvnoticias.com.ar\/wp-content\/uploads\/2025\/12\/creditos-3.jpg","jetpack_publicize_connections":[],"jetpack_sharing_enabled":true,"_links":{"self":[{"href":"http:\/\/www.rtvnoticias.com.ar\/index.php?rest_route=\/wp\/v2\/posts\/47648"}],"collection":[{"href":"http:\/\/www.rtvnoticias.com.ar\/index.php?rest_route=\/wp\/v2\/posts"}],"about":[{"href":"http:\/\/www.rtvnoticias.com.ar\/index.php?rest_route=\/wp\/v2\/types\/post"}],"author":[{"embeddable":true,"href":"http:\/\/www.rtvnoticias.com.ar\/index.php?rest_route=\/wp\/v2\/users\/5"}],"replies":[{"embeddable":true,"href":"http:\/\/www.rtvnoticias.com.ar\/index.php?rest_route=%2Fwp%2Fv2%2Fcomments&post=47648"}],"version-history":[{"count":1,"href":"http:\/\/www.rtvnoticias.com.ar\/index.php?rest_route=\/wp\/v2\/posts\/47648\/revisions"}],"predecessor-version":[{"id":47650,"href":"http:\/\/www.rtvnoticias.com.ar\/index.php?rest_route=\/wp\/v2\/posts\/47648\/revisions\/47650"}],"wp:featuredmedia":[{"embeddable":true,"href":"http:\/\/www.rtvnoticias.com.ar\/index.php?rest_route=\/wp\/v2\/media\/47649"}],"wp:attachment":[{"href":"http:\/\/www.rtvnoticias.com.ar\/index.php?rest_route=%2Fwp%2Fv2%2Fmedia&parent=47648"}],"wp:term":[{"taxonomy":"category","embeddable":true,"href":"http:\/\/www.rtvnoticias.com.ar\/index.php?rest_route=%2Fwp%2Fv2%2Fcategories&post=47648"},{"taxonomy":"post_tag","embeddable":true,"href":"http:\/\/www.rtvnoticias.com.ar\/index.php?rest_route=%2Fwp%2Fv2%2Ftags&post=47648"}],"curies":[{"name":"wp","href":"https:\/\/api.w.org\/{rel}","templated":true}]}}