{"id":47654,"date":"2025-12-12T19:59:11","date_gmt":"2025-12-12T22:59:11","guid":{"rendered":"http:\/\/www.rtvnoticias.com.ar\/?p=47654"},"modified":"2025-12-12T20:13:48","modified_gmt":"2025-12-12T23:13:48","slug":"leonel-chiarella-fue-electo-presidente-de-la-ucr-nacional-daniel-kroneberger-lo-acompana-en-la-conduccion-como-tesorero","status":"publish","type":"post","link":"http:\/\/www.rtvnoticias.com.ar\/?p=47654","title":{"rendered":"Leonel Chiarella fue electo presidente de la   UCR nacional. Daniel Kroneberger lo acompa\u00f1a en la conducci\u00f3n como tesorero"},"content":{"rendered":"\n<p>El Plenario de Delegados de la UCR eligi\u00f3 esta tarde a\u00a0Leonel Chiarella, actual intendente municipal de Venado Tuerto, <strong>\u00a0<\/strong>como nuevo presidente del Comit\u00e9 Nacional. Chiarella fue impulsado por el gobernador de Santa Fe Maximiliano Pullaro y logr\u00f3 el apoyo de gobernadores de Provincias Unidas y de la mayor\u00eda de los delegados. El pampeano Daniel Kroneberger lo acompa\u00f1a como tesorero del Comit\u00e9 Nacional <\/p>\n\n\n\n<p>Leonel Chiarella, de 36 a\u00f1os, se convirti\u00f3 en el presidente m\u00e1s joven de los 134 a\u00f1os de historia del radicalismo. Hasta hoy el m\u00e1s joven fue el cordob\u00e9s Gabriel Oddone que asumi\u00f3 con 41 a\u00f1os luego de la muerte de Marcelo T de Alvear en 1942 e Hip\u00f3lito Yrigoyen que asumi\u00f3 con 45 a\u00f1os en 1897.<\/p>\n\n\n\n<p>Chiarella estar\u00e1 acompa\u00f1ada por la ex presidenta de la FUA,\u00a0Piera Fern\u00e1ndez\u00a0como secretaria General, In\u00e9s Brizuela y Doria (La Rioja) c\u00f3mo vice 1ra, Javier Bee Sellares (C\u00f3rdoba) como vice 2do y Mar\u00eda In\u00e9s Zigar\u00e1n (Jujuy) como vice 3ra.<\/p>\n\n\n\n<p>La mesa tambi\u00e9n la integran como tesorero el pampeano Daniel Kroneberger (La Pampa), y en las restantes secretar\u00edas  Gabriela Valenzuela (Corrientes), Danya Tavela (Buenos Aires), Ram\u00f3n Mestre (C\u00f3rdoba), Agustina Madariaga (R\u00edo Negro), y Daniel Angelici (CABA).<\/p>\n\n\n\n<figure class=\"wp-block-image size-full\"><img data-attachment-id=\"47658\" data-permalink=\"http:\/\/www.rtvnoticias.com.ar\/?attachment_id=47658\" data-orig-file=\"http:\/\/www.rtvnoticias.com.ar\/wp-content\/uploads\/2025\/12\/ucr-chiarella-kroneberger.jpg\" data-orig-size=\"600,527\" data-comments-opened=\"0\" data-image-meta=\"{&quot;aperture&quot;:&quot;0&quot;,&quot;credit&quot;:&quot;&quot;,&quot;camera&quot;:&quot;&quot;,&quot;caption&quot;:&quot;&quot;,&quot;created_timestamp&quot;:&quot;0&quot;,&quot;copyright&quot;:&quot;&quot;,&quot;focal_length&quot;:&quot;0&quot;,&quot;iso&quot;:&quot;0&quot;,&quot;shutter_speed&quot;:&quot;0&quot;,&quot;title&quot;:&quot;&quot;,&quot;orientation&quot;:&quot;1&quot;}\" data-image-title=\"ucr-chiarella-kroneberger\" data-image-description=\"\" data-image-caption=\"\" data-medium-file=\"http:\/\/www.rtvnoticias.com.ar\/wp-content\/uploads\/2025\/12\/ucr-chiarella-kroneberger-300x264.jpg\" data-large-file=\"http:\/\/www.rtvnoticias.com.ar\/wp-content\/uploads\/2025\/12\/ucr-chiarella-kroneberger.jpg\" decoding=\"async\" loading=\"lazy\" width=\"600\" height=\"527\" src=\"http:\/\/www.rtvnoticias.com.ar\/wp-content\/uploads\/2025\/12\/ucr-chiarella-kroneberger.jpg\" alt=\"\" class=\"wp-image-47658\" srcset=\"http:\/\/www.rtvnoticias.com.ar\/wp-content\/uploads\/2025\/12\/ucr-chiarella-kroneberger.jpg 600w, http:\/\/www.rtvnoticias.com.ar\/wp-content\/uploads\/2025\/12\/ucr-chiarella-kroneberger-300x264.jpg 300w\" sizes=\"(max-width: 600px) 100vw, 600px\" \/><\/figure>\n\n\n\n<p>Chiarella y Kroneberger se abrazan tras la designaci\u00f3n de presidente y tesorero<\/p>\n<div class=\"sharedaddy sd-sharing-enabled\"><div class=\"robots-nocontent sd-block sd-social sd-social-icon sd-sharing\"><h3 class=\"sd-title\">Comparte esto:<\/h3><div class=\"sd-content\"><ul><li class=\"share-twitter\"><a rel=\"nofollow noopener noreferrer\" data-shared=\"sharing-twitter-47654\" class=\"share-twitter sd-button share-icon no-text\" href=\"http:\/\/www.rtvnoticias.com.ar\/?p=47654&amp;share=twitter\" target=\"_blank\" title=\"Haz clic para compartir en Twitter\"><span><\/span><span class=\"sharing-screen-reader-text\">Haz clic para compartir en Twitter (Se abre en una ventana nueva)<\/span><\/a><\/li><li class=\"share-facebook\"><a rel=\"nofollow noopener noreferrer\" data-shared=\"sharing-facebook-47654\" class=\"share-facebook sd-button share-icon no-text\" href=\"http:\/\/www.rtvnoticias.com.ar\/?p=47654&amp;share=facebook\" target=\"_blank\" title=\"Haz clic para compartir en Facebook\"><span><\/span><span class=\"sharing-screen-reader-text\">Haz clic para compartir en Facebook (Se abre en una ventana nueva)<\/span><\/a><\/li><li class=\"share-jetpack-whatsapp\"><a rel=\"nofollow noopener noreferrer\" data-shared=\"\" class=\"share-jetpack-whatsapp sd-button share-icon no-text\" href=\"http:\/\/www.rtvnoticias.com.ar\/?p=47654&amp;share=jetpack-whatsapp\" target=\"_blank\" title=\"Haz clic para compartir en WhatsApp\"><span><\/span><span class=\"sharing-screen-reader-text\">Haz clic para compartir en WhatsApp (Se abre en una ventana nueva)<\/span><\/a><\/li><li class=\"share-telegram\"><a rel=\"nofollow noopener noreferrer\" data-shared=\"\" class=\"share-telegram sd-button share-icon no-text\" href=\"http:\/\/www.rtvnoticias.com.ar\/?p=47654&amp;share=telegram\" target=\"_blank\" title=\"Haz clic para compartir en Telegram\"><span><\/span><span class=\"sharing-screen-reader-text\">Haz clic para compartir en Telegram (Se abre en una ventana nueva)<\/span><\/a><\/li><li class=\"share-end\"><\/li><\/ul><\/div><\/div><\/div>","protected":false},"excerpt":{"rendered":"<p>El Plenario de Delegados de la UCR eligi\u00f3 esta tarde a\u00a0Leonel Chiarella, actual intendente municipal de Venado Tuerto, \u00a0como nuevo presidente del Comit\u00e9 Nacional. Chiarella<\/p>\n<div class=\"sharedaddy sd-sharing-enabled\"><div class=\"robots-nocontent sd-block sd-social sd-social-icon sd-sharing\"><h3 class=\"sd-title\">Comparte esto:<\/h3><div class=\"sd-content\"><ul><li class=\"share-twitter\"><a rel=\"nofollow noopener noreferrer\" data-shared=\"sharing-twitter-47654\" class=\"share-twitter sd-button share-icon no-text\" href=\"http:\/\/www.rtvnoticias.com.ar\/?p=47654&amp;share=twitter\" target=\"_blank\" title=\"Haz clic para compartir en Twitter\"><span><\/span><span class=\"sharing-screen-reader-text\">Haz clic para compartir en Twitter (Se abre en una ventana nueva)<\/span><\/a><\/li><li class=\"share-facebook\"><a rel=\"nofollow noopener noreferrer\" data-shared=\"sharing-facebook-47654\" class=\"share-facebook sd-button share-icon no-text\" href=\"http:\/\/www.rtvnoticias.com.ar\/?p=47654&amp;share=facebook\" target=\"_blank\" title=\"Haz clic para compartir en Facebook\"><span><\/span><span class=\"sharing-screen-reader-text\">Haz clic para compartir en Facebook (Se abre en una ventana nueva)<\/span><\/a><\/li><li class=\"share-jetpack-whatsapp\"><a rel=\"nofollow noopener noreferrer\" data-shared=\"\" class=\"share-jetpack-whatsapp sd-button share-icon no-text\" href=\"http:\/\/www.rtvnoticias.com.ar\/?p=47654&amp;share=jetpack-whatsapp\" target=\"_blank\" title=\"Haz clic para compartir en WhatsApp\"><span><\/span><span class=\"sharing-screen-reader-text\">Haz clic para compartir en WhatsApp (Se abre en una ventana nueva)<\/span><\/a><\/li><li class=\"share-telegram\"><a rel=\"nofollow noopener noreferrer\" data-shared=\"\" class=\"share-telegram sd-button share-icon no-text\" href=\"http:\/\/www.rtvnoticias.com.ar\/?p=47654&amp;share=telegram\" target=\"_blank\" title=\"Haz clic para compartir en Telegram\"><span><\/span><span class=\"sharing-screen-reader-text\">Haz clic para compartir en Telegram (Se abre en una ventana nueva)<\/span><\/a><\/li><li class=\"share-end\"><\/li><\/ul><\/div><\/div><\/div>","protected":false},"author":5,"featured_media":47655,"comment_status":"closed","ping_status":"closed","sticky":false,"template":"","format":"standard","meta":{"spay_email":"","jetpack_publicize_message":"","jetpack_is_tweetstorm":false,"jetpack_publicize_feature_enabled":true},"categories":[1],"tags":[5699],"jetpack_featured_media_url":"http:\/\/www.rtvnoticias.com.ar\/wp-content\/uploads\/2025\/12\/ucr-chiarella.jpg","jetpack_publicize_connections":[],"jetpack_sharing_enabled":true,"_links":{"self":[{"href":"http:\/\/www.rtvnoticias.com.ar\/index.php?rest_route=\/wp\/v2\/posts\/47654"}],"collection":[{"href":"http:\/\/www.rtvnoticias.com.ar\/index.php?rest_route=\/wp\/v2\/posts"}],"about":[{"href":"http:\/\/www.rtvnoticias.com.ar\/index.php?rest_route=\/wp\/v2\/types\/post"}],"author":[{"embeddable":true,"href":"http:\/\/www.rtvnoticias.com.ar\/index.php?rest_route=\/wp\/v2\/users\/5"}],"replies":[{"embeddable":true,"href":"http:\/\/www.rtvnoticias.com.ar\/index.php?rest_route=%2Fwp%2Fv2%2Fcomments&post=47654"}],"version-history":[{"count":2,"href":"http:\/\/www.rtvnoticias.com.ar\/index.php?rest_route=\/wp\/v2\/posts\/47654\/revisions"}],"predecessor-version":[{"id":47659,"href":"http:\/\/www.rtvnoticias.com.ar\/index.php?rest_route=\/wp\/v2\/posts\/47654\/revisions\/47659"}],"wp:featuredmedia":[{"embeddable":true,"href":"http:\/\/www.rtvnoticias.com.ar\/index.php?rest_route=\/wp\/v2\/media\/47655"}],"wp:attachment":[{"href":"http:\/\/www.rtvnoticias.com.ar\/index.php?rest_route=%2Fwp%2Fv2%2Fmedia&parent=47654"}],"wp:term":[{"taxonomy":"category","embeddable":true,"href":"http:\/\/www.rtvnoticias.com.ar\/index.php?rest_route=%2Fwp%2Fv2%2Fcategories&post=47654"},{"taxonomy":"post_tag","embeddable":true,"href":"http:\/\/www.rtvnoticias.com.ar\/index.php?rest_route=%2Fwp%2Fv2%2Ftags&post=47654"}],"curies":[{"name":"wp","href":"https:\/\/api.w.org\/{rel}","templated":true}]}}