{"id":47876,"date":"2026-01-18T12:06:56","date_gmt":"2026-01-18T15:06:56","guid":{"rendered":"http:\/\/www.rtvnoticias.com.ar\/?p=47876"},"modified":"2026-01-18T12:07:02","modified_gmt":"2026-01-18T15:07:02","slug":"murio-una-voz-historica-del-periodismo-de-tenis-argentino-guillermo-salatino","status":"publish","type":"post","link":"http:\/\/www.rtvnoticias.com.ar\/?p=47876","title":{"rendered":"Muri\u00f3 una voz hist\u00f3rica del periodismo de tenis argentino, Guillermo Salatino"},"content":{"rendered":"\n<p>Este s\u00e1bado muri\u00f3 Guillermo Salatino, reconocido periodista deportivo argentino especializado en tenis, a los 80 a\u00f1os.<\/p>\n\n\n\n<p>El fallecimiento se produjo en la Cl\u00ednica La Trinidad de San Isidro, a causa de un paro card\u00edaco mientras se preparaba para una operaci\u00f3n de cadera a la que iba a someterse la pr\u00f3xima semana, seg\u00fan inform\u00f3 Noticias Argentinas.<\/p>\n\n\n\n<p>Salatino hab\u00eda cumplido 80 a\u00f1os el pasado 21 de septiembre y continuaba vinculado activamente a la actividad period\u00edstica. Desde hace d\u00e9cadas trabajaba en Radio La Red, donde se consolid\u00f3 como una de las voces m\u00e1s autorizadas en la cobertura del tenis argentino e internacional. Su \u00faltima gran labor fue la cobertura de las finales de la Copa Davis 2025, disputadas en noviembre pasado en Bologna.<\/p>\n\n\n\n<p>Adem\u00e1s, tuvo un extenso y recordado paso por Radio Continental, donde se desempe\u00f1\u00f3 durante a\u00f1os como columnista de tenis en Competencia, el hist\u00f3rico programa deportivo conducido por V\u00edctor Hugo Morales y l\u00edder de audiencia durante generaciones. Su estilo did\u00e1ctico, su mirada anal\u00edtica y su tono pausado lo transformaron en un referente ineludible para oyentes, colegas y deportistas.<\/p>\n\n\n\n<p>En una de sus \u00faltimas entrevistas, Salatino hab\u00eda contado con franqueza las dificultades de salud que atravesaba. \u201cTengo seis stents, me detectaron EPOC, tambi\u00e9n tengo dificultades para caminar. Por eso dej\u00e9 de ir a los torneos. Me gustar\u00eda ir de nuevo, pero de otra manera, no a trabajar 12 horas como hice siempre en los grandes torneos\u201d, hab\u00eda explicado, dejando en claro que su alejamiento parcial era por una cuesti\u00f3n f\u00edsica.<\/p>\n\n\n\n<p>La pasi\u00f3n por el tenis lo acompa\u00f1\u00f3 desde la infancia. \u201cMi mam\u00e1 me llevaba en el mois\u00e9s cuando iba a verlo jugar a mi padre\u201d, recordaba con emoci\u00f3n, graficando un v\u00ednculo con el deporte que luego lo convertir\u00eda en uno de sus principales difusores en el pa\u00eds.<\/p>\n\n\n\n<p>La Asociaci\u00f3n Argentina de Tenis despidi\u00f3 a Salatino con un sentido mensaje en redes sociales. \u201cHoy es un d\u00eda triste para todos nosotros: a los 80 a\u00f1os, falleci\u00f3 Guillermo Salatino, un periodista que marc\u00f3 el camino de muchas generaciones de profesionales y que ampli\u00f3 la cobertura del tenis argentino a todo el mundo. Aunque en 2022 hab\u00eda anunciado que no volver\u00eda a viajar, el a\u00f1o estuvo presente en dos de las series de Copa Davis disputadas por Argentina fuera del pa\u00eds, en Groningen y Bolonia. Te vamos a extra\u00f1ar, Salata. Gracias por difundir nuestro deporte durante casi medio siglo\u201d, expres\u00f3 la entidad.<\/p>\n<div class=\"sharedaddy sd-sharing-enabled\"><div class=\"robots-nocontent sd-block sd-social sd-social-icon sd-sharing\"><h3 class=\"sd-title\">Comparte esto:<\/h3><div class=\"sd-content\"><ul><li class=\"share-twitter\"><a rel=\"nofollow noopener noreferrer\" data-shared=\"sharing-twitter-47876\" class=\"share-twitter sd-button share-icon no-text\" href=\"http:\/\/www.rtvnoticias.com.ar\/?p=47876&amp;share=twitter\" target=\"_blank\" title=\"Haz clic para compartir en Twitter\"><span><\/span><span class=\"sharing-screen-reader-text\">Haz clic para compartir en Twitter (Se abre en una ventana nueva)<\/span><\/a><\/li><li class=\"share-facebook\"><a rel=\"nofollow noopener noreferrer\" data-shared=\"sharing-facebook-47876\" class=\"share-facebook sd-button share-icon no-text\" href=\"http:\/\/www.rtvnoticias.com.ar\/?p=47876&amp;share=facebook\" target=\"_blank\" title=\"Haz clic para compartir en Facebook\"><span><\/span><span class=\"sharing-screen-reader-text\">Haz clic para compartir en Facebook (Se abre en una ventana nueva)<\/span><\/a><\/li><li class=\"share-jetpack-whatsapp\"><a rel=\"nofollow noopener noreferrer\" data-shared=\"\" class=\"share-jetpack-whatsapp sd-button share-icon no-text\" href=\"http:\/\/www.rtvnoticias.com.ar\/?p=47876&amp;share=jetpack-whatsapp\" target=\"_blank\" title=\"Haz clic para compartir en WhatsApp\"><span><\/span><span class=\"sharing-screen-reader-text\">Haz clic para compartir en WhatsApp (Se abre en una ventana nueva)<\/span><\/a><\/li><li class=\"share-telegram\"><a rel=\"nofollow noopener noreferrer\" data-shared=\"\" class=\"share-telegram sd-button share-icon no-text\" href=\"http:\/\/www.rtvnoticias.com.ar\/?p=47876&amp;share=telegram\" target=\"_blank\" title=\"Haz clic para compartir en Telegram\"><span><\/span><span class=\"sharing-screen-reader-text\">Haz clic para compartir en Telegram (Se abre en una ventana nueva)<\/span><\/a><\/li><li class=\"share-end\"><\/li><\/ul><\/div><\/div><\/div>","protected":false},"excerpt":{"rendered":"<p>Este s\u00e1bado muri\u00f3 Guillermo Salatino, reconocido periodista deportivo argentino especializado en tenis, a los 80 a\u00f1os. El fallecimiento se produjo en la Cl\u00ednica La Trinidad<\/p>\n<div class=\"sharedaddy sd-sharing-enabled\"><div class=\"robots-nocontent sd-block sd-social sd-social-icon sd-sharing\"><h3 class=\"sd-title\">Comparte esto:<\/h3><div class=\"sd-content\"><ul><li class=\"share-twitter\"><a rel=\"nofollow noopener noreferrer\" data-shared=\"sharing-twitter-47876\" class=\"share-twitter sd-button share-icon no-text\" href=\"http:\/\/www.rtvnoticias.com.ar\/?p=47876&amp;share=twitter\" target=\"_blank\" title=\"Haz clic para compartir en Twitter\"><span><\/span><span class=\"sharing-screen-reader-text\">Haz clic para compartir en Twitter (Se abre en una ventana nueva)<\/span><\/a><\/li><li class=\"share-facebook\"><a rel=\"nofollow noopener noreferrer\" data-shared=\"sharing-facebook-47876\" class=\"share-facebook sd-button share-icon no-text\" href=\"http:\/\/www.rtvnoticias.com.ar\/?p=47876&amp;share=facebook\" target=\"_blank\" title=\"Haz clic para compartir en Facebook\"><span><\/span><span class=\"sharing-screen-reader-text\">Haz clic para compartir en Facebook (Se abre en una ventana nueva)<\/span><\/a><\/li><li class=\"share-jetpack-whatsapp\"><a rel=\"nofollow noopener noreferrer\" data-shared=\"\" class=\"share-jetpack-whatsapp sd-button share-icon no-text\" href=\"http:\/\/www.rtvnoticias.com.ar\/?p=47876&amp;share=jetpack-whatsapp\" target=\"_blank\" title=\"Haz clic para compartir en WhatsApp\"><span><\/span><span class=\"sharing-screen-reader-text\">Haz clic para compartir en WhatsApp (Se abre en una ventana nueva)<\/span><\/a><\/li><li class=\"share-telegram\"><a rel=\"nofollow noopener noreferrer\" data-shared=\"\" class=\"share-telegram sd-button share-icon no-text\" href=\"http:\/\/www.rtvnoticias.com.ar\/?p=47876&amp;share=telegram\" target=\"_blank\" title=\"Haz clic para compartir en Telegram\"><span><\/span><span class=\"sharing-screen-reader-text\">Haz clic para compartir en Telegram (Se abre en una ventana nueva)<\/span><\/a><\/li><li class=\"share-end\"><\/li><\/ul><\/div><\/div><\/div>","protected":false},"author":5,"featured_media":47877,"comment_status":"closed","ping_status":"closed","sticky":false,"template":"","format":"standard","meta":{"spay_email":"","jetpack_publicize_message":"","jetpack_is_tweetstorm":false,"jetpack_publicize_feature_enabled":true},"categories":[6],"tags":[5739],"jetpack_featured_media_url":"http:\/\/www.rtvnoticias.com.ar\/wp-content\/uploads\/2026\/01\/salatino.jpg","jetpack_publicize_connections":[],"jetpack_sharing_enabled":true,"_links":{"self":[{"href":"http:\/\/www.rtvnoticias.com.ar\/index.php?rest_route=\/wp\/v2\/posts\/47876"}],"collection":[{"href":"http:\/\/www.rtvnoticias.com.ar\/index.php?rest_route=\/wp\/v2\/posts"}],"about":[{"href":"http:\/\/www.rtvnoticias.com.ar\/index.php?rest_route=\/wp\/v2\/types\/post"}],"author":[{"embeddable":true,"href":"http:\/\/www.rtvnoticias.com.ar\/index.php?rest_route=\/wp\/v2\/users\/5"}],"replies":[{"embeddable":true,"href":"http:\/\/www.rtvnoticias.com.ar\/index.php?rest_route=%2Fwp%2Fv2%2Fcomments&post=47876"}],"version-history":[{"count":1,"href":"http:\/\/www.rtvnoticias.com.ar\/index.php?rest_route=\/wp\/v2\/posts\/47876\/revisions"}],"predecessor-version":[{"id":47878,"href":"http:\/\/www.rtvnoticias.com.ar\/index.php?rest_route=\/wp\/v2\/posts\/47876\/revisions\/47878"}],"wp:featuredmedia":[{"embeddable":true,"href":"http:\/\/www.rtvnoticias.com.ar\/index.php?rest_route=\/wp\/v2\/media\/47877"}],"wp:attachment":[{"href":"http:\/\/www.rtvnoticias.com.ar\/index.php?rest_route=%2Fwp%2Fv2%2Fmedia&parent=47876"}],"wp:term":[{"taxonomy":"category","embeddable":true,"href":"http:\/\/www.rtvnoticias.com.ar\/index.php?rest_route=%2Fwp%2Fv2%2Fcategories&post=47876"},{"taxonomy":"post_tag","embeddable":true,"href":"http:\/\/www.rtvnoticias.com.ar\/index.php?rest_route=%2Fwp%2Fv2%2Ftags&post=47876"}],"curies":[{"name":"wp","href":"https:\/\/api.w.org\/{rel}","templated":true}]}}