{"id":47879,"date":"2026-01-18T12:13:57","date_gmt":"2026-01-18T15:13:57","guid":{"rendered":"http:\/\/www.rtvnoticias.com.ar\/?p=47879"},"modified":"2026-01-18T12:14:04","modified_gmt":"2026-01-18T15:14:04","slug":"la-pampa-cierra-campana-de-cosecha-fina-historica-records-en-produccion-y-rendimientos","status":"publish","type":"post","link":"http:\/\/www.rtvnoticias.com.ar\/?p=47879","title":{"rendered":"La Pampa cierra campa\u00f1a de cosecha fina hist\u00f3rica. R\u00e9cords en producci\u00f3n y rendimientos"},"content":{"rendered":"\n<p>Con un volumen total de 952 mil toneladas y rendimientos promedio de 28 qq\/ha, la provincia de La Pampa consolid\u00f3 su rol estrat\u00e9gico en la cosecha de trigo y cebada 2025\/26. El \u00e9xito productivo se dio en un contexto de acompa\u00f1amiento estatal y cifras que superan todos los registros hist\u00f3ricos de la serie provincial.<\/p>\n\n\n\n<p>La campa\u00f1a de fina 2025\/26 en la provincia de La Pampa cerr\u00f3 con resultados productivos hist\u00f3ricos, tanto en trigo como en cebada, consolidando a la provincia como un actor relevante en la producci\u00f3n invernal. <\/p>\n\n\n\n<p>El balance final combina vol\u00famenes r\u00e9cord, rendimientos excepcionalmente altos y el acompa\u00f1amiento del Estado provincial, en un contexto econ\u00f3mico desafiante.<\/p>\n\n\n\n<p>Seg\u00fan los datos relevados y los publicados por la Bolsa de Cereales de C\u00f3rdoba y la Secretar\u00eda de Agricultura, Ganader\u00eda y Pesca de Naci\u00f3n, la producci\u00f3n total de cultivos de invierno en La Pampa alcanz\u00f3 952 mil toneladas, en el marco de una campa\u00f1a nacional que se ubic\u00f3 en torno a 1,26 millones de toneladas. Este volumen representa el mayor registro de la serie provincial, impulsado principalmente por el desempe\u00f1o del trigo.<\/p>\n\n\n\n<p>Desde el Ministerio de la Producci\u00f3n, la directora de Agricultura, Natalia Ovando, se\u00f1al\u00f3 que \u201cEl resultado productivo de la campa\u00f1a es muy significativo. Estamos hablando de la mayor producci\u00f3n de trigo registrada en la provincia y de rendimientos que se ubicaron muy por encima de los promedios hist\u00f3ricos, 28 qq\/ha\u201d.<\/p>\n\n\n\n<p><strong>Un contexto inicial complejo<\/strong><\/p>\n\n\n\n<p>El inicio de la campa\u00f1a estuvo marcado por un escenario econ\u00f3mico ajustado, con precios internacionales poco atractivos y m\u00e1rgenes brutos que no resultaban favorables. Sin embargo, las lluvias oto\u00f1ales permitieron contar con perfiles h\u00eddricos buenos a muy buenos, lo que sostuvo las decisiones de siembra.<\/p>\n\n\n\n<p>\u201cDesde el comienzo sab\u00edamos que el contexto econ\u00f3mico iba a ser exigente. Por eso fue clave anticiparnos y acompa\u00f1ar al sector productivo para que pudiera sostener el nivel tecnol\u00f3gico y aprovechar el potencial de la campa\u00f1a\u201d, explic\u00f3 Ovando.<\/p>\n\n\n\n<p>En ese marco, el Gobierno provincial lanz\u00f3 oportunamente una l\u00ednea espec\u00edfica para financiar la siembra de fina, con una bonificaci\u00f3n de 12 puntos en la tasa de inter\u00e9s, orientada a facilitar el acceso al capital de trabajo. \u201cFue una herramienta concreta para acompa\u00f1ar decisiones productivas en un momento clave del ciclo\u201d, destac\u00f3 la funcionaria.<\/p>\n\n\n\n<p><strong>Trigo r\u00e9cord y cebada en fuerte recuperaci\u00f3n<\/strong><\/p>\n\n\n\n<p>En trigo, la campa\u00f1a 2025\/26 cerr\u00f3 con un r\u00e9cord de producci\u00f3n provincial y con el segundo mayor rendimiento promedio hist\u00f3rico, que se ubic\u00f3 unos 6 quintales por hect\u00e1rea por encima del promedio de largo plazo. Al analizar el comportamiento por departamentos, se observaron incrementos de rendimiento superiores al 50 % respecto de los valores hist\u00f3ricos en zonas clave como Guatrach\u00e9, Trenel, Realic\u00f3 y Marac\u00f3.<\/p>\n\n\n\n<p>La cebada tambi\u00e9n mostr\u00f3 una performance destacada. El rendimiento promedio provincial fue un 50 % superior al de la campa\u00f1a anterior, con registros zonales que alcanzaron entre 45 y 50 qq\/ha en localidades como General Pico y Guatrach\u00e9.<\/p>\n\n\n\n<p>Si bien los promedios provinciales fueron muy elevados, la campa\u00f1a present\u00f3 una marcada heterogeneidad entre lotes. Tras una buena implantaci\u00f3n, los cultivos atravesaron per\u00edodos de d\u00e9ficit h\u00eddrico en etapas vegetativas, seguidos por la ocurrencia de heladas agrometeorol\u00f3gicas los d\u00edas 28 y 29 de octubre, que impactaron con distinta intensidad seg\u00fan el estado fenol\u00f3gico y el manejo.<\/p>\n\n\n\n<p>Estas condiciones generaron p\u00e9rdidas variables, tanto en rendimiento como en calidad comercial, particularmente en trigo. \u201cAun as\u00ed, los lotes no afectados lograron compensar esas situaciones y empujar los promedios provinciales a niveles hist\u00f3ricos\u201d, explic\u00f3 la Directora de Agricultura.<\/p>\n\n\n\n<p><strong>Balance con mirada integral<\/strong><\/p>\n\n\n\n<p>Desde el punto de vista econ\u00f3mico, el escenario fue m\u00e1s exigente. Durante la campa\u00f1a, los precios del trigo pasaron de valores estimados cercanos a 202 d\u00f3lares por tonelada a ubicarse en torno a 180 d\u00f3lares, lo que, sumado a los costos de producci\u00f3n, condicion\u00f3 los m\u00e1rgenes finales.<\/p>\n\n\n\n<p>Los an\u00e1lisis econ\u00f3micos muestran que en campos arrendados los resultados fueron negativos, independientemente del paquete tecnol\u00f3gico utilizado, mientras que en campos propios solo los planteos de alta tecnolog\u00eda lograron m\u00e1rgenes positivos, y en muchos casos con rendimientos cercanos a 4.000 kg\/ha, apenas suficientes para alcanzar el punto de indiferencia.<\/p>\n\n\n\n<p>\u201cEsto refuerza la importancia de mirar la campa\u00f1a de manera integral. El productor apunt\u00f3 a la eficiencia para que los n\u00fameros cierren. Si bien hubo medidas de alivio fiscal, como la reducci\u00f3n de retenciones al trigo y la cebada al 7,5 %, su impacto fue limitado\u201d, cerr\u00f3 Ovando.<\/p>\n<div class=\"sharedaddy sd-sharing-enabled\"><div class=\"robots-nocontent sd-block sd-social sd-social-icon sd-sharing\"><h3 class=\"sd-title\">Comparte esto:<\/h3><div class=\"sd-content\"><ul><li class=\"share-twitter\"><a rel=\"nofollow noopener noreferrer\" data-shared=\"sharing-twitter-47879\" class=\"share-twitter sd-button share-icon no-text\" href=\"http:\/\/www.rtvnoticias.com.ar\/?p=47879&amp;share=twitter\" target=\"_blank\" title=\"Haz clic para compartir en Twitter\"><span><\/span><span class=\"sharing-screen-reader-text\">Haz clic para compartir en Twitter (Se abre en una ventana nueva)<\/span><\/a><\/li><li class=\"share-facebook\"><a rel=\"nofollow noopener noreferrer\" data-shared=\"sharing-facebook-47879\" class=\"share-facebook sd-button share-icon no-text\" href=\"http:\/\/www.rtvnoticias.com.ar\/?p=47879&amp;share=facebook\" target=\"_blank\" title=\"Haz clic para compartir en Facebook\"><span><\/span><span class=\"sharing-screen-reader-text\">Haz clic para compartir en Facebook (Se abre en una ventana nueva)<\/span><\/a><\/li><li class=\"share-jetpack-whatsapp\"><a rel=\"nofollow noopener noreferrer\" data-shared=\"\" class=\"share-jetpack-whatsapp sd-button share-icon no-text\" href=\"http:\/\/www.rtvnoticias.com.ar\/?p=47879&amp;share=jetpack-whatsapp\" target=\"_blank\" title=\"Haz clic para compartir en WhatsApp\"><span><\/span><span class=\"sharing-screen-reader-text\">Haz clic para compartir en WhatsApp (Se abre en una ventana nueva)<\/span><\/a><\/li><li class=\"share-telegram\"><a rel=\"nofollow noopener noreferrer\" data-shared=\"\" class=\"share-telegram sd-button share-icon no-text\" href=\"http:\/\/www.rtvnoticias.com.ar\/?p=47879&amp;share=telegram\" target=\"_blank\" title=\"Haz clic para compartir en Telegram\"><span><\/span><span class=\"sharing-screen-reader-text\">Haz clic para compartir en Telegram (Se abre en una ventana nueva)<\/span><\/a><\/li><li class=\"share-end\"><\/li><\/ul><\/div><\/div><\/div>","protected":false},"excerpt":{"rendered":"<p>Con un volumen total de 952 mil toneladas y rendimientos promedio de 28 qq\/ha, la provincia de La Pampa consolid\u00f3 su rol estrat\u00e9gico en la<\/p>\n<div class=\"sharedaddy sd-sharing-enabled\"><div class=\"robots-nocontent sd-block sd-social sd-social-icon sd-sharing\"><h3 class=\"sd-title\">Comparte esto:<\/h3><div class=\"sd-content\"><ul><li class=\"share-twitter\"><a rel=\"nofollow noopener noreferrer\" data-shared=\"sharing-twitter-47879\" class=\"share-twitter sd-button share-icon no-text\" href=\"http:\/\/www.rtvnoticias.com.ar\/?p=47879&amp;share=twitter\" target=\"_blank\" title=\"Haz clic para compartir en Twitter\"><span><\/span><span class=\"sharing-screen-reader-text\">Haz clic para compartir en Twitter (Se abre en una ventana nueva)<\/span><\/a><\/li><li class=\"share-facebook\"><a rel=\"nofollow noopener noreferrer\" data-shared=\"sharing-facebook-47879\" class=\"share-facebook sd-button share-icon no-text\" href=\"http:\/\/www.rtvnoticias.com.ar\/?p=47879&amp;share=facebook\" target=\"_blank\" title=\"Haz clic para compartir en Facebook\"><span><\/span><span class=\"sharing-screen-reader-text\">Haz clic para compartir en Facebook (Se abre en una ventana nueva)<\/span><\/a><\/li><li class=\"share-jetpack-whatsapp\"><a rel=\"nofollow noopener noreferrer\" data-shared=\"\" class=\"share-jetpack-whatsapp sd-button share-icon no-text\" href=\"http:\/\/www.rtvnoticias.com.ar\/?p=47879&amp;share=jetpack-whatsapp\" target=\"_blank\" title=\"Haz clic para compartir en WhatsApp\"><span><\/span><span class=\"sharing-screen-reader-text\">Haz clic para compartir en WhatsApp (Se abre en una ventana nueva)<\/span><\/a><\/li><li class=\"share-telegram\"><a rel=\"nofollow noopener noreferrer\" data-shared=\"\" class=\"share-telegram sd-button share-icon no-text\" href=\"http:\/\/www.rtvnoticias.com.ar\/?p=47879&amp;share=telegram\" target=\"_blank\" title=\"Haz clic para compartir en Telegram\"><span><\/span><span class=\"sharing-screen-reader-text\">Haz clic para compartir en Telegram (Se abre en una ventana nueva)<\/span><\/a><\/li><li class=\"share-end\"><\/li><\/ul><\/div><\/div><\/div>","protected":false},"author":5,"featured_media":47880,"comment_status":"closed","ping_status":"closed","sticky":false,"template":"","format":"standard","meta":{"spay_email":"","jetpack_publicize_message":"","jetpack_is_tweetstorm":false,"jetpack_publicize_feature_enabled":true},"categories":[4],"tags":[5740],"jetpack_featured_media_url":"http:\/\/www.rtvnoticias.com.ar\/wp-content\/uploads\/2026\/01\/cosechadora.jpg","jetpack_publicize_connections":[],"jetpack_sharing_enabled":true,"_links":{"self":[{"href":"http:\/\/www.rtvnoticias.com.ar\/index.php?rest_route=\/wp\/v2\/posts\/47879"}],"collection":[{"href":"http:\/\/www.rtvnoticias.com.ar\/index.php?rest_route=\/wp\/v2\/posts"}],"about":[{"href":"http:\/\/www.rtvnoticias.com.ar\/index.php?rest_route=\/wp\/v2\/types\/post"}],"author":[{"embeddable":true,"href":"http:\/\/www.rtvnoticias.com.ar\/index.php?rest_route=\/wp\/v2\/users\/5"}],"replies":[{"embeddable":true,"href":"http:\/\/www.rtvnoticias.com.ar\/index.php?rest_route=%2Fwp%2Fv2%2Fcomments&post=47879"}],"version-history":[{"count":1,"href":"http:\/\/www.rtvnoticias.com.ar\/index.php?rest_route=\/wp\/v2\/posts\/47879\/revisions"}],"predecessor-version":[{"id":47881,"href":"http:\/\/www.rtvnoticias.com.ar\/index.php?rest_route=\/wp\/v2\/posts\/47879\/revisions\/47881"}],"wp:featuredmedia":[{"embeddable":true,"href":"http:\/\/www.rtvnoticias.com.ar\/index.php?rest_route=\/wp\/v2\/media\/47880"}],"wp:attachment":[{"href":"http:\/\/www.rtvnoticias.com.ar\/index.php?rest_route=%2Fwp%2Fv2%2Fmedia&parent=47879"}],"wp:term":[{"taxonomy":"category","embeddable":true,"href":"http:\/\/www.rtvnoticias.com.ar\/index.php?rest_route=%2Fwp%2Fv2%2Fcategories&post=47879"},{"taxonomy":"post_tag","embeddable":true,"href":"http:\/\/www.rtvnoticias.com.ar\/index.php?rest_route=%2Fwp%2Fv2%2Ftags&post=47879"}],"curies":[{"name":"wp","href":"https:\/\/api.w.org\/{rel}","templated":true}]}}