{"id":47898,"date":"2026-01-19T20:32:43","date_gmt":"2026-01-19T23:32:43","guid":{"rendered":"http:\/\/www.rtvnoticias.com.ar\/?p=47898"},"modified":"2026-01-19T20:32:51","modified_gmt":"2026-01-19T23:32:51","slug":"esta-grave-un-jinete-que-regresaba-de-participar-en-jesus-maria-y-choco-cerca-de-bragado-murieron-dos-personas","status":"publish","type":"post","link":"http:\/\/www.rtvnoticias.com.ar\/?p=47898","title":{"rendered":"Esta grave un jinete que regresaba de participar en Jes\u00fas Mar\u00eda y choc\u00f3 cerca de Bragado. Murieron dos personas"},"content":{"rendered":"\n<p>Un joven domador, identificado como Aaron Tom\u00e1s Tort, de 23 a\u00f1os, que regresaba de Festival Nacional de Doma y Folclore de Jes\u00fas Mar\u00eda a su casa en la localidad bonaerense de Ayacucho, sufri\u00f3 este lunes un accidente vial que lo dej\u00f3 en estado reservado y en el que murieron dos personas, seg\u00fan informaron fuentes policiales.<\/p>\n\n\n\n<p>El jinete habpia tenido una destacada actuaci\u00f3n en el campo del anfiteatro Jos\u00e9 Hern\u00e1ndez en la 60\u00b0 edici\u00f3n del Festival de Doma y Folclore de Jes\u00fas Mar\u00eda.<\/p>\n\n\n\n<p>Por causas que se investigan, a las 8.45 chocaron de frente dos camionetas, una Volkswagen Amarok y una Toyota Hilux (en \u00e9sta viajaba el domador, pero no la conduc\u00eda), en el kil\u00f3metro 60 de la ruta provincial 46, a la altura de Bragado.<\/p>\n\n\n\n<p>Como consecuencia del impacto, murieron Stella Maris Correa, de 61 a\u00f1os, quien era abuela pol\u00edtica del jinete y viajaba como acompa\u00f1ante en la Hilux, y Luis Herrera, quien tambi\u00e9n iba en el lugar del acompa\u00f1ante en la Amarok.<\/p>\n\n\n\n<p>Este \u00faltimo rodado era conducido por Dami\u00e1n Melo, de 47 a\u00f1os, residente en la ciudad bonaerense de 25 de Mayo, quien result\u00f3 lesionado con un hematoma pulmonar y fractura de costilla.<\/p>\n\n\n\n<p>En tanto, la Toyota Hilux era manejada por Florencia Gonz\u00e1lez (31), oriunda de Ayacucho, quien sufri\u00f3 fracturas en el brazo y la pierna derechos. En esa camioneta, tambi\u00e9n se trasladaban la fallecida Stella Maris Correa y Aar\u00f3n Tom\u00e1s Tort.<\/p>\n\n\n\n<p>Las heridas que tuvo Tort obligaron a intervenirlo quir\u00fargicamente de urgencia por la destrucci\u00f3n de un vaso sangu\u00edneo.<\/p>\n<div class=\"sharedaddy sd-sharing-enabled\"><div class=\"robots-nocontent sd-block sd-social sd-social-icon sd-sharing\"><h3 class=\"sd-title\">Comparte esto:<\/h3><div class=\"sd-content\"><ul><li class=\"share-twitter\"><a rel=\"nofollow noopener noreferrer\" data-shared=\"sharing-twitter-47898\" class=\"share-twitter sd-button share-icon no-text\" href=\"http:\/\/www.rtvnoticias.com.ar\/?p=47898&amp;share=twitter\" target=\"_blank\" title=\"Haz clic para compartir en Twitter\"><span><\/span><span class=\"sharing-screen-reader-text\">Haz clic para compartir en Twitter (Se abre en una ventana nueva)<\/span><\/a><\/li><li class=\"share-facebook\"><a rel=\"nofollow noopener noreferrer\" data-shared=\"sharing-facebook-47898\" class=\"share-facebook sd-button share-icon no-text\" href=\"http:\/\/www.rtvnoticias.com.ar\/?p=47898&amp;share=facebook\" target=\"_blank\" title=\"Haz clic para compartir en Facebook\"><span><\/span><span class=\"sharing-screen-reader-text\">Haz clic para compartir en Facebook (Se abre en una ventana nueva)<\/span><\/a><\/li><li class=\"share-jetpack-whatsapp\"><a rel=\"nofollow noopener noreferrer\" data-shared=\"\" class=\"share-jetpack-whatsapp sd-button share-icon no-text\" href=\"http:\/\/www.rtvnoticias.com.ar\/?p=47898&amp;share=jetpack-whatsapp\" target=\"_blank\" title=\"Haz clic para compartir en WhatsApp\"><span><\/span><span class=\"sharing-screen-reader-text\">Haz clic para compartir en WhatsApp (Se abre en una ventana nueva)<\/span><\/a><\/li><li class=\"share-telegram\"><a rel=\"nofollow noopener noreferrer\" data-shared=\"\" class=\"share-telegram sd-button share-icon no-text\" href=\"http:\/\/www.rtvnoticias.com.ar\/?p=47898&amp;share=telegram\" target=\"_blank\" title=\"Haz clic para compartir en Telegram\"><span><\/span><span class=\"sharing-screen-reader-text\">Haz clic para compartir en Telegram (Se abre en una ventana nueva)<\/span><\/a><\/li><li class=\"share-end\"><\/li><\/ul><\/div><\/div><\/div>","protected":false},"excerpt":{"rendered":"<p>Un joven domador, identificado como Aaron Tom\u00e1s Tort, de 23 a\u00f1os, que regresaba de Festival Nacional de Doma y Folclore de Jes\u00fas Mar\u00eda a su<\/p>\n<div class=\"sharedaddy sd-sharing-enabled\"><div class=\"robots-nocontent sd-block sd-social sd-social-icon sd-sharing\"><h3 class=\"sd-title\">Comparte esto:<\/h3><div class=\"sd-content\"><ul><li class=\"share-twitter\"><a rel=\"nofollow noopener noreferrer\" data-shared=\"sharing-twitter-47898\" class=\"share-twitter sd-button share-icon no-text\" href=\"http:\/\/www.rtvnoticias.com.ar\/?p=47898&amp;share=twitter\" target=\"_blank\" title=\"Haz clic para compartir en Twitter\"><span><\/span><span class=\"sharing-screen-reader-text\">Haz clic para compartir en Twitter (Se abre en una ventana nueva)<\/span><\/a><\/li><li class=\"share-facebook\"><a rel=\"nofollow noopener noreferrer\" data-shared=\"sharing-facebook-47898\" class=\"share-facebook sd-button share-icon no-text\" href=\"http:\/\/www.rtvnoticias.com.ar\/?p=47898&amp;share=facebook\" target=\"_blank\" title=\"Haz clic para compartir en Facebook\"><span><\/span><span class=\"sharing-screen-reader-text\">Haz clic para compartir en Facebook (Se abre en una ventana nueva)<\/span><\/a><\/li><li class=\"share-jetpack-whatsapp\"><a rel=\"nofollow noopener noreferrer\" data-shared=\"\" class=\"share-jetpack-whatsapp sd-button share-icon no-text\" href=\"http:\/\/www.rtvnoticias.com.ar\/?p=47898&amp;share=jetpack-whatsapp\" target=\"_blank\" title=\"Haz clic para compartir en WhatsApp\"><span><\/span><span class=\"sharing-screen-reader-text\">Haz clic para compartir en WhatsApp (Se abre en una ventana nueva)<\/span><\/a><\/li><li class=\"share-telegram\"><a rel=\"nofollow noopener noreferrer\" data-shared=\"\" class=\"share-telegram sd-button share-icon no-text\" href=\"http:\/\/www.rtvnoticias.com.ar\/?p=47898&amp;share=telegram\" target=\"_blank\" title=\"Haz clic para compartir en Telegram\"><span><\/span><span class=\"sharing-screen-reader-text\">Haz clic para compartir en Telegram (Se abre en una ventana nueva)<\/span><\/a><\/li><li class=\"share-end\"><\/li><\/ul><\/div><\/div><\/div>","protected":false},"author":5,"featured_media":47899,"comment_status":"closed","ping_status":"closed","sticky":false,"template":"","format":"standard","meta":{"spay_email":"","jetpack_publicize_message":"","jetpack_is_tweetstorm":false,"jetpack_publicize_feature_enabled":true},"categories":[5],"tags":[5745],"jetpack_featured_media_url":"http:\/\/www.rtvnoticias.com.ar\/wp-content\/uploads\/2026\/01\/choque-jinete.jpg","jetpack_publicize_connections":[],"jetpack_sharing_enabled":true,"_links":{"self":[{"href":"http:\/\/www.rtvnoticias.com.ar\/index.php?rest_route=\/wp\/v2\/posts\/47898"}],"collection":[{"href":"http:\/\/www.rtvnoticias.com.ar\/index.php?rest_route=\/wp\/v2\/posts"}],"about":[{"href":"http:\/\/www.rtvnoticias.com.ar\/index.php?rest_route=\/wp\/v2\/types\/post"}],"author":[{"embeddable":true,"href":"http:\/\/www.rtvnoticias.com.ar\/index.php?rest_route=\/wp\/v2\/users\/5"}],"replies":[{"embeddable":true,"href":"http:\/\/www.rtvnoticias.com.ar\/index.php?rest_route=%2Fwp%2Fv2%2Fcomments&post=47898"}],"version-history":[{"count":1,"href":"http:\/\/www.rtvnoticias.com.ar\/index.php?rest_route=\/wp\/v2\/posts\/47898\/revisions"}],"predecessor-version":[{"id":47900,"href":"http:\/\/www.rtvnoticias.com.ar\/index.php?rest_route=\/wp\/v2\/posts\/47898\/revisions\/47900"}],"wp:featuredmedia":[{"embeddable":true,"href":"http:\/\/www.rtvnoticias.com.ar\/index.php?rest_route=\/wp\/v2\/media\/47899"}],"wp:attachment":[{"href":"http:\/\/www.rtvnoticias.com.ar\/index.php?rest_route=%2Fwp%2Fv2%2Fmedia&parent=47898"}],"wp:term":[{"taxonomy":"category","embeddable":true,"href":"http:\/\/www.rtvnoticias.com.ar\/index.php?rest_route=%2Fwp%2Fv2%2Fcategories&post=47898"},{"taxonomy":"post_tag","embeddable":true,"href":"http:\/\/www.rtvnoticias.com.ar\/index.php?rest_route=%2Fwp%2Fv2%2Ftags&post=47898"}],"curies":[{"name":"wp","href":"https:\/\/api.w.org\/{rel}","templated":true}]}}