{"id":48210,"date":"2026-03-04T10:04:53","date_gmt":"2026-03-04T13:04:53","guid":{"rendered":"http:\/\/www.rtvnoticias.com.ar\/?p=48210"},"modified":"2026-03-04T10:04:58","modified_gmt":"2026-03-04T13:04:58","slug":"el-ministro-diego-alvarez-destaco-el-fortalecimiento-del-albergue-en-pehuen-co","status":"publish","type":"post","link":"http:\/\/www.rtvnoticias.com.ar\/?p=48210","title":{"rendered":"El ministro Diego Alvarez destac\u00f3 el fortalecimiento del Albergue en Pehuen C\u00f3"},"content":{"rendered":"\n<p>El Gobierno de La Pampa, a trav\u00e9s del Ministerio de Desarrollo Social y Derechos Humanos, contin\u00faa consolidando el funcionamiento del Albergue Provincial \u201cJos\u00e9 Natalio Masseroni\u201d, ubicado en Pehuen C\u00f3, como una herramienta estrat\u00e9gica para garantizar igualdad de oportunidades en el acceso al esparcimiento y la recreaci\u00f3n.<\/p>\n\n\n\n<p>\u201cCada vez que un chico o una chica ve el mar por primera vez, entendemos que esta pol\u00edtica p\u00fablica tiene sentido. Estamos hablando de derechos, de oportunidades y de igualdad real\u201d, expres\u00f3 el ministro Diego \u00c1lvarez a la Agencia Provincial de Noticias.<\/p>\n\n\n\n<p>El ministro, acompa\u00f1ado por el director de Turismo Social, Vicente Labegorra, en el marco de una reciente recorrida por las instalaciones, destac\u00f3 que el objetivo central del albergue es \u201cbrindar un espacio de calidad a grupos organizados en el marco de pol\u00edticas educativas, deportivas y sociales del Gobierno provincial, complementando distintos programas\u201d. <\/p>\n\n\n\n<p>En ese sentido, agreg\u00f3 que en La Pampa \u00abel turismo social no es un privilegio para pocos, es una decisi\u00f3n pol\u00edtica para que todos y todas puedan disfrutar del descanso y la recreaci\u00f3n, sin que la situaci\u00f3n econ\u00f3mica sea un impedimento\u201d.<\/p>\n\n\n\n<p>Por su parte, Labegorra subray\u00f3 que \u201cel albergue cumple un rol social fundamental porque permite que muchos pampeanos y pampeanas accedan a experiencias recreativas que de otro modo no podr\u00edan concretar. Trabajamos con planificaci\u00f3n y articulaci\u00f3n con los municipios para garantizar un acceso equitativo y ordenado\u201d.<\/p>\n\n\n\n<p>El albergue recibe durante la temporada -que se extiende de octubre a marzo- a infancias, adolescencias, juventudes y personas mayores provenientes de distintos puntos de la Provincia.\u00a0\u00a0<br>Entre los contingentes se encuentran delegaciones del programa Pro Vida, grupos escolares que realizan viajes de fin de curso, aquellos vinculados a programas deportivos, actividades de inclusi\u00f3n y discapacidad, iniciativas de ni\u00f1ez y adolescencia, propuestas recreativas de verano y espacios destinados a personas mayores.\u00a0<\/p>\n\n\n\n<p>El fortalecimiento de este espacio reafirma la decisi\u00f3n del Gobierno provincial de sostener el turismo social como herramienta de inclusi\u00f3n, integraci\u00f3n y desarrollo de la comunidad.<\/p>\n<div class=\"sharedaddy sd-sharing-enabled\"><div class=\"robots-nocontent sd-block sd-social sd-social-icon sd-sharing\"><h3 class=\"sd-title\">Comparte esto:<\/h3><div class=\"sd-content\"><ul><li class=\"share-twitter\"><a rel=\"nofollow noopener noreferrer\" data-shared=\"sharing-twitter-48210\" class=\"share-twitter sd-button share-icon no-text\" href=\"http:\/\/www.rtvnoticias.com.ar\/?p=48210&amp;share=twitter\" target=\"_blank\" title=\"Haz clic para compartir en Twitter\"><span><\/span><span class=\"sharing-screen-reader-text\">Haz clic para compartir en Twitter (Se abre en una ventana nueva)<\/span><\/a><\/li><li class=\"share-facebook\"><a rel=\"nofollow noopener noreferrer\" data-shared=\"sharing-facebook-48210\" class=\"share-facebook sd-button share-icon no-text\" href=\"http:\/\/www.rtvnoticias.com.ar\/?p=48210&amp;share=facebook\" target=\"_blank\" title=\"Haz clic para compartir en Facebook\"><span><\/span><span class=\"sharing-screen-reader-text\">Haz clic para compartir en Facebook (Se abre en una ventana nueva)<\/span><\/a><\/li><li class=\"share-jetpack-whatsapp\"><a rel=\"nofollow noopener noreferrer\" data-shared=\"\" class=\"share-jetpack-whatsapp sd-button share-icon no-text\" href=\"http:\/\/www.rtvnoticias.com.ar\/?p=48210&amp;share=jetpack-whatsapp\" target=\"_blank\" title=\"Haz clic para compartir en WhatsApp\"><span><\/span><span class=\"sharing-screen-reader-text\">Haz clic para compartir en WhatsApp (Se abre en una ventana nueva)<\/span><\/a><\/li><li class=\"share-telegram\"><a rel=\"nofollow noopener noreferrer\" data-shared=\"\" class=\"share-telegram sd-button share-icon no-text\" href=\"http:\/\/www.rtvnoticias.com.ar\/?p=48210&amp;share=telegram\" target=\"_blank\" title=\"Haz clic para compartir en Telegram\"><span><\/span><span class=\"sharing-screen-reader-text\">Haz clic para compartir en Telegram (Se abre en una ventana nueva)<\/span><\/a><\/li><li class=\"share-end\"><\/li><\/ul><\/div><\/div><\/div>","protected":false},"excerpt":{"rendered":"<p>El Gobierno de La Pampa, a trav\u00e9s del Ministerio de Desarrollo Social y Derechos Humanos, contin\u00faa consolidando el funcionamiento del Albergue Provincial \u201cJos\u00e9 Natalio Masseroni\u201d,<\/p>\n<div class=\"sharedaddy sd-sharing-enabled\"><div class=\"robots-nocontent sd-block sd-social sd-social-icon sd-sharing\"><h3 class=\"sd-title\">Comparte esto:<\/h3><div class=\"sd-content\"><ul><li class=\"share-twitter\"><a rel=\"nofollow noopener noreferrer\" data-shared=\"sharing-twitter-48210\" class=\"share-twitter sd-button share-icon no-text\" href=\"http:\/\/www.rtvnoticias.com.ar\/?p=48210&amp;share=twitter\" target=\"_blank\" title=\"Haz clic para compartir en Twitter\"><span><\/span><span class=\"sharing-screen-reader-text\">Haz clic para compartir en Twitter (Se abre en una ventana nueva)<\/span><\/a><\/li><li class=\"share-facebook\"><a rel=\"nofollow noopener noreferrer\" data-shared=\"sharing-facebook-48210\" class=\"share-facebook sd-button share-icon no-text\" href=\"http:\/\/www.rtvnoticias.com.ar\/?p=48210&amp;share=facebook\" target=\"_blank\" title=\"Haz clic para compartir en Facebook\"><span><\/span><span class=\"sharing-screen-reader-text\">Haz clic para compartir en Facebook (Se abre en una ventana nueva)<\/span><\/a><\/li><li class=\"share-jetpack-whatsapp\"><a rel=\"nofollow noopener noreferrer\" data-shared=\"\" class=\"share-jetpack-whatsapp sd-button share-icon no-text\" href=\"http:\/\/www.rtvnoticias.com.ar\/?p=48210&amp;share=jetpack-whatsapp\" target=\"_blank\" title=\"Haz clic para compartir en WhatsApp\"><span><\/span><span class=\"sharing-screen-reader-text\">Haz clic para compartir en WhatsApp (Se abre en una ventana nueva)<\/span><\/a><\/li><li class=\"share-telegram\"><a rel=\"nofollow noopener noreferrer\" data-shared=\"\" class=\"share-telegram sd-button share-icon no-text\" href=\"http:\/\/www.rtvnoticias.com.ar\/?p=48210&amp;share=telegram\" target=\"_blank\" title=\"Haz clic para compartir en Telegram\"><span><\/span><span class=\"sharing-screen-reader-text\">Haz clic para compartir en Telegram (Se abre en una ventana nueva)<\/span><\/a><\/li><li class=\"share-end\"><\/li><\/ul><\/div><\/div><\/div>","protected":false},"author":5,"featured_media":48211,"comment_status":"closed","ping_status":"closed","sticky":false,"template":"","format":"standard","meta":{"spay_email":"","jetpack_publicize_message":"","jetpack_is_tweetstorm":false,"jetpack_publicize_feature_enabled":true},"categories":[4],"tags":[5815],"jetpack_featured_media_url":"http:\/\/www.rtvnoticias.com.ar\/wp-content\/uploads\/2026\/03\/alvarez-pehuenco.jpg","jetpack_publicize_connections":[],"jetpack_sharing_enabled":true,"_links":{"self":[{"href":"http:\/\/www.rtvnoticias.com.ar\/index.php?rest_route=\/wp\/v2\/posts\/48210"}],"collection":[{"href":"http:\/\/www.rtvnoticias.com.ar\/index.php?rest_route=\/wp\/v2\/posts"}],"about":[{"href":"http:\/\/www.rtvnoticias.com.ar\/index.php?rest_route=\/wp\/v2\/types\/post"}],"author":[{"embeddable":true,"href":"http:\/\/www.rtvnoticias.com.ar\/index.php?rest_route=\/wp\/v2\/users\/5"}],"replies":[{"embeddable":true,"href":"http:\/\/www.rtvnoticias.com.ar\/index.php?rest_route=%2Fwp%2Fv2%2Fcomments&post=48210"}],"version-history":[{"count":1,"href":"http:\/\/www.rtvnoticias.com.ar\/index.php?rest_route=\/wp\/v2\/posts\/48210\/revisions"}],"predecessor-version":[{"id":48212,"href":"http:\/\/www.rtvnoticias.com.ar\/index.php?rest_route=\/wp\/v2\/posts\/48210\/revisions\/48212"}],"wp:featuredmedia":[{"embeddable":true,"href":"http:\/\/www.rtvnoticias.com.ar\/index.php?rest_route=\/wp\/v2\/media\/48211"}],"wp:attachment":[{"href":"http:\/\/www.rtvnoticias.com.ar\/index.php?rest_route=%2Fwp%2Fv2%2Fmedia&parent=48210"}],"wp:term":[{"taxonomy":"category","embeddable":true,"href":"http:\/\/www.rtvnoticias.com.ar\/index.php?rest_route=%2Fwp%2Fv2%2Fcategories&post=48210"},{"taxonomy":"post_tag","embeddable":true,"href":"http:\/\/www.rtvnoticias.com.ar\/index.php?rest_route=%2Fwp%2Fv2%2Ftags&post=48210"}],"curies":[{"name":"wp","href":"https:\/\/api.w.org\/{rel}","templated":true}]}}