{"id":48218,"date":"2026-03-04T20:58:06","date_gmt":"2026-03-04T23:58:06","guid":{"rendered":"http:\/\/www.rtvnoticias.com.ar\/?p=48218"},"modified":"2026-03-04T21:02:14","modified_gmt":"2026-03-05T00:02:14","slug":"48218","status":"publish","type":"post","link":"http:\/\/www.rtvnoticias.com.ar\/?p=48218","title":{"rendered":"La Plural santarrose\u00f1a ratific\u00f3 a Lovera como jefe del bloque en la Legislatura"},"content":{"rendered":"\n<p><strong>La l\u00ednea santarrose\u00f1a vinculada a Ziliotto respald\u00f3 la conducci\u00f3n legislativa del vernista Daniel Lovera. El gesto llega tras el apoyo unificado a la iniciativa sobre El Medanito y busca mostrar cohesi\u00f3n frente al Gobierno nacional.<\/strong><\/p>\n\n\n\n<p>En un movimiento que apunta a despejar tensiones internas, el peronismo pampeano exhibi\u00f3 este mi\u00e9rcoles una se\u00f1al de cohesi\u00f3n pol\u00edtica. La l\u00ednea de Santa Rosa referenciada en el gobernador Sergio Ziliotto expres\u00f3 p\u00fablicamente su respaldo a Daniel Lovera como presidente del bloque justicialista en la Legislatura.<\/p>\n\n\n\n<p>El pronunciamiento lleg\u00f3 pocas horas despu\u00e9s de que los 15 diputados del PJ acompa\u00f1aran la estrategia oficial para que Pampetrol asuma de manera transitoria la operaci\u00f3n del \u00e1rea El Medanito. Sin ese alineamiento, el proyecto impulsado por el Ejecutivo provincial no hubiera prosperado ante el rechazo opositor.<\/p>\n\n\n\n<p>El comunicado difundido por la L\u00ednea Plural no se limit\u00f3 a formalizar un respaldo. Con referencias a la \u201cunidad del peronismo\u201d y consignas tradicionales del movimiento, el texto dej\u00f3 entrever una autocr\u00edtica por las fricciones recientes y plante\u00f3 la necesidad de priorizar acuerdos colectivos por sobre disputas personales.<\/p>\n\n\n\n<h3 class=\"wp-block-heading\">Equilibrio interno y gobernabilidad<\/h3>\n\n\n\n<p>La ratificaci\u00f3n de Lovera implica, en los hechos, un doble aval: el del exgobernador Carlos Verna \u2014referente del sector vernista\u2014 y el del espacio que responde a Ziliotto en la capital provincial. Ese equilibrio fortalece su rol como articulador dentro de la bancada oficialista.<\/p>\n\n\n\n<p>Puertas adentro, el mensaje busc\u00f3 transmitir que no habr\u00e1 margen para fracturas en un contexto que consideran adverso a nivel nacional. En el tramo final del comunicado, el PJ provincial advirti\u00f3 sobre la necesidad de proteger los recursos pampeanos frente a lo que definieron como pol\u00edticas de \u201ccrueldad libertaria\u201d, en alusi\u00f3n al gobierno de Javier Milei.<\/p>\n\n\n\n<h3 class=\"wp-block-heading\">El factor externo como aglutinante<\/h3>\n\n\n\n<p>La discusi\u00f3n por el futuro de El Medanito funcion\u00f3 como catalizador. El oficialismo provincial entendi\u00f3 que la disputa por el principal yacimiento petrolero exig\u00eda disciplina interna para sostener la estrategia parlamentaria.<\/p>\n\n\n\n<p>Con la conducci\u00f3n de Lovera confirmada y el bloque alineado, el peronismo pampeano intenta dejar atr\u00e1s semanas de recelos y proyectar una imagen de unidad. El desaf\u00edo ahora ser\u00e1 sostener esa cohesi\u00f3n en un escenario econ\u00f3mico y pol\u00edtico que promete nuevas tensiones.<\/p>\n<div class=\"sharedaddy sd-sharing-enabled\"><div class=\"robots-nocontent sd-block sd-social sd-social-icon sd-sharing\"><h3 class=\"sd-title\">Comparte esto:<\/h3><div class=\"sd-content\"><ul><li class=\"share-twitter\"><a rel=\"nofollow noopener noreferrer\" data-shared=\"sharing-twitter-48218\" class=\"share-twitter sd-button share-icon no-text\" href=\"http:\/\/www.rtvnoticias.com.ar\/?p=48218&amp;share=twitter\" target=\"_blank\" title=\"Haz clic para compartir en Twitter\"><span><\/span><span class=\"sharing-screen-reader-text\">Haz clic para compartir en Twitter (Se abre en una ventana nueva)<\/span><\/a><\/li><li class=\"share-facebook\"><a rel=\"nofollow noopener noreferrer\" data-shared=\"sharing-facebook-48218\" class=\"share-facebook sd-button share-icon no-text\" href=\"http:\/\/www.rtvnoticias.com.ar\/?p=48218&amp;share=facebook\" target=\"_blank\" title=\"Haz clic para compartir en Facebook\"><span><\/span><span class=\"sharing-screen-reader-text\">Haz clic para compartir en Facebook (Se abre en una ventana nueva)<\/span><\/a><\/li><li class=\"share-jetpack-whatsapp\"><a rel=\"nofollow noopener noreferrer\" data-shared=\"\" class=\"share-jetpack-whatsapp sd-button share-icon no-text\" href=\"http:\/\/www.rtvnoticias.com.ar\/?p=48218&amp;share=jetpack-whatsapp\" target=\"_blank\" title=\"Haz clic para compartir en WhatsApp\"><span><\/span><span class=\"sharing-screen-reader-text\">Haz clic para compartir en WhatsApp (Se abre en una ventana nueva)<\/span><\/a><\/li><li class=\"share-telegram\"><a rel=\"nofollow noopener noreferrer\" data-shared=\"\" class=\"share-telegram sd-button share-icon no-text\" href=\"http:\/\/www.rtvnoticias.com.ar\/?p=48218&amp;share=telegram\" target=\"_blank\" title=\"Haz clic para compartir en Telegram\"><span><\/span><span class=\"sharing-screen-reader-text\">Haz clic para compartir en Telegram (Se abre en una ventana nueva)<\/span><\/a><\/li><li class=\"share-end\"><\/li><\/ul><\/div><\/div><\/div>","protected":false},"excerpt":{"rendered":"<p>La l\u00ednea santarrose\u00f1a vinculada a Ziliotto respald\u00f3 la conducci\u00f3n legislativa del vernista Daniel Lovera. El gesto llega tras el apoyo unificado a la iniciativa sobre<\/p>\n<div class=\"sharedaddy sd-sharing-enabled\"><div class=\"robots-nocontent sd-block sd-social sd-social-icon sd-sharing\"><h3 class=\"sd-title\">Comparte esto:<\/h3><div class=\"sd-content\"><ul><li class=\"share-twitter\"><a rel=\"nofollow noopener noreferrer\" data-shared=\"sharing-twitter-48218\" class=\"share-twitter sd-button share-icon no-text\" href=\"http:\/\/www.rtvnoticias.com.ar\/?p=48218&amp;share=twitter\" target=\"_blank\" title=\"Haz clic para compartir en Twitter\"><span><\/span><span class=\"sharing-screen-reader-text\">Haz clic para compartir en Twitter (Se abre en una ventana nueva)<\/span><\/a><\/li><li class=\"share-facebook\"><a rel=\"nofollow noopener noreferrer\" data-shared=\"sharing-facebook-48218\" class=\"share-facebook sd-button share-icon no-text\" href=\"http:\/\/www.rtvnoticias.com.ar\/?p=48218&amp;share=facebook\" target=\"_blank\" title=\"Haz clic para compartir en Facebook\"><span><\/span><span class=\"sharing-screen-reader-text\">Haz clic para compartir en Facebook (Se abre en una ventana nueva)<\/span><\/a><\/li><li class=\"share-jetpack-whatsapp\"><a rel=\"nofollow noopener noreferrer\" data-shared=\"\" class=\"share-jetpack-whatsapp sd-button share-icon no-text\" href=\"http:\/\/www.rtvnoticias.com.ar\/?p=48218&amp;share=jetpack-whatsapp\" target=\"_blank\" title=\"Haz clic para compartir en WhatsApp\"><span><\/span><span class=\"sharing-screen-reader-text\">Haz clic para compartir en WhatsApp (Se abre en una ventana nueva)<\/span><\/a><\/li><li class=\"share-telegram\"><a rel=\"nofollow noopener noreferrer\" data-shared=\"\" class=\"share-telegram sd-button share-icon no-text\" href=\"http:\/\/www.rtvnoticias.com.ar\/?p=48218&amp;share=telegram\" target=\"_blank\" title=\"Haz clic para compartir en Telegram\"><span><\/span><span class=\"sharing-screen-reader-text\">Haz clic para compartir en Telegram (Se abre en una ventana nueva)<\/span><\/a><\/li><li class=\"share-end\"><\/li><\/ul><\/div><\/div><\/div>","protected":false},"author":7,"featured_media":45869,"comment_status":"closed","ping_status":"closed","sticky":false,"template":"","format":"standard","meta":{"spay_email":"","jetpack_publicize_message":"","jetpack_is_tweetstorm":false,"jetpack_publicize_feature_enabled":true},"categories":[4],"tags":[],"jetpack_featured_media_url":"http:\/\/www.rtvnoticias.com.ar\/wp-content\/uploads\/2025\/06\/lovera-1000x600-1.jpg","jetpack_publicize_connections":[],"jetpack_sharing_enabled":true,"_links":{"self":[{"href":"http:\/\/www.rtvnoticias.com.ar\/index.php?rest_route=\/wp\/v2\/posts\/48218"}],"collection":[{"href":"http:\/\/www.rtvnoticias.com.ar\/index.php?rest_route=\/wp\/v2\/posts"}],"about":[{"href":"http:\/\/www.rtvnoticias.com.ar\/index.php?rest_route=\/wp\/v2\/types\/post"}],"author":[{"embeddable":true,"href":"http:\/\/www.rtvnoticias.com.ar\/index.php?rest_route=\/wp\/v2\/users\/7"}],"replies":[{"embeddable":true,"href":"http:\/\/www.rtvnoticias.com.ar\/index.php?rest_route=%2Fwp%2Fv2%2Fcomments&post=48218"}],"version-history":[{"count":2,"href":"http:\/\/www.rtvnoticias.com.ar\/index.php?rest_route=\/wp\/v2\/posts\/48218\/revisions"}],"predecessor-version":[{"id":48225,"href":"http:\/\/www.rtvnoticias.com.ar\/index.php?rest_route=\/wp\/v2\/posts\/48218\/revisions\/48225"}],"wp:featuredmedia":[{"embeddable":true,"href":"http:\/\/www.rtvnoticias.com.ar\/index.php?rest_route=\/wp\/v2\/media\/45869"}],"wp:attachment":[{"href":"http:\/\/www.rtvnoticias.com.ar\/index.php?rest_route=%2Fwp%2Fv2%2Fmedia&parent=48218"}],"wp:term":[{"taxonomy":"category","embeddable":true,"href":"http:\/\/www.rtvnoticias.com.ar\/index.php?rest_route=%2Fwp%2Fv2%2Fcategories&post=48218"},{"taxonomy":"post_tag","embeddable":true,"href":"http:\/\/www.rtvnoticias.com.ar\/index.php?rest_route=%2Fwp%2Fv2%2Ftags&post=48218"}],"curies":[{"name":"wp","href":"https:\/\/api.w.org\/{rel}","templated":true}]}}