{"id":48219,"date":"2026-03-04T20:53:51","date_gmt":"2026-03-04T23:53:51","guid":{"rendered":"http:\/\/www.rtvnoticias.com.ar\/?p=48219"},"modified":"2026-03-04T20:53:57","modified_gmt":"2026-03-04T23:53:57","slug":"mahiques-jura-el-jueves-como-nuevo-ministro-de-justicia","status":"publish","type":"post","link":"http:\/\/www.rtvnoticias.com.ar\/?p=48219","title":{"rendered":"Mahiques jura el jueves como nuevo ministro de Justicia"},"content":{"rendered":"\n<p><strong>El fiscal general porte\u00f1o asumir\u00e1 este jueves al mediod\u00eda. Santiago Viola ser\u00e1 el viceministro. En el Gobierno niegan que el recambio implique una disputa en el \u201ctri\u00e1ngulo de hierro\u201d.<\/strong><\/p>\n\n\n\n<p>Juan Bautista Mahiques asumir\u00e1 este jueves a las 12 como nuevo ministro de Justicia, en un acto en el que conocer\u00e1 formalmente al presidente Javier Milei y que contar\u00e1 con la presencia de magistrados y fiscales que respaldan su designaci\u00f3n.<\/p>\n\n\n\n<p>El desembarco del actual fiscal general de la Ciudad de Buenos Aires se produce tras la salida de Mariano C\u00faneo Libarona, quien hab\u00eda decidido dejar el cargo semanas atr\u00e1s. La oficializaci\u00f3n del relevo abri\u00f3 especulaciones sobre el equilibrio interno dentro de La Libertad Avanza, aunque desde la Casa Rosada buscaron desactivar versiones de conflicto.<\/p>\n\n\n\n<p>En la nueva estructura lo acompa\u00f1ar\u00e1 Santiago Viola, apoderado de La Libertad Avanza y dirigente cercano a Karina Milei, quien asumir\u00e1 como viceministro. Viola reemplazar\u00e1 a Sebasti\u00e1n Amerio, funcionario alineado con el asesor presidencial Santiago Caputo.<\/p>\n\n\n\n<h3 class=\"wp-block-heading\">Los puentes pol\u00edticos<\/h3>\n\n\n\n<p>En el oficialismo se\u00f1alan que el v\u00ednculo entre Mahiques y la conducci\u00f3n libertaria se consolid\u00f3 a trav\u00e9s de Mart\u00edn Menem, titular de la C\u00e1mara de Diputados, quien habr\u00eda facilitado los primeros contactos con Karina Milei y, luego, con el Presidente.<\/p>\n\n\n\n<p>Antes de su jura, el futuro ministro mantuvo reuniones con el jefe de Gabinete, Manuel Adorni, para coordinar la transici\u00f3n y los lineamientos de gesti\u00f3n.<\/p>\n\n\n\n<h3 class=\"wp-block-heading\">Reacomodamiento sin ruptura<\/h3>\n\n\n\n<p>Con el recambio, distintas voces dentro del oficialismo se apresuraron a negar que se trate de una pulseada entre los sectores que orbitan alrededor de Karina Milei y Santiago Caputo, figuras centrales del esquema de poder libertario. Seg\u00fan explican, la definici\u00f3n del nuevo ministro fue conversada y consensuada.<\/p>\n\n\n\n<p>En ese marco, tambi\u00e9n circul\u00f3 la versi\u00f3n de que Amerio podr\u00eda ocupar otro rol dentro del Estado, aunque por ahora no hubo confirmaciones p\u00fablicas.<\/p>\n\n\n\n<p>El Gobierno intenta mostrar que el movimiento en Justicia responde a una reorganizaci\u00f3n estrat\u00e9gica y no a un enfrentamiento interno. M\u00e1s a\u00fan despu\u00e9s de las \u00faltimas victorias parlamentarias del oficialismo, que fortalecieron la posici\u00f3n del Ejecutivo en el Congreso.<\/p>\n\n\n\n<p>Con Mahiques al frente, la cartera inicia una nueva etapa. El desaf\u00edo ser\u00e1 sostener la agenda de reformas judiciales y, al mismo tiempo, preservar el delicado equilibrio pol\u00edtico dentro del oficialismo.<\/p>\n<div class=\"sharedaddy sd-sharing-enabled\"><div class=\"robots-nocontent sd-block sd-social sd-social-icon sd-sharing\"><h3 class=\"sd-title\">Comparte esto:<\/h3><div class=\"sd-content\"><ul><li class=\"share-twitter\"><a rel=\"nofollow noopener noreferrer\" data-shared=\"sharing-twitter-48219\" class=\"share-twitter sd-button share-icon no-text\" href=\"http:\/\/www.rtvnoticias.com.ar\/?p=48219&amp;share=twitter\" target=\"_blank\" title=\"Haz clic para compartir en Twitter\"><span><\/span><span class=\"sharing-screen-reader-text\">Haz clic para compartir en Twitter (Se abre en una ventana nueva)<\/span><\/a><\/li><li class=\"share-facebook\"><a rel=\"nofollow noopener noreferrer\" data-shared=\"sharing-facebook-48219\" class=\"share-facebook sd-button share-icon no-text\" href=\"http:\/\/www.rtvnoticias.com.ar\/?p=48219&amp;share=facebook\" target=\"_blank\" title=\"Haz clic para compartir en Facebook\"><span><\/span><span class=\"sharing-screen-reader-text\">Haz clic para compartir en Facebook (Se abre en una ventana nueva)<\/span><\/a><\/li><li class=\"share-jetpack-whatsapp\"><a rel=\"nofollow noopener noreferrer\" data-shared=\"\" class=\"share-jetpack-whatsapp sd-button share-icon no-text\" href=\"http:\/\/www.rtvnoticias.com.ar\/?p=48219&amp;share=jetpack-whatsapp\" target=\"_blank\" title=\"Haz clic para compartir en WhatsApp\"><span><\/span><span class=\"sharing-screen-reader-text\">Haz clic para compartir en WhatsApp (Se abre en una ventana nueva)<\/span><\/a><\/li><li class=\"share-telegram\"><a rel=\"nofollow noopener noreferrer\" data-shared=\"\" class=\"share-telegram sd-button share-icon no-text\" href=\"http:\/\/www.rtvnoticias.com.ar\/?p=48219&amp;share=telegram\" target=\"_blank\" title=\"Haz clic para compartir en Telegram\"><span><\/span><span class=\"sharing-screen-reader-text\">Haz clic para compartir en Telegram (Se abre en una ventana nueva)<\/span><\/a><\/li><li class=\"share-end\"><\/li><\/ul><\/div><\/div><\/div>","protected":false},"excerpt":{"rendered":"<p>El fiscal general porte\u00f1o asumir\u00e1 este jueves al mediod\u00eda. Santiago Viola ser\u00e1 el viceministro. En el Gobierno niegan que el recambio implique una disputa en<\/p>\n<div class=\"sharedaddy sd-sharing-enabled\"><div class=\"robots-nocontent sd-block sd-social sd-social-icon sd-sharing\"><h3 class=\"sd-title\">Comparte esto:<\/h3><div class=\"sd-content\"><ul><li class=\"share-twitter\"><a rel=\"nofollow noopener noreferrer\" data-shared=\"sharing-twitter-48219\" class=\"share-twitter sd-button share-icon no-text\" href=\"http:\/\/www.rtvnoticias.com.ar\/?p=48219&amp;share=twitter\" target=\"_blank\" title=\"Haz clic para compartir en Twitter\"><span><\/span><span class=\"sharing-screen-reader-text\">Haz clic para compartir en Twitter (Se abre en una ventana nueva)<\/span><\/a><\/li><li class=\"share-facebook\"><a rel=\"nofollow noopener noreferrer\" data-shared=\"sharing-facebook-48219\" class=\"share-facebook sd-button share-icon no-text\" href=\"http:\/\/www.rtvnoticias.com.ar\/?p=48219&amp;share=facebook\" target=\"_blank\" title=\"Haz clic para compartir en Facebook\"><span><\/span><span class=\"sharing-screen-reader-text\">Haz clic para compartir en Facebook (Se abre en una ventana nueva)<\/span><\/a><\/li><li class=\"share-jetpack-whatsapp\"><a rel=\"nofollow noopener noreferrer\" data-shared=\"\" class=\"share-jetpack-whatsapp sd-button share-icon no-text\" href=\"http:\/\/www.rtvnoticias.com.ar\/?p=48219&amp;share=jetpack-whatsapp\" target=\"_blank\" title=\"Haz clic para compartir en WhatsApp\"><span><\/span><span class=\"sharing-screen-reader-text\">Haz clic para compartir en WhatsApp (Se abre en una ventana nueva)<\/span><\/a><\/li><li class=\"share-telegram\"><a rel=\"nofollow noopener noreferrer\" data-shared=\"\" class=\"share-telegram sd-button share-icon no-text\" href=\"http:\/\/www.rtvnoticias.com.ar\/?p=48219&amp;share=telegram\" target=\"_blank\" title=\"Haz clic para compartir en Telegram\"><span><\/span><span class=\"sharing-screen-reader-text\">Haz clic para compartir en Telegram (Se abre en una ventana nueva)<\/span><\/a><\/li><li class=\"share-end\"><\/li><\/ul><\/div><\/div><\/div>","protected":false},"author":7,"featured_media":48220,"comment_status":"closed","ping_status":"closed","sticky":false,"template":"","format":"standard","meta":{"spay_email":"","jetpack_publicize_message":"","jetpack_is_tweetstorm":false,"jetpack_publicize_feature_enabled":true},"categories":[5],"tags":[],"jetpack_featured_media_url":"http:\/\/www.rtvnoticias.com.ar\/wp-content\/uploads\/2026\/03\/448876.jpg","jetpack_publicize_connections":[],"jetpack_sharing_enabled":true,"_links":{"self":[{"href":"http:\/\/www.rtvnoticias.com.ar\/index.php?rest_route=\/wp\/v2\/posts\/48219"}],"collection":[{"href":"http:\/\/www.rtvnoticias.com.ar\/index.php?rest_route=\/wp\/v2\/posts"}],"about":[{"href":"http:\/\/www.rtvnoticias.com.ar\/index.php?rest_route=\/wp\/v2\/types\/post"}],"author":[{"embeddable":true,"href":"http:\/\/www.rtvnoticias.com.ar\/index.php?rest_route=\/wp\/v2\/users\/7"}],"replies":[{"embeddable":true,"href":"http:\/\/www.rtvnoticias.com.ar\/index.php?rest_route=%2Fwp%2Fv2%2Fcomments&post=48219"}],"version-history":[{"count":1,"href":"http:\/\/www.rtvnoticias.com.ar\/index.php?rest_route=\/wp\/v2\/posts\/48219\/revisions"}],"predecessor-version":[{"id":48221,"href":"http:\/\/www.rtvnoticias.com.ar\/index.php?rest_route=\/wp\/v2\/posts\/48219\/revisions\/48221"}],"wp:featuredmedia":[{"embeddable":true,"href":"http:\/\/www.rtvnoticias.com.ar\/index.php?rest_route=\/wp\/v2\/media\/48220"}],"wp:attachment":[{"href":"http:\/\/www.rtvnoticias.com.ar\/index.php?rest_route=%2Fwp%2Fv2%2Fmedia&parent=48219"}],"wp:term":[{"taxonomy":"category","embeddable":true,"href":"http:\/\/www.rtvnoticias.com.ar\/index.php?rest_route=%2Fwp%2Fv2%2Fcategories&post=48219"},{"taxonomy":"post_tag","embeddable":true,"href":"http:\/\/www.rtvnoticias.com.ar\/index.php?rest_route=%2Fwp%2Fv2%2Ftags&post=48219"}],"curies":[{"name":"wp","href":"https:\/\/api.w.org\/{rel}","templated":true}]}}