{"id":48230,"date":"2026-03-04T20:55:00","date_gmt":"2026-03-04T23:55:00","guid":{"rendered":"http:\/\/www.rtvnoticias.com.ar\/?p=48230"},"modified":"2026-03-04T21:11:28","modified_gmt":"2026-03-05T00:11:28","slug":"la-pampa-dejo-de-recibir-mas-de-18-mil-millones-en-el-primer-bimestre-por-la-baja-del-consumo","status":"publish","type":"post","link":"http:\/\/www.rtvnoticias.com.ar\/?p=48230","title":{"rendered":"La Pampa dej\u00f3 de recibir m\u00e1s de $18 mil millones en el primer bimestre por la baja del consumo"},"content":{"rendered":"\n<p><strong>La merma en la recaudaci\u00f3n del IVA redujo los env\u00edos por coparticipaci\u00f3n. El impacto alcanza tambi\u00e9n a los municipios y tensiona las finanzas provinciales.<\/strong><\/p>\n\n\n\n<p>El freno del consumo empieza a reflejarse con fuerza en las cuentas p\u00fablicas de La Pampa. Solo en enero y febrero, la Provincia resign\u00f3 $18.328 millones en transferencias autom\u00e1ticas desde la Naci\u00f3n, de acuerdo con un informe difundido por el diputado de Uni\u00f3n por la Patria Guillermo Michel.<\/p>\n\n\n\n<p>En febrero, la merma rond\u00f3 los $9 mil millones, cifra similar a la registrada el mes anterior. El dato cobra dimensi\u00f3n si se lo compara con compromisos estructurales del Estado provincial: el monto perdido equivale a casi la mitad del medio aguinaldo de los empleados p\u00fablicos, estimado en unos $35 mil millones.<\/p>\n\n\n\n<h3 class=\"wp-block-heading\">IVA en retroceso, coparticipaci\u00f3n en baja<\/h3>\n\n\n\n<p>El principal factor detr\u00e1s del recorte es la ca\u00edda en la recaudaci\u00f3n del Impuesto al Valor Agregado (IVA), uno de los tributos que m\u00e1s aporta al esquema de coparticipaci\u00f3n federal. Cuando el consumo se contrae, el IVA disminuye y, en consecuencia, se reducen los fondos que la Naci\u00f3n distribuye a las provincias.<\/p>\n\n\n\n<p>Seg\u00fan el mismo reporte, en el primer bimestre las jurisdicciones provinciales en su conjunto dejaron de percibir cerca de un bill\u00f3n de pesos por la ca\u00edda de ingresos nacionales.<\/p>\n\n\n\n<h3 class=\"wp-block-heading\">Efecto en cadena<\/h3>\n\n\n\n<p>En La Pampa, el impacto no se limita a la administraci\u00f3n central. Parte de esos recursos se redistribuye entre unas 80 localidades, por lo que la disminuci\u00f3n tambi\u00e9n compromete las finanzas municipales.<\/p>\n\n\n\n<p>A ese escenario se suma otro componente: la retracci\u00f3n real de los impuestos provinciales y de las tasas locales, tambi\u00e9n vinculada al menor nivel de actividad. El resultado es una presi\u00f3n simult\u00e1nea sobre ingresos y obligaciones.<\/p>\n\n\n\n<p>Porque mientras la recaudaci\u00f3n se achica, el gasto estructural permanece: salarios, servicios esenciales, insumos, programas sociales, compromisos con proveedores y obras en ejecuci\u00f3n contin\u00faan demandando recursos.<\/p>\n\n\n\n<h3 class=\"wp-block-heading\">Un contexto nacional adverso<\/h3>\n\n\n\n<p>El panorama fiscal a nivel pa\u00eds tampoco ofrece se\u00f1ales de alivio inmediato. De acuerdo con datos oficiales, la recaudaci\u00f3n real cay\u00f3 7,6% en enero y 9,7% en febrero, lo que redujo tanto los ingresos de la Naci\u00f3n como los montos transferidos autom\u00e1ticamente a las provincias.<\/p>\n\n\n\n<p>En ese marco, el desaf\u00edo para La Pampa ser\u00e1 sostener el equilibrio financiero en un contexto de menor actividad econ\u00f3mica y menor flujo de fondos. La desaceleraci\u00f3n ya dej\u00f3 huella en las arcas p\u00fablicas y obliga a recalibrar la gesti\u00f3n.<\/p>\n<div class=\"sharedaddy sd-sharing-enabled\"><div class=\"robots-nocontent sd-block sd-social sd-social-icon sd-sharing\"><h3 class=\"sd-title\">Comparte esto:<\/h3><div class=\"sd-content\"><ul><li class=\"share-twitter\"><a rel=\"nofollow noopener noreferrer\" data-shared=\"sharing-twitter-48230\" class=\"share-twitter sd-button share-icon no-text\" href=\"http:\/\/www.rtvnoticias.com.ar\/?p=48230&amp;share=twitter\" target=\"_blank\" title=\"Haz clic para compartir en Twitter\"><span><\/span><span class=\"sharing-screen-reader-text\">Haz clic para compartir en Twitter (Se abre en una ventana nueva)<\/span><\/a><\/li><li class=\"share-facebook\"><a rel=\"nofollow noopener noreferrer\" data-shared=\"sharing-facebook-48230\" class=\"share-facebook sd-button share-icon no-text\" href=\"http:\/\/www.rtvnoticias.com.ar\/?p=48230&amp;share=facebook\" target=\"_blank\" title=\"Haz clic para compartir en Facebook\"><span><\/span><span class=\"sharing-screen-reader-text\">Haz clic para compartir en Facebook (Se abre en una ventana nueva)<\/span><\/a><\/li><li class=\"share-jetpack-whatsapp\"><a rel=\"nofollow noopener noreferrer\" data-shared=\"\" class=\"share-jetpack-whatsapp sd-button share-icon no-text\" href=\"http:\/\/www.rtvnoticias.com.ar\/?p=48230&amp;share=jetpack-whatsapp\" target=\"_blank\" title=\"Haz clic para compartir en WhatsApp\"><span><\/span><span class=\"sharing-screen-reader-text\">Haz clic para compartir en WhatsApp (Se abre en una ventana nueva)<\/span><\/a><\/li><li class=\"share-telegram\"><a rel=\"nofollow noopener noreferrer\" data-shared=\"\" class=\"share-telegram sd-button share-icon no-text\" href=\"http:\/\/www.rtvnoticias.com.ar\/?p=48230&amp;share=telegram\" target=\"_blank\" title=\"Haz clic para compartir en Telegram\"><span><\/span><span class=\"sharing-screen-reader-text\">Haz clic para compartir en Telegram (Se abre en una ventana nueva)<\/span><\/a><\/li><li class=\"share-end\"><\/li><\/ul><\/div><\/div><\/div>","protected":false},"excerpt":{"rendered":"<p>La merma en la recaudaci\u00f3n del IVA redujo los env\u00edos por coparticipaci\u00f3n. El impacto alcanza tambi\u00e9n a los municipios y tensiona las finanzas provinciales. El<\/p>\n<div class=\"sharedaddy sd-sharing-enabled\"><div class=\"robots-nocontent sd-block sd-social sd-social-icon sd-sharing\"><h3 class=\"sd-title\">Comparte esto:<\/h3><div class=\"sd-content\"><ul><li class=\"share-twitter\"><a rel=\"nofollow noopener noreferrer\" data-shared=\"sharing-twitter-48230\" class=\"share-twitter sd-button share-icon no-text\" href=\"http:\/\/www.rtvnoticias.com.ar\/?p=48230&amp;share=twitter\" target=\"_blank\" title=\"Haz clic para compartir en Twitter\"><span><\/span><span class=\"sharing-screen-reader-text\">Haz clic para compartir en Twitter (Se abre en una ventana nueva)<\/span><\/a><\/li><li class=\"share-facebook\"><a rel=\"nofollow noopener noreferrer\" data-shared=\"sharing-facebook-48230\" class=\"share-facebook sd-button share-icon no-text\" href=\"http:\/\/www.rtvnoticias.com.ar\/?p=48230&amp;share=facebook\" target=\"_blank\" title=\"Haz clic para compartir en Facebook\"><span><\/span><span class=\"sharing-screen-reader-text\">Haz clic para compartir en Facebook (Se abre en una ventana nueva)<\/span><\/a><\/li><li class=\"share-jetpack-whatsapp\"><a rel=\"nofollow noopener noreferrer\" data-shared=\"\" class=\"share-jetpack-whatsapp sd-button share-icon no-text\" href=\"http:\/\/www.rtvnoticias.com.ar\/?p=48230&amp;share=jetpack-whatsapp\" target=\"_blank\" title=\"Haz clic para compartir en WhatsApp\"><span><\/span><span class=\"sharing-screen-reader-text\">Haz clic para compartir en WhatsApp (Se abre en una ventana nueva)<\/span><\/a><\/li><li class=\"share-telegram\"><a rel=\"nofollow noopener noreferrer\" data-shared=\"\" class=\"share-telegram sd-button share-icon no-text\" href=\"http:\/\/www.rtvnoticias.com.ar\/?p=48230&amp;share=telegram\" target=\"_blank\" title=\"Haz clic para compartir en Telegram\"><span><\/span><span class=\"sharing-screen-reader-text\">Haz clic para compartir en Telegram (Se abre en una ventana nueva)<\/span><\/a><\/li><li class=\"share-end\"><\/li><\/ul><\/div><\/div><\/div>","protected":false},"author":7,"featured_media":40696,"comment_status":"closed","ping_status":"closed","sticky":false,"template":"","format":"standard","meta":{"spay_email":"","jetpack_publicize_message":"","jetpack_is_tweetstorm":false,"jetpack_publicize_feature_enabled":true},"categories":[4],"tags":[],"jetpack_featured_media_url":"http:\/\/www.rtvnoticias.com.ar\/wp-content\/uploads\/2024\/04\/casadegobierno2023-12-1170x756-1.jpg","jetpack_publicize_connections":[],"jetpack_sharing_enabled":true,"_links":{"self":[{"href":"http:\/\/www.rtvnoticias.com.ar\/index.php?rest_route=\/wp\/v2\/posts\/48230"}],"collection":[{"href":"http:\/\/www.rtvnoticias.com.ar\/index.php?rest_route=\/wp\/v2\/posts"}],"about":[{"href":"http:\/\/www.rtvnoticias.com.ar\/index.php?rest_route=\/wp\/v2\/types\/post"}],"author":[{"embeddable":true,"href":"http:\/\/www.rtvnoticias.com.ar\/index.php?rest_route=\/wp\/v2\/users\/7"}],"replies":[{"embeddable":true,"href":"http:\/\/www.rtvnoticias.com.ar\/index.php?rest_route=%2Fwp%2Fv2%2Fcomments&post=48230"}],"version-history":[{"count":1,"href":"http:\/\/www.rtvnoticias.com.ar\/index.php?rest_route=\/wp\/v2\/posts\/48230\/revisions"}],"predecessor-version":[{"id":48231,"href":"http:\/\/www.rtvnoticias.com.ar\/index.php?rest_route=\/wp\/v2\/posts\/48230\/revisions\/48231"}],"wp:featuredmedia":[{"embeddable":true,"href":"http:\/\/www.rtvnoticias.com.ar\/index.php?rest_route=\/wp\/v2\/media\/40696"}],"wp:attachment":[{"href":"http:\/\/www.rtvnoticias.com.ar\/index.php?rest_route=%2Fwp%2Fv2%2Fmedia&parent=48230"}],"wp:term":[{"taxonomy":"category","embeddable":true,"href":"http:\/\/www.rtvnoticias.com.ar\/index.php?rest_route=%2Fwp%2Fv2%2Fcategories&post=48230"},{"taxonomy":"post_tag","embeddable":true,"href":"http:\/\/www.rtvnoticias.com.ar\/index.php?rest_route=%2Fwp%2Fv2%2Ftags&post=48230"}],"curies":[{"name":"wp","href":"https:\/\/api.w.org\/{rel}","templated":true}]}}