{"id":48235,"date":"2026-03-05T07:20:00","date_gmt":"2026-03-05T10:20:00","guid":{"rendered":"http:\/\/www.rtvnoticias.com.ar\/?p=48235"},"modified":"2026-03-04T21:25:18","modified_gmt":"2026-03-05T00:25:18","slug":"quemu-quemu-se-convierte-en-escenario-de-un-observatorio-de-aves","status":"publish","type":"post","link":"http:\/\/www.rtvnoticias.com.ar\/?p=48235","title":{"rendered":"Quem\u00fa Quem\u00fa se convierte en escenario de un observatorio de aves"},"content":{"rendered":"\n<p>Este viernes, desde las 19:00, Quem\u00fa Quem\u00fa se convertir\u00e1 en escenario de un observatorio de aves que acercar\u00e1 a la comunidad y visitantes a rutas de avistamiento, charlas y recomendaciones para la conservaci\u00f3n de los humedales y bosques locales.<\/p>\n\n\n\n<p>La localidad de Quem\u00fa Quem\u00fa se prepara para recibir a amantes de la naturaleza y curiosos en general con la llegada de un observatorio de aves que se instalar\u00e1 este pr\u00f3ximo viernes, a partir de las 19:00.<\/p>\n\n\n\n<p>Durante la jornada, vecinos y visitantes tendr\u00e1n la oportunidad de recorrer rutas tem\u00e1ticas, aprender a identificar aves aut\u00f3ctonas y migratorias, y participar en charlas cortas a cargo de especialistas en ornitolog\u00eda local. El evento busca fomentar la observaci\u00f3n responsable en un entorno natural que se revela en su mejor momento al caer la tarde.<\/p>\n\n\n\n<p>La actividad comenzar\u00e1 el viernes en el Complejo de Oficinas (French 238) con una charla obligatoria y explicativa sobre la actividad, a cargo del gu\u00eda Marcelo Dolsan, donde se har\u00e1 referencia tambi\u00e9n al uso de binoculares y gu\u00edas de aves. Tambi\u00e9n se podr\u00e1 disfrutar de una proyecci\u00f3n de fotograf\u00edas.<\/p>\n\n\n\n<p>Mientras que el s\u00e1bado, desde las 9:00, la actividad de avistaje comenzar\u00e1 en el Club de Pesca \u201cKem Kem Lauquen\u201d. El Observatorio de aves en el predio y la laguna estar\u00e1 a cargo del gu\u00eda Marcelo Dolsan; y la actividad de senderismo, a cargo de Susana S\u00e1nchez.<\/p>\n\n\n\n<p>La jornada se present\u00f3 esta ma\u00f1ana en la Secretar\u00eda de Turismo de la Provincia, con la presencia del titular del \u00e1rea Sa\u00fal Echeveste; directora de Desarrollo de la Oferta Tur\u00edstica, Florencia Stefanazzi; y referentes de turismo de la localidad.<\/p>\n\n\n\n<p>Echeveste remarc\u00f3 que \u201ces una actividad sustentable, es educaci\u00f3n ambiental y cada persona que llega con los binoculares o con su c\u00e1mara, no solo llega a la localidad o al evento a registrar una foto, sino realmente a vivir una experiencia y a conocer nuestra biodiversidad.\u201d<\/p>\n\n\n\n<p>\u201cCon esta actividad vemos el resultado de un trabajo en conjunto y articulado entre esta Secretar\u00eda de Turismo, la Secretar\u00eda de Cultura, el municipio y los prestadores tur\u00edsticos, de poder llevar adelante actividades que nos permitan conocer un poco m\u00e1s de la localidad y de la regi\u00f3n\u201d, agreg\u00f3.<\/p>\n\n\n\n<p>Mientras que Stefanazzi tambi\u00e9n afirm\u00f3 que \u201cesta actividad de avistaje de aves no es solo una actividad, sino es una experiencia tur\u00edstica. Invitamos a toda la comunidad y de los pueblos de los alrededores a sumarse a esta experiencia, ya que vamos a contar en esta oportunidad con el gu\u00eda Marcelo Dolsan, especialista en aves y gu\u00eda de naturaleza\u201d.<\/p>\n\n\n\n<p>\u201cLos esperamos a todos, La Pampa es propicia para hacer este tipo de actividades, contamos con los recursos para hacer turismo de naturaleza, as\u00ed que bienvenidos sean todo este tipo de actividades\u201d, concluy\u00f3.<\/p>\n<div class=\"sharedaddy sd-sharing-enabled\"><div class=\"robots-nocontent sd-block sd-social sd-social-icon sd-sharing\"><h3 class=\"sd-title\">Comparte esto:<\/h3><div class=\"sd-content\"><ul><li class=\"share-twitter\"><a rel=\"nofollow noopener noreferrer\" data-shared=\"sharing-twitter-48235\" class=\"share-twitter sd-button share-icon no-text\" href=\"http:\/\/www.rtvnoticias.com.ar\/?p=48235&amp;share=twitter\" target=\"_blank\" title=\"Haz clic para compartir en Twitter\"><span><\/span><span class=\"sharing-screen-reader-text\">Haz clic para compartir en Twitter (Se abre en una ventana nueva)<\/span><\/a><\/li><li class=\"share-facebook\"><a rel=\"nofollow noopener noreferrer\" data-shared=\"sharing-facebook-48235\" class=\"share-facebook sd-button share-icon no-text\" href=\"http:\/\/www.rtvnoticias.com.ar\/?p=48235&amp;share=facebook\" target=\"_blank\" title=\"Haz clic para compartir en Facebook\"><span><\/span><span class=\"sharing-screen-reader-text\">Haz clic para compartir en Facebook (Se abre en una ventana nueva)<\/span><\/a><\/li><li class=\"share-jetpack-whatsapp\"><a rel=\"nofollow noopener noreferrer\" data-shared=\"\" class=\"share-jetpack-whatsapp sd-button share-icon no-text\" href=\"http:\/\/www.rtvnoticias.com.ar\/?p=48235&amp;share=jetpack-whatsapp\" target=\"_blank\" title=\"Haz clic para compartir en WhatsApp\"><span><\/span><span class=\"sharing-screen-reader-text\">Haz clic para compartir en WhatsApp (Se abre en una ventana nueva)<\/span><\/a><\/li><li class=\"share-telegram\"><a rel=\"nofollow noopener noreferrer\" data-shared=\"\" class=\"share-telegram sd-button share-icon no-text\" href=\"http:\/\/www.rtvnoticias.com.ar\/?p=48235&amp;share=telegram\" target=\"_blank\" title=\"Haz clic para compartir en Telegram\"><span><\/span><span class=\"sharing-screen-reader-text\">Haz clic para compartir en Telegram (Se abre en una ventana nueva)<\/span><\/a><\/li><li class=\"share-end\"><\/li><\/ul><\/div><\/div><\/div>","protected":false},"excerpt":{"rendered":"<p>Este viernes, desde las 19:00, Quem\u00fa Quem\u00fa se convertir\u00e1 en escenario de un observatorio de aves que acercar\u00e1 a la comunidad y visitantes a rutas<\/p>\n<div class=\"sharedaddy sd-sharing-enabled\"><div class=\"robots-nocontent sd-block sd-social sd-social-icon sd-sharing\"><h3 class=\"sd-title\">Comparte esto:<\/h3><div class=\"sd-content\"><ul><li class=\"share-twitter\"><a rel=\"nofollow noopener noreferrer\" data-shared=\"sharing-twitter-48235\" class=\"share-twitter sd-button share-icon no-text\" href=\"http:\/\/www.rtvnoticias.com.ar\/?p=48235&amp;share=twitter\" target=\"_blank\" title=\"Haz clic para compartir en Twitter\"><span><\/span><span class=\"sharing-screen-reader-text\">Haz clic para compartir en Twitter (Se abre en una ventana nueva)<\/span><\/a><\/li><li class=\"share-facebook\"><a rel=\"nofollow noopener noreferrer\" data-shared=\"sharing-facebook-48235\" class=\"share-facebook sd-button share-icon no-text\" href=\"http:\/\/www.rtvnoticias.com.ar\/?p=48235&amp;share=facebook\" target=\"_blank\" title=\"Haz clic para compartir en Facebook\"><span><\/span><span class=\"sharing-screen-reader-text\">Haz clic para compartir en Facebook (Se abre en una ventana nueva)<\/span><\/a><\/li><li class=\"share-jetpack-whatsapp\"><a rel=\"nofollow noopener noreferrer\" data-shared=\"\" class=\"share-jetpack-whatsapp sd-button share-icon no-text\" href=\"http:\/\/www.rtvnoticias.com.ar\/?p=48235&amp;share=jetpack-whatsapp\" target=\"_blank\" title=\"Haz clic para compartir en WhatsApp\"><span><\/span><span class=\"sharing-screen-reader-text\">Haz clic para compartir en WhatsApp (Se abre en una ventana nueva)<\/span><\/a><\/li><li class=\"share-telegram\"><a rel=\"nofollow noopener noreferrer\" data-shared=\"\" class=\"share-telegram sd-button share-icon no-text\" href=\"http:\/\/www.rtvnoticias.com.ar\/?p=48235&amp;share=telegram\" target=\"_blank\" title=\"Haz clic para compartir en Telegram\"><span><\/span><span class=\"sharing-screen-reader-text\">Haz clic para compartir en Telegram (Se abre en una ventana nueva)<\/span><\/a><\/li><li class=\"share-end\"><\/li><\/ul><\/div><\/div><\/div>","protected":false},"author":5,"featured_media":48236,"comment_status":"closed","ping_status":"closed","sticky":false,"template":"","format":"standard","meta":{"spay_email":"","jetpack_publicize_message":"","jetpack_is_tweetstorm":false,"jetpack_publicize_feature_enabled":true},"categories":[4],"tags":[5817],"jetpack_featured_media_url":"http:\/\/www.rtvnoticias.com.ar\/wp-content\/uploads\/2026\/03\/aves-quemu.jpg","jetpack_publicize_connections":[],"jetpack_sharing_enabled":true,"_links":{"self":[{"href":"http:\/\/www.rtvnoticias.com.ar\/index.php?rest_route=\/wp\/v2\/posts\/48235"}],"collection":[{"href":"http:\/\/www.rtvnoticias.com.ar\/index.php?rest_route=\/wp\/v2\/posts"}],"about":[{"href":"http:\/\/www.rtvnoticias.com.ar\/index.php?rest_route=\/wp\/v2\/types\/post"}],"author":[{"embeddable":true,"href":"http:\/\/www.rtvnoticias.com.ar\/index.php?rest_route=\/wp\/v2\/users\/5"}],"replies":[{"embeddable":true,"href":"http:\/\/www.rtvnoticias.com.ar\/index.php?rest_route=%2Fwp%2Fv2%2Fcomments&post=48235"}],"version-history":[{"count":1,"href":"http:\/\/www.rtvnoticias.com.ar\/index.php?rest_route=\/wp\/v2\/posts\/48235\/revisions"}],"predecessor-version":[{"id":48237,"href":"http:\/\/www.rtvnoticias.com.ar\/index.php?rest_route=\/wp\/v2\/posts\/48235\/revisions\/48237"}],"wp:featuredmedia":[{"embeddable":true,"href":"http:\/\/www.rtvnoticias.com.ar\/index.php?rest_route=\/wp\/v2\/media\/48236"}],"wp:attachment":[{"href":"http:\/\/www.rtvnoticias.com.ar\/index.php?rest_route=%2Fwp%2Fv2%2Fmedia&parent=48235"}],"wp:term":[{"taxonomy":"category","embeddable":true,"href":"http:\/\/www.rtvnoticias.com.ar\/index.php?rest_route=%2Fwp%2Fv2%2Fcategories&post=48235"},{"taxonomy":"post_tag","embeddable":true,"href":"http:\/\/www.rtvnoticias.com.ar\/index.php?rest_route=%2Fwp%2Fv2%2Ftags&post=48235"}],"curies":[{"name":"wp","href":"https:\/\/api.w.org\/{rel}","templated":true}]}}