{"id":48243,"date":"2026-03-05T20:22:20","date_gmt":"2026-03-05T23:22:20","guid":{"rendered":"http:\/\/www.rtvnoticias.com.ar\/?p=48243"},"modified":"2026-03-05T20:22:25","modified_gmt":"2026-03-05T23:22:25","slug":"convocan-a-proyectos-para-el-parque-agroalimentario-de-santa-rosa","status":"publish","type":"post","link":"http:\/\/www.rtvnoticias.com.ar\/?p=48243","title":{"rendered":"Convocan a proyectos para el Parque Agroalimentario de Santa Rosa"},"content":{"rendered":"\n<p>La Provincia abri\u00f3 una convocatoria para nuevos proyectos en la Sala de elaboraci\u00f3n de alimentos y dep\u00f3sitos del Parque Agroalimentario de Santa Rosa. El Gobierno de La Pampa present\u00f3 una nueva convocatoria para la radicaci\u00f3n de proyectos en el Parque Agroalimentario de Santa Rosa, poniendo nuevamente a disposici\u00f3n infraestructura destinada al procesamiento de alimentos y actividades vinculadas a la cadena agroalimentaria. La iniciativa se inscribe en el proceso de expansi\u00f3n del Parque anunciado por el gobernador Sergio Ziliotto el pasado 1 de marzo en la apertura de las sesiones ordinarias de la C\u00e1mara de Diputados.<\/p>\n\n\n\n<p>La presentaci\u00f3n fue encabezado por el gobernador Sergio Ziliotto, junto al intendente de Santa Rosa, Luciando di N\u00e1poli, la ministra de la Producci\u00f3n, Fernanda Gonz\u00e1lez e integrantes de esa cartera.<br>El mandatario destac\u00f3 la importancia de la \u201calianza entre lo p\u00fablico y lo privado\u201d y sostuvo que la gesti\u00f3n de Gobierno debe construirse \u201ca partir de conocer las necesidades de quienes conviven con los problemas y buscan alternativas para resolverlos\u201d, con el objetivo de fortalecer el esquema productivo y preservar el empleo registrado.<\/p>\n\n\n\n<p>Explic\u00f3 que el encuentro con integrantes del sector productivo privado se inscribe en los lineamientos planteados durante la apertura del per\u00edodo legislativo, donde defini\u00f3 que \u201cla producci\u00f3n, el agregado de valor y la generaci\u00f3n de trabajo constituyen la principal pol\u00edtica del Gobierno provincial para el desarrollo de La Pampa\u201d.<\/p>\n\n\n\n<p>En ese sentido, remarc\u00f3 que el modelo de gesti\u00f3n pampeano se encuentra \u201cen las ant\u00edpodas del modelo de especulaci\u00f3n financiera\u201d.<\/p>\n\n\n\n<p>\u201cSiempre hemos trabajado en la promoci\u00f3n de la producci\u00f3n. Esta actividad tiene que ver con c\u00f3mo facilitamos la tarea diaria de quienes arriesgan para generar valor agregado, potenciar la actividad econ\u00f3mica y el consumo en La Pampa\u201d, se\u00f1al\u00f3.<\/p>\n\n\n\n<p>Ziliotto ratific\u00f3 que se trabaja en un esquema de ampliaci\u00f3n del Parque Agroalimentario provincial. \u201cPara eso necesitamos dimensionar la demanda y as\u00ed proyectar la inversi\u00f3n p\u00fablica en log\u00edstica, adem\u00e1s de definir de qu\u00e9 manera ponemos a disposici\u00f3n distintas herramientas de financiamiento a trav\u00e9s de incentivos fiscales\u201d, explic\u00f3.<\/p>\n\n\n\n<p>En esa l\u00ednea, record\u00f3 que el Gobierno provincial tom\u00f3 la decisi\u00f3n de que todas las l\u00edneas vinculadas a la inversi\u00f3n productiva est\u00e9n exentas de carga tributaria. \u201cNo pagan Ingresos Brutos ni Sellos, lo que permite reducir el costo financiero en un 10%\u201d, indic\u00f3.<\/p>\n\n\n\n<p>El Gobernador sostuvo que este alivio financiero tambi\u00e9n requiere \u201cuna mirada colectiva\u201d que permita que el sistema financiero adecue las tasas a la realidad del sector productivo. \u201cNecesitamos que las empresas puedan financiarse y no a tasas que, en muchos casos, representan entre un 60 y un 70% por encima de la inversi\u00f3n\u201d, advirti\u00f3.<\/p>\n\n\n\n<p>\u201cValoramos mucho el esfuerzo que ustedes hacen invirtiendo en producir y agregar valor, en lugar de volcarse a la especulaci\u00f3n financiera\u201d, expres\u00f3 ante representantes del sector privado.<\/p>\n\n\n\n<p>Finalmente, Ziliotto reafirm\u00f3 el compromiso del Gobierno provincial de acompa\u00f1ar el desarrollo productivo. \u201cQueremos dar respuesta a cada demanda, pero necesitamos dimensionarla para seguir ampliando el Parque Agroalimentario, la infraestructura y los servicios\u201d, se\u00f1al\u00f3.<\/p>\n\n\n\n<p>Y concluy\u00f3: \u201ctenemos herramientas para avanzar en un esquema de crecimiento y desarrollo que necesariamente requiere del trabajo conjunto entre el sector privado y el p\u00fablico\u201d.<\/p>\n\n\n\n<p><strong>La convocatoria<\/strong><\/p>\n\n\n\n<p>La convocatoria comprende una sala de procesado de alimentos y dos dep\u00f3sitos, que vuelven a abrirse a nuevas iniciativas empresariales interesadas en desarrollar proyectos de elaboraci\u00f3n, procesamiento, almacenamiento o log\u00edstica de productos alimentarios.<\/p>\n\n\n\n<p>La misma, abri\u00f3 el 5 de marzo de 2026 y prev\u00e9 una primera instancia de evaluaci\u00f3n 30 d\u00edas despu\u00e9s de su apertura.<\/p>\n\n\n\n<p>Desde el Ministerio de la Producci\u00f3n se\u00f1alaron que la iniciativa forma parte de una pol\u00edtica sostenida de puesta en valor y aprovechamiento de la infraestructura productiva p\u00fablica, orientada a acompa\u00f1ar el crecimiento del entramado agroindustrial pampeano. Expansi\u00f3n del Parque Agroalimentario La convocatoria se inscribe en el proceso de expansi\u00f3n del Parque Agroalimentario de Santa Rosa anunciado por el gobernador Sergio Ziliotto el pasado 1\u00b0 de marzo, durante su mensaje de apertura del per\u00edodo ordinario de sesiones de la Legislatura Provincial.<\/p>\n\n\n\n<p>En aquella oportunidad, el mandatario adelant\u00f3 que la Provincia avanzar\u00e1 en incrementar la superficie disponible del Parque para acompa\u00f1ar la creciente demanda de proyectos productivos vinculados al sector alimentario.<\/p>\n\n\n\n<p>En ese marco, la reapertura de esta infraestructura constituye una etapa m\u00e1s dentro de una estrategia que busca optimizar el uso de las instalaciones existentes mientras se avanza en la ampliaci\u00f3n del Parque y en el crecimiento de las empresas radicadas. Infraestructura disponible Las unidades funcionales incluidas en la convocatoria comprenden:<\/p>\n\n\n\n<p>Una Sala de Procesado de Alimentos, con una superficie aproximada de 1.046 metros cuadrados, que cuenta con \u00e1rea productiva, oficinas, vestuarios y pasarela vidriada en planta alta; un dep\u00f3sito de gran escala de aproximadamente 770 metros cuadrados; un dep\u00f3sito de menor escala de alrededor de 440 metros cuadrados, ambos con una altura libre cercana a los seis metros.<\/p>\n\n\n\n<p>La convocatoria contempla distintas modalidades de adjudicaci\u00f3n, entre ellas compra directa, alquiler y alquiler con opci\u00f3n a compra, incorporadas recientemente en la normativa para ampliar las alternativas de acceso a esta infraestructura productiva. Inter\u00e9s del sector productivo.<\/p>\n\n\n\n<p>La presentaci\u00f3n de la convocatoria cont\u00f3 con la participaci\u00f3n del intendente de Santa Rosa, funcionarios del Ministerio de la Producci\u00f3n, representantes de entidades empresariales y emprendedores vinculados a distintos rubros de la cadena alimentaria, entre ellos elaboraci\u00f3n de alimentos preparados, panificados, procesamiento de carnes, producci\u00f3n de bebidas, log\u00edstica alimentaria y servicios vinculados al sector gastron\u00f3mico.<\/p>\n\n\n\n<p>Producci\u00f3n y agregado de valor El Parque Agroalimentario de Santa Rosa constituye una de las principales herramientas provinciales para promover el agregado de valor en origen y fortalecer la industrializaci\u00f3n de la producci\u00f3n primaria pampeana.<\/p>\n\n\n\n<p>A trav\u00e9s de esta convocatoria, el Gobierno provincial contin\u00faa generando condiciones para que m\u00e1s empresas puedan invertir, crecer y generar empleo en la Provincia, consolidando un modelo de desarrollo basado en la producci\u00f3n y el trabajo.<\/p>\n\n\n\n<p>Las personas interesadas en postularse u obtener mayor informaci\u00f3n, pueden comunicarse a la Direcci\u00f3n de Desarrollo Industrial v\u00eda correo electr\u00f3nico, desarrolloindustrial@lapampa.gob.ar o mediante WhatsApp al 2954 552458.<\/p>\n<div class=\"sharedaddy sd-sharing-enabled\"><div class=\"robots-nocontent sd-block sd-social sd-social-icon sd-sharing\"><h3 class=\"sd-title\">Comparte esto:<\/h3><div class=\"sd-content\"><ul><li class=\"share-twitter\"><a rel=\"nofollow noopener noreferrer\" data-shared=\"sharing-twitter-48243\" class=\"share-twitter sd-button share-icon no-text\" href=\"http:\/\/www.rtvnoticias.com.ar\/?p=48243&amp;share=twitter\" target=\"_blank\" title=\"Haz clic para compartir en Twitter\"><span><\/span><span class=\"sharing-screen-reader-text\">Haz clic para compartir en Twitter (Se abre en una ventana nueva)<\/span><\/a><\/li><li class=\"share-facebook\"><a rel=\"nofollow noopener noreferrer\" data-shared=\"sharing-facebook-48243\" class=\"share-facebook sd-button share-icon no-text\" href=\"http:\/\/www.rtvnoticias.com.ar\/?p=48243&amp;share=facebook\" target=\"_blank\" title=\"Haz clic para compartir en Facebook\"><span><\/span><span class=\"sharing-screen-reader-text\">Haz clic para compartir en Facebook (Se abre en una ventana nueva)<\/span><\/a><\/li><li class=\"share-jetpack-whatsapp\"><a rel=\"nofollow noopener noreferrer\" data-shared=\"\" class=\"share-jetpack-whatsapp sd-button share-icon no-text\" href=\"http:\/\/www.rtvnoticias.com.ar\/?p=48243&amp;share=jetpack-whatsapp\" target=\"_blank\" title=\"Haz clic para compartir en WhatsApp\"><span><\/span><span class=\"sharing-screen-reader-text\">Haz clic para compartir en WhatsApp (Se abre en una ventana nueva)<\/span><\/a><\/li><li class=\"share-telegram\"><a rel=\"nofollow noopener noreferrer\" data-shared=\"\" class=\"share-telegram sd-button share-icon no-text\" href=\"http:\/\/www.rtvnoticias.com.ar\/?p=48243&amp;share=telegram\" target=\"_blank\" title=\"Haz clic para compartir en Telegram\"><span><\/span><span class=\"sharing-screen-reader-text\">Haz clic para compartir en Telegram (Se abre en una ventana nueva)<\/span><\/a><\/li><li class=\"share-end\"><\/li><\/ul><\/div><\/div><\/div>","protected":false},"excerpt":{"rendered":"<p>La Provincia abri\u00f3 una convocatoria para nuevos proyectos en la Sala de elaboraci\u00f3n de alimentos y dep\u00f3sitos del Parque Agroalimentario de Santa Rosa. El Gobierno<\/p>\n<div class=\"sharedaddy sd-sharing-enabled\"><div class=\"robots-nocontent sd-block sd-social sd-social-icon sd-sharing\"><h3 class=\"sd-title\">Comparte esto:<\/h3><div class=\"sd-content\"><ul><li class=\"share-twitter\"><a rel=\"nofollow noopener noreferrer\" data-shared=\"sharing-twitter-48243\" class=\"share-twitter sd-button share-icon no-text\" href=\"http:\/\/www.rtvnoticias.com.ar\/?p=48243&amp;share=twitter\" target=\"_blank\" title=\"Haz clic para compartir en Twitter\"><span><\/span><span class=\"sharing-screen-reader-text\">Haz clic para compartir en Twitter (Se abre en una ventana nueva)<\/span><\/a><\/li><li class=\"share-facebook\"><a rel=\"nofollow noopener noreferrer\" data-shared=\"sharing-facebook-48243\" class=\"share-facebook sd-button share-icon no-text\" href=\"http:\/\/www.rtvnoticias.com.ar\/?p=48243&amp;share=facebook\" target=\"_blank\" title=\"Haz clic para compartir en Facebook\"><span><\/span><span class=\"sharing-screen-reader-text\">Haz clic para compartir en Facebook (Se abre en una ventana nueva)<\/span><\/a><\/li><li class=\"share-jetpack-whatsapp\"><a rel=\"nofollow noopener noreferrer\" data-shared=\"\" class=\"share-jetpack-whatsapp sd-button share-icon no-text\" href=\"http:\/\/www.rtvnoticias.com.ar\/?p=48243&amp;share=jetpack-whatsapp\" target=\"_blank\" title=\"Haz clic para compartir en WhatsApp\"><span><\/span><span class=\"sharing-screen-reader-text\">Haz clic para compartir en WhatsApp (Se abre en una ventana nueva)<\/span><\/a><\/li><li class=\"share-telegram\"><a rel=\"nofollow noopener noreferrer\" data-shared=\"\" class=\"share-telegram sd-button share-icon no-text\" href=\"http:\/\/www.rtvnoticias.com.ar\/?p=48243&amp;share=telegram\" target=\"_blank\" title=\"Haz clic para compartir en Telegram\"><span><\/span><span class=\"sharing-screen-reader-text\">Haz clic para compartir en Telegram (Se abre en una ventana nueva)<\/span><\/a><\/li><li class=\"share-end\"><\/li><\/ul><\/div><\/div><\/div>","protected":false},"author":5,"featured_media":48244,"comment_status":"closed","ping_status":"closed","sticky":false,"template":"","format":"standard","meta":{"spay_email":"","jetpack_publicize_message":"","jetpack_is_tweetstorm":false,"jetpack_publicize_feature_enabled":true},"categories":[4],"tags":[5819],"jetpack_featured_media_url":"http:\/\/www.rtvnoticias.com.ar\/wp-content\/uploads\/2026\/03\/ziliotto-produccion.jpg","jetpack_publicize_connections":[],"jetpack_sharing_enabled":true,"_links":{"self":[{"href":"http:\/\/www.rtvnoticias.com.ar\/index.php?rest_route=\/wp\/v2\/posts\/48243"}],"collection":[{"href":"http:\/\/www.rtvnoticias.com.ar\/index.php?rest_route=\/wp\/v2\/posts"}],"about":[{"href":"http:\/\/www.rtvnoticias.com.ar\/index.php?rest_route=\/wp\/v2\/types\/post"}],"author":[{"embeddable":true,"href":"http:\/\/www.rtvnoticias.com.ar\/index.php?rest_route=\/wp\/v2\/users\/5"}],"replies":[{"embeddable":true,"href":"http:\/\/www.rtvnoticias.com.ar\/index.php?rest_route=%2Fwp%2Fv2%2Fcomments&post=48243"}],"version-history":[{"count":1,"href":"http:\/\/www.rtvnoticias.com.ar\/index.php?rest_route=\/wp\/v2\/posts\/48243\/revisions"}],"predecessor-version":[{"id":48245,"href":"http:\/\/www.rtvnoticias.com.ar\/index.php?rest_route=\/wp\/v2\/posts\/48243\/revisions\/48245"}],"wp:featuredmedia":[{"embeddable":true,"href":"http:\/\/www.rtvnoticias.com.ar\/index.php?rest_route=\/wp\/v2\/media\/48244"}],"wp:attachment":[{"href":"http:\/\/www.rtvnoticias.com.ar\/index.php?rest_route=%2Fwp%2Fv2%2Fmedia&parent=48243"}],"wp:term":[{"taxonomy":"category","embeddable":true,"href":"http:\/\/www.rtvnoticias.com.ar\/index.php?rest_route=%2Fwp%2Fv2%2Fcategories&post=48243"},{"taxonomy":"post_tag","embeddable":true,"href":"http:\/\/www.rtvnoticias.com.ar\/index.php?rest_route=%2Fwp%2Fv2%2Ftags&post=48243"}],"curies":[{"name":"wp","href":"https:\/\/api.w.org\/{rel}","templated":true}]}}