{"id":48246,"date":"2026-03-06T07:23:00","date_gmt":"2026-03-06T10:23:00","guid":{"rendered":"http:\/\/www.rtvnoticias.com.ar\/?p=48246"},"modified":"2026-03-05T21:24:26","modified_gmt":"2026-03-06T00:24:26","slug":"finalizo-nueva-edicion-del-programa-cuidar-vidas-con-mas-de-76-mil-testeos-de-alcoholemia","status":"publish","type":"post","link":"http:\/\/www.rtvnoticias.com.ar\/?p=48246","title":{"rendered":"Finaliz\u00f3 nueva edici\u00f3n del programa Cuidar Vidas con m\u00e1s de 76 mil testeos de alcoholemia"},"content":{"rendered":"\n<p>El Ministerio de Seguridad y Justicia, a trav\u00e9s de la Polic\u00eda de La Pampa, finaliz\u00f3 una nueva edici\u00f3n del Programa Provincial Cuidar Vidas, una pol\u00edtica p\u00fablica sostenida orientada a la prevenci\u00f3n de siniestros viales en rutas y zonas urbanas del territorio pampeano.<\/p>\n\n\n\n<p>El operativo especial se extendi\u00f3 desde el 22 de diciembre hasta el 2 de marzo pasado, per\u00edodo en el que se intensificaron los controles con motivo del receso estival y el incremento en la circulaci\u00f3n vehicular.<\/p>\n\n\n\n<p>Durante ese lapso se desplegaron 869 operativos en toda la Provincia. En ese marco, se realizaron 76.309 testeos de alcoholemia, de los cuales 185 arrojaron resultado positivo. Adem\u00e1s, mediante el sistema Pampa Seguridad Activa se fiscalizaron 102.867 veh\u00edculos y se identificaron 139.235 personas. El volumen de controles realizados refleja una fuerte presencia territorial y una planificaci\u00f3n articulada entre la Polic\u00eda de La Pampa, el equipo de Prevenci\u00f3n y Protecci\u00f3n Vial del Ministerio de Seguridad y Justicia y los municipios. Lejos de constituir acciones aisladas, el Programa Cuidar Vidas se consolida como una estrategia integral que combina control, tecnolog\u00eda y concientizaci\u00f3n, con el objetivo de desalentar conductas de riesgo, especialmente el consumo de alcohol al volante.<br>La pol\u00edtica de tolerancia cero al alcohol en la conducci\u00f3n forma parte de una l\u00ednea de gesti\u00f3n que prioriza la prevenci\u00f3n por sobre la reacci\u00f3n ante el siniestro, entendiendo que cada control representa una intervenci\u00f3n concreta para evitar situaciones que puedan derivar en consecuencias graves o irreversibles El programa no se limita a la temporada estival o invernal, sino que constituye un esquema permanente de trabajo que se refuerza en los per\u00edodos de mayor circulaci\u00f3n.<\/p>\n\n\n\n<p>Balance operativo del despliegue<br>El jefe del Departamento Operaciones Policiales, Daniel P\u00e9rez, realiz\u00f3 un balance positivo del desarrollo del programa y destac\u00f3 el compromiso del personal policial que particip\u00f3 del operativo en todo el territorio provincial. \u201cFue muy positivo en cuanto al esfuerzo que ha demostrado el personal policial. El operativo se desarroll\u00f3 con una fuerte inversi\u00f3n tecnol\u00f3gica y con el refuerzo de los puestos camineros, tanto internos como lim\u00edtrofes, incorporando al\u00f3metros, alcohol\u00edmetros y distintos dispositivos de control\u201d, explic\u00f3 a la Agencia Provincial de Noticias. Detall\u00f3 que durante el programa se multiplicaron los controles en rutas y accesos provinciales, combinando operativos fijos con patrullajes y enlaces en distintos tramos viales. \u201cSe increment\u00f3 considerablemente la cantidad de testeos de alcoholemia y tambi\u00e9n se realizaron controles mediante el sistema Pampa Seguridad Activa para registrar veh\u00edculos y personas que circulaban por las rutas provinciales\u201d, se\u00f1al\u00f3.<br>En ese sentido, remarc\u00f3 que el despliegue incluy\u00f3 patrullajes preventivos permanentes en corredores estrat\u00e9gicos, donde adem\u00e1s de los controles se brind\u00f3 asistencia a conductores que registraban inconvenientes mec\u00e1nicos o situaciones de riesgo. \u201cEl personal policial no solo control\u00f3 el tr\u00e1nsito, sino que tambi\u00e9n asisti\u00f3 a conductores que se encontraban varados o necesitaban ayuda en ruta, muchas veces personas que no son de la Provincia. Esa presencia preventiva tambi\u00e9n forma parte del trabajo que se realiza\u201d, afirm\u00f3.<br>Finalmente, destac\u00f3 que el programa implic\u00f3 una fuerte movilizaci\u00f3n de recursos humanos. \u201cPr\u00e1cticamente la totalidad del personal policial que cumple tareas operativas particip\u00f3 del despliegue, reforzando puestos camineros, controles en rutas y operativos en las distintas jurisdicciones\u201d.<\/p>\n<div class=\"sharedaddy sd-sharing-enabled\"><div class=\"robots-nocontent sd-block sd-social sd-social-icon sd-sharing\"><h3 class=\"sd-title\">Comparte esto:<\/h3><div class=\"sd-content\"><ul><li class=\"share-twitter\"><a rel=\"nofollow noopener noreferrer\" data-shared=\"sharing-twitter-48246\" class=\"share-twitter sd-button share-icon no-text\" href=\"http:\/\/www.rtvnoticias.com.ar\/?p=48246&amp;share=twitter\" target=\"_blank\" title=\"Haz clic para compartir en Twitter\"><span><\/span><span class=\"sharing-screen-reader-text\">Haz clic para compartir en Twitter (Se abre en una ventana nueva)<\/span><\/a><\/li><li class=\"share-facebook\"><a rel=\"nofollow noopener noreferrer\" data-shared=\"sharing-facebook-48246\" class=\"share-facebook sd-button share-icon no-text\" href=\"http:\/\/www.rtvnoticias.com.ar\/?p=48246&amp;share=facebook\" target=\"_blank\" title=\"Haz clic para compartir en Facebook\"><span><\/span><span class=\"sharing-screen-reader-text\">Haz clic para compartir en Facebook (Se abre en una ventana nueva)<\/span><\/a><\/li><li class=\"share-jetpack-whatsapp\"><a rel=\"nofollow noopener noreferrer\" data-shared=\"\" class=\"share-jetpack-whatsapp sd-button share-icon no-text\" href=\"http:\/\/www.rtvnoticias.com.ar\/?p=48246&amp;share=jetpack-whatsapp\" target=\"_blank\" title=\"Haz clic para compartir en WhatsApp\"><span><\/span><span class=\"sharing-screen-reader-text\">Haz clic para compartir en WhatsApp (Se abre en una ventana nueva)<\/span><\/a><\/li><li class=\"share-telegram\"><a rel=\"nofollow noopener noreferrer\" data-shared=\"\" class=\"share-telegram sd-button share-icon no-text\" href=\"http:\/\/www.rtvnoticias.com.ar\/?p=48246&amp;share=telegram\" target=\"_blank\" title=\"Haz clic para compartir en Telegram\"><span><\/span><span class=\"sharing-screen-reader-text\">Haz clic para compartir en Telegram (Se abre en una ventana nueva)<\/span><\/a><\/li><li class=\"share-end\"><\/li><\/ul><\/div><\/div><\/div>","protected":false},"excerpt":{"rendered":"<p>El Ministerio de Seguridad y Justicia, a trav\u00e9s de la Polic\u00eda de La Pampa, finaliz\u00f3 una nueva edici\u00f3n del Programa Provincial Cuidar Vidas, una pol\u00edtica<\/p>\n<div class=\"sharedaddy sd-sharing-enabled\"><div class=\"robots-nocontent sd-block sd-social sd-social-icon sd-sharing\"><h3 class=\"sd-title\">Comparte esto:<\/h3><div class=\"sd-content\"><ul><li class=\"share-twitter\"><a rel=\"nofollow noopener noreferrer\" data-shared=\"sharing-twitter-48246\" class=\"share-twitter sd-button share-icon no-text\" href=\"http:\/\/www.rtvnoticias.com.ar\/?p=48246&amp;share=twitter\" target=\"_blank\" title=\"Haz clic para compartir en Twitter\"><span><\/span><span class=\"sharing-screen-reader-text\">Haz clic para compartir en Twitter (Se abre en una ventana nueva)<\/span><\/a><\/li><li class=\"share-facebook\"><a rel=\"nofollow noopener noreferrer\" data-shared=\"sharing-facebook-48246\" class=\"share-facebook sd-button share-icon no-text\" href=\"http:\/\/www.rtvnoticias.com.ar\/?p=48246&amp;share=facebook\" target=\"_blank\" title=\"Haz clic para compartir en Facebook\"><span><\/span><span class=\"sharing-screen-reader-text\">Haz clic para compartir en Facebook (Se abre en una ventana nueva)<\/span><\/a><\/li><li class=\"share-jetpack-whatsapp\"><a rel=\"nofollow noopener noreferrer\" data-shared=\"\" class=\"share-jetpack-whatsapp sd-button share-icon no-text\" href=\"http:\/\/www.rtvnoticias.com.ar\/?p=48246&amp;share=jetpack-whatsapp\" target=\"_blank\" title=\"Haz clic para compartir en WhatsApp\"><span><\/span><span class=\"sharing-screen-reader-text\">Haz clic para compartir en WhatsApp (Se abre en una ventana nueva)<\/span><\/a><\/li><li class=\"share-telegram\"><a rel=\"nofollow noopener noreferrer\" data-shared=\"\" class=\"share-telegram sd-button share-icon no-text\" href=\"http:\/\/www.rtvnoticias.com.ar\/?p=48246&amp;share=telegram\" target=\"_blank\" title=\"Haz clic para compartir en Telegram\"><span><\/span><span class=\"sharing-screen-reader-text\">Haz clic para compartir en Telegram (Se abre en una ventana nueva)<\/span><\/a><\/li><li class=\"share-end\"><\/li><\/ul><\/div><\/div><\/div>","protected":false},"author":5,"featured_media":48247,"comment_status":"closed","ping_status":"closed","sticky":false,"template":"","format":"standard","meta":{"spay_email":"","jetpack_publicize_message":"","jetpack_is_tweetstorm":false,"jetpack_publicize_feature_enabled":true},"categories":[4],"tags":[5820],"jetpack_featured_media_url":"http:\/\/www.rtvnoticias.com.ar\/wp-content\/uploads\/2026\/03\/cuidar-vidas.jpg","jetpack_publicize_connections":[],"jetpack_sharing_enabled":true,"_links":{"self":[{"href":"http:\/\/www.rtvnoticias.com.ar\/index.php?rest_route=\/wp\/v2\/posts\/48246"}],"collection":[{"href":"http:\/\/www.rtvnoticias.com.ar\/index.php?rest_route=\/wp\/v2\/posts"}],"about":[{"href":"http:\/\/www.rtvnoticias.com.ar\/index.php?rest_route=\/wp\/v2\/types\/post"}],"author":[{"embeddable":true,"href":"http:\/\/www.rtvnoticias.com.ar\/index.php?rest_route=\/wp\/v2\/users\/5"}],"replies":[{"embeddable":true,"href":"http:\/\/www.rtvnoticias.com.ar\/index.php?rest_route=%2Fwp%2Fv2%2Fcomments&post=48246"}],"version-history":[{"count":1,"href":"http:\/\/www.rtvnoticias.com.ar\/index.php?rest_route=\/wp\/v2\/posts\/48246\/revisions"}],"predecessor-version":[{"id":48248,"href":"http:\/\/www.rtvnoticias.com.ar\/index.php?rest_route=\/wp\/v2\/posts\/48246\/revisions\/48248"}],"wp:featuredmedia":[{"embeddable":true,"href":"http:\/\/www.rtvnoticias.com.ar\/index.php?rest_route=\/wp\/v2\/media\/48247"}],"wp:attachment":[{"href":"http:\/\/www.rtvnoticias.com.ar\/index.php?rest_route=%2Fwp%2Fv2%2Fmedia&parent=48246"}],"wp:term":[{"taxonomy":"category","embeddable":true,"href":"http:\/\/www.rtvnoticias.com.ar\/index.php?rest_route=%2Fwp%2Fv2%2Fcategories&post=48246"},{"taxonomy":"post_tag","embeddable":true,"href":"http:\/\/www.rtvnoticias.com.ar\/index.php?rest_route=%2Fwp%2Fv2%2Ftags&post=48246"}],"curies":[{"name":"wp","href":"https:\/\/api.w.org\/{rel}","templated":true}]}}