{"id":48261,"date":"2026-03-09T06:14:00","date_gmt":"2026-03-09T09:14:00","guid":{"rendered":"http:\/\/www.rtvnoticias.com.ar\/?p=48261"},"modified":"2026-03-08T18:24:03","modified_gmt":"2026-03-08T21:24:03","slug":"todo-listo-en-san-nicolas-manana-comienza-expoagro-con-mas-de-700-expositores","status":"publish","type":"post","link":"http:\/\/www.rtvnoticias.com.ar\/?p=48261","title":{"rendered":"Todo listo en San Nicol\u00e1s: ma\u00f1ana comienza Expoagro con m\u00e1s de 700 expositores"},"content":{"rendered":"\n<p>Desde ma\u00f1ana martes y hasta el viernes, el Predio Ferial y Aut\u00f3dromo de San Nicol\u00e1s volver\u00e1 a convertirse en la capital del agro argentino con una nueva edici\u00f3n de Expoagro 2026, la muestra agroindustrial a cielo abierto m\u00e1s importante de la regi\u00f3n. <\/p>\n\n\n\n<p>En su 20\u00b0 aniversario, la exposici\u00f3n llega con r\u00e9cord de participaci\u00f3n, una agenda cargada de contenidos y una propuesta que combina tecnolog\u00eda, conocimiento, financiamiento e innovaci\u00f3n para toda la cadena agroindustrial.<\/p>\n\n\n\n<p>Consolidada como el gran punto de encuentro anual del sector, la muestra reunir\u00e1 a productores, empresas de maquinaria e insumos, bancos, startups tecnol\u00f3gicas y especialistas del agro que durante cuatro d\u00edas buscar\u00e1n generar negocios, compartir conocimiento y analizar el futuro de la producci\u00f3n.<\/p>\n\n\n\n<p>En el a\u00f1o en que cumple dos d\u00e9cadas, la exposici\u00f3n alcanz\u00f3 un nuevo hito: todos los espacios fueron reservados con anticipaci\u00f3n. Seg\u00fan explic\u00f3 Diego Abdo, responsable de la organizaci\u00f3n, la muestra reunir\u00e1 a m\u00e1s de 700 expositores, entre ellos m\u00e1s de 100 empresas nuevas o que regresan al evento.<\/p>\n\n\n\n<p>\u201cEn 20 a\u00f1os hubo al menos 20 hitos que marcaron cada exposici\u00f3n\u201d, record\u00f3 Abdo. Y agreg\u00f3 que la feria evolucion\u00f3 desde una muestra itinerante hacia un predio estable en San Nicol\u00e1s, ampliando su alcance desde una exposici\u00f3n local a una de proyecci\u00f3n internacional. \u201cPas\u00f3 de ser una muestra puramente fierrera a integrar a toda la cadena agroindustrial y dej\u00f3 de ser una simple vidriera para convertirse en un espacio donde se interact\u00faa y se concretan negocios\u201d, destac\u00f3.<\/p>\n\n\n\n<p>Entre las compa\u00f1\u00edas que presentar\u00e1n ensayos de cultivos en pie en los 12 plots de la muestra estar\u00e1n empresas como Nidera \u2014semillero oficial\u2014, Advanta, AFA, DONMARIO, NK Semillas, Spraytec, Stine, SUPRA Semillas, LDC, YPF Agro, Bayer y INTA.<\/p>\n<div class=\"sharedaddy sd-sharing-enabled\"><div class=\"robots-nocontent sd-block sd-social sd-social-icon sd-sharing\"><h3 class=\"sd-title\">Comparte esto:<\/h3><div class=\"sd-content\"><ul><li class=\"share-twitter\"><a rel=\"nofollow noopener noreferrer\" data-shared=\"sharing-twitter-48261\" class=\"share-twitter sd-button share-icon no-text\" href=\"http:\/\/www.rtvnoticias.com.ar\/?p=48261&amp;share=twitter\" target=\"_blank\" title=\"Haz clic para compartir en Twitter\"><span><\/span><span class=\"sharing-screen-reader-text\">Haz clic para compartir en Twitter (Se abre en una ventana nueva)<\/span><\/a><\/li><li class=\"share-facebook\"><a rel=\"nofollow noopener noreferrer\" data-shared=\"sharing-facebook-48261\" class=\"share-facebook sd-button share-icon no-text\" href=\"http:\/\/www.rtvnoticias.com.ar\/?p=48261&amp;share=facebook\" target=\"_blank\" title=\"Haz clic para compartir en Facebook\"><span><\/span><span class=\"sharing-screen-reader-text\">Haz clic para compartir en Facebook (Se abre en una ventana nueva)<\/span><\/a><\/li><li class=\"share-jetpack-whatsapp\"><a rel=\"nofollow noopener noreferrer\" data-shared=\"\" class=\"share-jetpack-whatsapp sd-button share-icon no-text\" href=\"http:\/\/www.rtvnoticias.com.ar\/?p=48261&amp;share=jetpack-whatsapp\" target=\"_blank\" title=\"Haz clic para compartir en WhatsApp\"><span><\/span><span class=\"sharing-screen-reader-text\">Haz clic para compartir en WhatsApp (Se abre en una ventana nueva)<\/span><\/a><\/li><li class=\"share-telegram\"><a rel=\"nofollow noopener noreferrer\" data-shared=\"\" class=\"share-telegram sd-button share-icon no-text\" href=\"http:\/\/www.rtvnoticias.com.ar\/?p=48261&amp;share=telegram\" target=\"_blank\" title=\"Haz clic para compartir en Telegram\"><span><\/span><span class=\"sharing-screen-reader-text\">Haz clic para compartir en Telegram (Se abre en una ventana nueva)<\/span><\/a><\/li><li class=\"share-end\"><\/li><\/ul><\/div><\/div><\/div>","protected":false},"excerpt":{"rendered":"<p>Desde ma\u00f1ana martes y hasta el viernes, el Predio Ferial y Aut\u00f3dromo de San Nicol\u00e1s volver\u00e1 a convertirse en la capital del agro argentino con<\/p>\n<div class=\"sharedaddy sd-sharing-enabled\"><div class=\"robots-nocontent sd-block sd-social sd-social-icon sd-sharing\"><h3 class=\"sd-title\">Comparte esto:<\/h3><div class=\"sd-content\"><ul><li class=\"share-twitter\"><a rel=\"nofollow noopener noreferrer\" data-shared=\"sharing-twitter-48261\" class=\"share-twitter sd-button share-icon no-text\" href=\"http:\/\/www.rtvnoticias.com.ar\/?p=48261&amp;share=twitter\" target=\"_blank\" title=\"Haz clic para compartir en Twitter\"><span><\/span><span class=\"sharing-screen-reader-text\">Haz clic para compartir en Twitter (Se abre en una ventana nueva)<\/span><\/a><\/li><li class=\"share-facebook\"><a rel=\"nofollow noopener noreferrer\" data-shared=\"sharing-facebook-48261\" class=\"share-facebook sd-button share-icon no-text\" href=\"http:\/\/www.rtvnoticias.com.ar\/?p=48261&amp;share=facebook\" target=\"_blank\" title=\"Haz clic para compartir en Facebook\"><span><\/span><span class=\"sharing-screen-reader-text\">Haz clic para compartir en Facebook (Se abre en una ventana nueva)<\/span><\/a><\/li><li class=\"share-jetpack-whatsapp\"><a rel=\"nofollow noopener noreferrer\" data-shared=\"\" class=\"share-jetpack-whatsapp sd-button share-icon no-text\" href=\"http:\/\/www.rtvnoticias.com.ar\/?p=48261&amp;share=jetpack-whatsapp\" target=\"_blank\" title=\"Haz clic para compartir en WhatsApp\"><span><\/span><span class=\"sharing-screen-reader-text\">Haz clic para compartir en WhatsApp (Se abre en una ventana nueva)<\/span><\/a><\/li><li class=\"share-telegram\"><a rel=\"nofollow noopener noreferrer\" data-shared=\"\" class=\"share-telegram sd-button share-icon no-text\" href=\"http:\/\/www.rtvnoticias.com.ar\/?p=48261&amp;share=telegram\" target=\"_blank\" title=\"Haz clic para compartir en Telegram\"><span><\/span><span class=\"sharing-screen-reader-text\">Haz clic para compartir en Telegram (Se abre en una ventana nueva)<\/span><\/a><\/li><li class=\"share-end\"><\/li><\/ul><\/div><\/div><\/div>","protected":false},"author":5,"featured_media":48263,"comment_status":"closed","ping_status":"closed","sticky":false,"template":"","format":"standard","meta":{"spay_email":"","jetpack_publicize_message":"","jetpack_is_tweetstorm":false,"jetpack_publicize_feature_enabled":true},"categories":[5],"tags":[],"jetpack_featured_media_url":"http:\/\/www.rtvnoticias.com.ar\/wp-content\/uploads\/2026\/03\/expoagro2026.jpg","jetpack_publicize_connections":[],"jetpack_sharing_enabled":true,"_links":{"self":[{"href":"http:\/\/www.rtvnoticias.com.ar\/index.php?rest_route=\/wp\/v2\/posts\/48261"}],"collection":[{"href":"http:\/\/www.rtvnoticias.com.ar\/index.php?rest_route=\/wp\/v2\/posts"}],"about":[{"href":"http:\/\/www.rtvnoticias.com.ar\/index.php?rest_route=\/wp\/v2\/types\/post"}],"author":[{"embeddable":true,"href":"http:\/\/www.rtvnoticias.com.ar\/index.php?rest_route=\/wp\/v2\/users\/5"}],"replies":[{"embeddable":true,"href":"http:\/\/www.rtvnoticias.com.ar\/index.php?rest_route=%2Fwp%2Fv2%2Fcomments&post=48261"}],"version-history":[{"count":1,"href":"http:\/\/www.rtvnoticias.com.ar\/index.php?rest_route=\/wp\/v2\/posts\/48261\/revisions"}],"predecessor-version":[{"id":48264,"href":"http:\/\/www.rtvnoticias.com.ar\/index.php?rest_route=\/wp\/v2\/posts\/48261\/revisions\/48264"}],"wp:featuredmedia":[{"embeddable":true,"href":"http:\/\/www.rtvnoticias.com.ar\/index.php?rest_route=\/wp\/v2\/media\/48263"}],"wp:attachment":[{"href":"http:\/\/www.rtvnoticias.com.ar\/index.php?rest_route=%2Fwp%2Fv2%2Fmedia&parent=48261"}],"wp:term":[{"taxonomy":"category","embeddable":true,"href":"http:\/\/www.rtvnoticias.com.ar\/index.php?rest_route=%2Fwp%2Fv2%2Fcategories&post=48261"},{"taxonomy":"post_tag","embeddable":true,"href":"http:\/\/www.rtvnoticias.com.ar\/index.php?rest_route=%2Fwp%2Fv2%2Ftags&post=48261"}],"curies":[{"name":"wp","href":"https:\/\/api.w.org\/{rel}","templated":true}]}}