{"id":48265,"date":"2026-03-09T11:28:20","date_gmt":"2026-03-09T14:28:20","guid":{"rendered":"http:\/\/www.rtvnoticias.com.ar\/?p=48265"},"modified":"2026-03-09T11:28:26","modified_gmt":"2026-03-09T14:28:26","slug":"un-chico-de-23-anos-mato-a-dos-policias-en-un-accidente-iba-borracho-en-su-camioneta","status":"publish","type":"post","link":"http:\/\/www.rtvnoticias.com.ar\/?p=48265","title":{"rendered":"Un chico de 23 a\u00f1os mat\u00f3 a dos polic\u00edas en un accidente: iba borracho en su camioneta"},"content":{"rendered":"\n<p>Un nuevo accidente causado por la imprudencia y el alcohol al volante, conmociona al sur del pa\u00eds. Dos efectivos de la Polic\u00eda de Neuqu\u00e9n perdieron la vida este domingo luego de ser embestidos frontalmente por una camioneta, cuyo conductor triplicaba el l\u00edmite de alcohol permitido.<\/p>\n\n\n\n<p>El responsable del accidente en Neuqu\u00e9n realizaba una maniobra prohibida en plena ruta y provoc\u00f3 una tragedia doloros\u00edsima.<\/p>\n\n\n\n<p>El accidente ocurri\u00f3 sobre la Ruta Nacional 22, a la altura del Museo Carmen Funes, en la localidad de Plaza Huincul. Seg\u00fan las primeras pericias de la tragedia, un joven de 23 a\u00f1os que circulaba al mando de una Toyota Hilux, intent\u00f3 realizar un sobrepaso en una zona de doble l\u00ednea amarilla. En esa maniobra temeraria, se encontr\u00f3 de frente con un Kia Sorrento en el que viajaban los uniformados.<\/p>\n\n\n\n<p>El impacto fue devastador. Como consecuencia del accidente, fallecieron de forma instant\u00e1nea dos miembros de la Polic\u00eda: el suboficial mayor retirado Atilio Contreras (60 a\u00f1os) y el oficial ayudante Juli\u00e1n Zu\u00f1iega (27). Un tercer hombre que los acompa\u00f1aba result\u00f3 herido.<\/p>\n\n\n\n<p>Por el lado de la camioneta Hilux, adem\u00e1s del conductor, viajaban tres mujeres. Dos de ellas se encuentran en estado cr\u00edtico; una debi\u00f3 ser trasladada de urgencia al hospital Castro Rend\u00f3n de Neuqu\u00e9n capital, debido a la gravedad de sus lesiones en la tragedia.<\/p>\n\n\n\n<p>La justicia de Neuqu\u00e9n actu\u00f3 con rapidez ante la contundencia de las pruebas del accidente. El test de alcoholemia realizado al conductor de la Hilux arroj\u00f3 un resultado de 1,84 g\/l de alcohol en sangre, una cifra alarmante que explica la p\u00e9rdida de control del veh\u00edculo.<\/p>\n\n\n\n<p>El fiscal Federico C\u00faneo imput\u00f3 al joven por el delito de homicidio (dos hechos), lesiones leves y lesiones graves bajo la figura de dolo eventual. Para la fiscal\u00eda, el acusado de la tragedia \u201ccre\u00f3 conscientemente un riesgo mortal y se represent\u00f3 la posibilidad de dar muerte\u201d al conducir en ese estado y cruzar la l\u00ednea amarilla.<\/p>\n\n\n\n<p>Entre las pruebas que complican al imputado del accidente de Neuqu\u00e9n, existen videos de c\u00e1maras de seguridad donde se observa que una de las acompa\u00f1antes de la camioneta viajaba con medio cuerpo fuera de la ventana minutos antes del impacto, lo que refuerza la hip\u00f3tesis de que el grupo regresaba de un boliche en un contexto de total descontrol.<\/p>\n\n\n\n<p>Pese a que la defensa solicit\u00f3 la prisi\u00f3n domiciliaria, el juez interviniente dict\u00f3 14 d\u00edas de prisi\u00f3n preventiva mientras contin\u00faa la investigaci\u00f3n, medida que el acusado cumplir\u00e1 en una comisar\u00eda local.<\/p>\n<div class=\"sharedaddy sd-sharing-enabled\"><div class=\"robots-nocontent sd-block sd-social sd-social-icon sd-sharing\"><h3 class=\"sd-title\">Comparte esto:<\/h3><div class=\"sd-content\"><ul><li class=\"share-twitter\"><a rel=\"nofollow noopener noreferrer\" data-shared=\"sharing-twitter-48265\" class=\"share-twitter sd-button share-icon no-text\" href=\"http:\/\/www.rtvnoticias.com.ar\/?p=48265&amp;share=twitter\" target=\"_blank\" title=\"Haz clic para compartir en Twitter\"><span><\/span><span class=\"sharing-screen-reader-text\">Haz clic para compartir en Twitter (Se abre en una ventana nueva)<\/span><\/a><\/li><li class=\"share-facebook\"><a rel=\"nofollow noopener noreferrer\" data-shared=\"sharing-facebook-48265\" class=\"share-facebook sd-button share-icon no-text\" href=\"http:\/\/www.rtvnoticias.com.ar\/?p=48265&amp;share=facebook\" target=\"_blank\" title=\"Haz clic para compartir en Facebook\"><span><\/span><span class=\"sharing-screen-reader-text\">Haz clic para compartir en Facebook (Se abre en una ventana nueva)<\/span><\/a><\/li><li class=\"share-jetpack-whatsapp\"><a rel=\"nofollow noopener noreferrer\" data-shared=\"\" class=\"share-jetpack-whatsapp sd-button share-icon no-text\" href=\"http:\/\/www.rtvnoticias.com.ar\/?p=48265&amp;share=jetpack-whatsapp\" target=\"_blank\" title=\"Haz clic para compartir en WhatsApp\"><span><\/span><span class=\"sharing-screen-reader-text\">Haz clic para compartir en WhatsApp (Se abre en una ventana nueva)<\/span><\/a><\/li><li class=\"share-telegram\"><a rel=\"nofollow noopener noreferrer\" data-shared=\"\" class=\"share-telegram sd-button share-icon no-text\" href=\"http:\/\/www.rtvnoticias.com.ar\/?p=48265&amp;share=telegram\" target=\"_blank\" title=\"Haz clic para compartir en Telegram\"><span><\/span><span class=\"sharing-screen-reader-text\">Haz clic para compartir en Telegram (Se abre en una ventana nueva)<\/span><\/a><\/li><li class=\"share-end\"><\/li><\/ul><\/div><\/div><\/div>","protected":false},"excerpt":{"rendered":"<p>Un nuevo accidente causado por la imprudencia y el alcohol al volante, conmociona al sur del pa\u00eds. Dos efectivos de la Polic\u00eda de Neuqu\u00e9n perdieron<\/p>\n<div class=\"sharedaddy sd-sharing-enabled\"><div class=\"robots-nocontent sd-block sd-social sd-social-icon sd-sharing\"><h3 class=\"sd-title\">Comparte esto:<\/h3><div class=\"sd-content\"><ul><li class=\"share-twitter\"><a rel=\"nofollow noopener noreferrer\" data-shared=\"sharing-twitter-48265\" class=\"share-twitter sd-button share-icon no-text\" href=\"http:\/\/www.rtvnoticias.com.ar\/?p=48265&amp;share=twitter\" target=\"_blank\" title=\"Haz clic para compartir en Twitter\"><span><\/span><span class=\"sharing-screen-reader-text\">Haz clic para compartir en Twitter (Se abre en una ventana nueva)<\/span><\/a><\/li><li class=\"share-facebook\"><a rel=\"nofollow noopener noreferrer\" data-shared=\"sharing-facebook-48265\" class=\"share-facebook sd-button share-icon no-text\" href=\"http:\/\/www.rtvnoticias.com.ar\/?p=48265&amp;share=facebook\" target=\"_blank\" title=\"Haz clic para compartir en Facebook\"><span><\/span><span class=\"sharing-screen-reader-text\">Haz clic para compartir en Facebook (Se abre en una ventana nueva)<\/span><\/a><\/li><li class=\"share-jetpack-whatsapp\"><a rel=\"nofollow noopener noreferrer\" data-shared=\"\" class=\"share-jetpack-whatsapp sd-button share-icon no-text\" href=\"http:\/\/www.rtvnoticias.com.ar\/?p=48265&amp;share=jetpack-whatsapp\" target=\"_blank\" title=\"Haz clic para compartir en WhatsApp\"><span><\/span><span class=\"sharing-screen-reader-text\">Haz clic para compartir en WhatsApp (Se abre en una ventana nueva)<\/span><\/a><\/li><li class=\"share-telegram\"><a rel=\"nofollow noopener noreferrer\" data-shared=\"\" class=\"share-telegram sd-button share-icon no-text\" href=\"http:\/\/www.rtvnoticias.com.ar\/?p=48265&amp;share=telegram\" target=\"_blank\" title=\"Haz clic para compartir en Telegram\"><span><\/span><span class=\"sharing-screen-reader-text\">Haz clic para compartir en Telegram (Se abre en una ventana nueva)<\/span><\/a><\/li><li class=\"share-end\"><\/li><\/ul><\/div><\/div><\/div>","protected":false},"author":5,"featured_media":48266,"comment_status":"closed","ping_status":"closed","sticky":false,"template":"","format":"standard","meta":{"spay_email":"","jetpack_publicize_message":"","jetpack_is_tweetstorm":false,"jetpack_publicize_feature_enabled":true},"categories":[5],"tags":[5824],"jetpack_featured_media_url":"http:\/\/www.rtvnoticias.com.ar\/wp-content\/uploads\/2026\/03\/neuquen-accidente.jpg","jetpack_publicize_connections":[],"jetpack_sharing_enabled":true,"_links":{"self":[{"href":"http:\/\/www.rtvnoticias.com.ar\/index.php?rest_route=\/wp\/v2\/posts\/48265"}],"collection":[{"href":"http:\/\/www.rtvnoticias.com.ar\/index.php?rest_route=\/wp\/v2\/posts"}],"about":[{"href":"http:\/\/www.rtvnoticias.com.ar\/index.php?rest_route=\/wp\/v2\/types\/post"}],"author":[{"embeddable":true,"href":"http:\/\/www.rtvnoticias.com.ar\/index.php?rest_route=\/wp\/v2\/users\/5"}],"replies":[{"embeddable":true,"href":"http:\/\/www.rtvnoticias.com.ar\/index.php?rest_route=%2Fwp%2Fv2%2Fcomments&post=48265"}],"version-history":[{"count":1,"href":"http:\/\/www.rtvnoticias.com.ar\/index.php?rest_route=\/wp\/v2\/posts\/48265\/revisions"}],"predecessor-version":[{"id":48267,"href":"http:\/\/www.rtvnoticias.com.ar\/index.php?rest_route=\/wp\/v2\/posts\/48265\/revisions\/48267"}],"wp:featuredmedia":[{"embeddable":true,"href":"http:\/\/www.rtvnoticias.com.ar\/index.php?rest_route=\/wp\/v2\/media\/48266"}],"wp:attachment":[{"href":"http:\/\/www.rtvnoticias.com.ar\/index.php?rest_route=%2Fwp%2Fv2%2Fmedia&parent=48265"}],"wp:term":[{"taxonomy":"category","embeddable":true,"href":"http:\/\/www.rtvnoticias.com.ar\/index.php?rest_route=%2Fwp%2Fv2%2Fcategories&post=48265"},{"taxonomy":"post_tag","embeddable":true,"href":"http:\/\/www.rtvnoticias.com.ar\/index.php?rest_route=%2Fwp%2Fv2%2Ftags&post=48265"}],"curies":[{"name":"wp","href":"https:\/\/api.w.org\/{rel}","templated":true}]}}