{"id":48268,"date":"2026-03-11T07:24:16","date_gmt":"2026-03-11T10:24:16","guid":{"rendered":"http:\/\/www.rtvnoticias.com.ar\/?p=48268"},"modified":"2026-03-11T07:24:20","modified_gmt":"2026-03-11T10:24:20","slug":"milei-viaja-a-chile-para-la-asuncion-de-kast-y-busca-afianzar-una-alianza-politica-y-economica","status":"publish","type":"post","link":"http:\/\/www.rtvnoticias.com.ar\/?p=48268","title":{"rendered":"Milei viaja a Chile para la asunci\u00f3n de Kast y busca afianzar una alianza pol\u00edtica y econ\u00f3mica"},"content":{"rendered":"\n<p>Luego de su paso por Estados Unidos durante la denominada \u201cArgentina Week\u201d, el presidente Javier Milei retomar\u00e1 este mi\u00e9rcoles su agenda internacional con un viaje rel\u00e1mpago a Chile. El mandatario participar\u00e1 de la ceremonia de asunci\u00f3n del presidente electo chileno, Jos\u00e9 Antonio Kast, en un gesto que busca consolidar la cercan\u00eda pol\u00edtica entre ambos gobiernos.<\/p>\n\n\n\n<p>El acto oficial se realizar\u00e1 al mediod\u00eda en el Congreso de Valpara\u00edso, donde Kast recibir\u00e1 el mando presidencial tras el final del per\u00edodo de Gabriel Boric. Desde la Casa Rosada anticipan que el encuentro ser\u00e1 tambi\u00e9n una oportunidad para comenzar a delinear una agenda com\u00fan entre los dos pa\u00edses.<\/p>\n\n\n\n<p>En el Gobierno argentino destacan la afinidad ideol\u00f3gica entre Milei y el dirigente chileno. Esa sinton\u00eda, aseguran, podr\u00eda traducirse en iniciativas compartidas en materia de apertura comercial y en pol\u00edticas de seguridad con una mirada cercana a la estrategia de Estados Unidos.<\/p>\n\n\n\n<p>La relaci\u00f3n entre ambos l\u00edderes ya hab\u00eda tenido un primer gesto pol\u00edtico luego de las elecciones chilenas. Tras imponerse en los comicios, Kast visit\u00f3 la Casa Rosada y mantuvo una reuni\u00f3n con Milei y con la secretaria general de la Presidencia, Karina Milei. Este mi\u00e9rcoles volver\u00e1n a encontrarse, aunque el intercambio ser\u00e1 breve.<\/p>\n\n\n\n<p>Seg\u00fan el cronograma oficial, el Presidente argentino permanecer\u00e1 pocas horas en Chile. A las 15 despegar\u00e1 su vuelo especial de regreso y est\u00e1 previsto que aterrice en Buenos Aires cerca de las 17.<\/p>\n\n\n\n<p>Por cuestiones de agenda qued\u00f3 descartada su presencia en la muestra agroindustrial Expoagro. En cambio, el mandatario ya tiene confirmado otro viaje al exterior: el s\u00e1bado 14 de marzo partir\u00e1 hacia Espa\u00f1a para participar del Foro Econ\u00f3mico de Madrid.<\/p>\n<div class=\"sharedaddy sd-sharing-enabled\"><div class=\"robots-nocontent sd-block sd-social sd-social-icon sd-sharing\"><h3 class=\"sd-title\">Comparte esto:<\/h3><div class=\"sd-content\"><ul><li class=\"share-twitter\"><a rel=\"nofollow noopener noreferrer\" data-shared=\"sharing-twitter-48268\" class=\"share-twitter sd-button share-icon no-text\" href=\"http:\/\/www.rtvnoticias.com.ar\/?p=48268&amp;share=twitter\" target=\"_blank\" title=\"Haz clic para compartir en Twitter\"><span><\/span><span class=\"sharing-screen-reader-text\">Haz clic para compartir en Twitter (Se abre en una ventana nueva)<\/span><\/a><\/li><li class=\"share-facebook\"><a rel=\"nofollow noopener noreferrer\" data-shared=\"sharing-facebook-48268\" class=\"share-facebook sd-button share-icon no-text\" href=\"http:\/\/www.rtvnoticias.com.ar\/?p=48268&amp;share=facebook\" target=\"_blank\" title=\"Haz clic para compartir en Facebook\"><span><\/span><span class=\"sharing-screen-reader-text\">Haz clic para compartir en Facebook (Se abre en una ventana nueva)<\/span><\/a><\/li><li class=\"share-jetpack-whatsapp\"><a rel=\"nofollow noopener noreferrer\" data-shared=\"\" class=\"share-jetpack-whatsapp sd-button share-icon no-text\" href=\"http:\/\/www.rtvnoticias.com.ar\/?p=48268&amp;share=jetpack-whatsapp\" target=\"_blank\" title=\"Haz clic para compartir en WhatsApp\"><span><\/span><span class=\"sharing-screen-reader-text\">Haz clic para compartir en WhatsApp (Se abre en una ventana nueva)<\/span><\/a><\/li><li class=\"share-telegram\"><a rel=\"nofollow noopener noreferrer\" data-shared=\"\" class=\"share-telegram sd-button share-icon no-text\" href=\"http:\/\/www.rtvnoticias.com.ar\/?p=48268&amp;share=telegram\" target=\"_blank\" title=\"Haz clic para compartir en Telegram\"><span><\/span><span class=\"sharing-screen-reader-text\">Haz clic para compartir en Telegram (Se abre en una ventana nueva)<\/span><\/a><\/li><li class=\"share-end\"><\/li><\/ul><\/div><\/div><\/div>","protected":false},"excerpt":{"rendered":"<p>Luego de su paso por Estados Unidos durante la denominada \u201cArgentina Week\u201d, el presidente Javier Milei retomar\u00e1 este mi\u00e9rcoles su agenda internacional con un viaje<\/p>\n<div class=\"sharedaddy sd-sharing-enabled\"><div class=\"robots-nocontent sd-block sd-social sd-social-icon sd-sharing\"><h3 class=\"sd-title\">Comparte esto:<\/h3><div class=\"sd-content\"><ul><li class=\"share-twitter\"><a rel=\"nofollow noopener noreferrer\" data-shared=\"sharing-twitter-48268\" class=\"share-twitter sd-button share-icon no-text\" href=\"http:\/\/www.rtvnoticias.com.ar\/?p=48268&amp;share=twitter\" target=\"_blank\" title=\"Haz clic para compartir en Twitter\"><span><\/span><span class=\"sharing-screen-reader-text\">Haz clic para compartir en Twitter (Se abre en una ventana nueva)<\/span><\/a><\/li><li class=\"share-facebook\"><a rel=\"nofollow noopener noreferrer\" data-shared=\"sharing-facebook-48268\" class=\"share-facebook sd-button share-icon no-text\" href=\"http:\/\/www.rtvnoticias.com.ar\/?p=48268&amp;share=facebook\" target=\"_blank\" title=\"Haz clic para compartir en Facebook\"><span><\/span><span class=\"sharing-screen-reader-text\">Haz clic para compartir en Facebook (Se abre en una ventana nueva)<\/span><\/a><\/li><li class=\"share-jetpack-whatsapp\"><a rel=\"nofollow noopener noreferrer\" data-shared=\"\" class=\"share-jetpack-whatsapp sd-button share-icon no-text\" href=\"http:\/\/www.rtvnoticias.com.ar\/?p=48268&amp;share=jetpack-whatsapp\" target=\"_blank\" title=\"Haz clic para compartir en WhatsApp\"><span><\/span><span class=\"sharing-screen-reader-text\">Haz clic para compartir en WhatsApp (Se abre en una ventana nueva)<\/span><\/a><\/li><li class=\"share-telegram\"><a rel=\"nofollow noopener noreferrer\" data-shared=\"\" class=\"share-telegram sd-button share-icon no-text\" href=\"http:\/\/www.rtvnoticias.com.ar\/?p=48268&amp;share=telegram\" target=\"_blank\" title=\"Haz clic para compartir en Telegram\"><span><\/span><span class=\"sharing-screen-reader-text\">Haz clic para compartir en Telegram (Se abre en una ventana nueva)<\/span><\/a><\/li><li class=\"share-end\"><\/li><\/ul><\/div><\/div><\/div>","protected":false},"author":7,"featured_media":48269,"comment_status":"closed","ping_status":"closed","sticky":false,"template":"","format":"standard","meta":{"spay_email":"","jetpack_publicize_message":"","jetpack_is_tweetstorm":false,"jetpack_publicize_feature_enabled":true},"categories":[5],"tags":[],"jetpack_featured_media_url":"http:\/\/www.rtvnoticias.com.ar\/wp-content\/uploads\/2026\/03\/milei-kast.jpg","jetpack_publicize_connections":[],"jetpack_sharing_enabled":true,"_links":{"self":[{"href":"http:\/\/www.rtvnoticias.com.ar\/index.php?rest_route=\/wp\/v2\/posts\/48268"}],"collection":[{"href":"http:\/\/www.rtvnoticias.com.ar\/index.php?rest_route=\/wp\/v2\/posts"}],"about":[{"href":"http:\/\/www.rtvnoticias.com.ar\/index.php?rest_route=\/wp\/v2\/types\/post"}],"author":[{"embeddable":true,"href":"http:\/\/www.rtvnoticias.com.ar\/index.php?rest_route=\/wp\/v2\/users\/7"}],"replies":[{"embeddable":true,"href":"http:\/\/www.rtvnoticias.com.ar\/index.php?rest_route=%2Fwp%2Fv2%2Fcomments&post=48268"}],"version-history":[{"count":1,"href":"http:\/\/www.rtvnoticias.com.ar\/index.php?rest_route=\/wp\/v2\/posts\/48268\/revisions"}],"predecessor-version":[{"id":48270,"href":"http:\/\/www.rtvnoticias.com.ar\/index.php?rest_route=\/wp\/v2\/posts\/48268\/revisions\/48270"}],"wp:featuredmedia":[{"embeddable":true,"href":"http:\/\/www.rtvnoticias.com.ar\/index.php?rest_route=\/wp\/v2\/media\/48269"}],"wp:attachment":[{"href":"http:\/\/www.rtvnoticias.com.ar\/index.php?rest_route=%2Fwp%2Fv2%2Fmedia&parent=48268"}],"wp:term":[{"taxonomy":"category","embeddable":true,"href":"http:\/\/www.rtvnoticias.com.ar\/index.php?rest_route=%2Fwp%2Fv2%2Fcategories&post=48268"},{"taxonomy":"post_tag","embeddable":true,"href":"http:\/\/www.rtvnoticias.com.ar\/index.php?rest_route=%2Fwp%2Fv2%2Ftags&post=48268"}],"curies":[{"name":"wp","href":"https:\/\/api.w.org\/{rel}","templated":true}]}}