{"id":48271,"date":"2026-03-11T07:32:23","date_gmt":"2026-03-11T10:32:23","guid":{"rendered":"http:\/\/www.rtvnoticias.com.ar\/?p=48271"},"modified":"2026-03-11T07:32:27","modified_gmt":"2026-03-11T10:32:27","slug":"debate-por-el-medanito-funcionarios-del-gobierno-van-a-la-legislatura-para-respaldar-a-pampetrol","status":"publish","type":"post","link":"http:\/\/www.rtvnoticias.com.ar\/?p=48271","title":{"rendered":"Debate por El Medanito: funcionarios del Gobierno van a la Legislatura para respaldar a Pampetrol"},"content":{"rendered":"\n<p><strong>La Legislatura<\/strong> <strong>de La Pampa volver\u00e1 a discutir este mi\u00e9rcoles el futuro del yacimiento petrolero El Medanito, el principal de la provincia. La discusi\u00f3n se reabre despu\u00e9s de que quedara desierta la \u00faltima licitaci\u00f3n para adjudicar su explotaci\u00f3n.<\/strong><\/p>\n\n\n\n<p>Los 30 diputados provinciales deber\u00e1n analizar dos caminos posibles: que la empresa estatal Pampetrol asuma la operaci\u00f3n de manera transitoria desde el 19 de junio por un per\u00edodo m\u00e1ximo de dos a\u00f1os, o bien impulsar de inmediato un nuevo llamado a licitaci\u00f3n con condiciones m\u00e1s flexibles para atraer a compa\u00f1\u00edas privadas. Para aprobar cualquiera de las alternativas se requiere una mayor\u00eda especial de dos tercios.<\/p>\n\n\n\n<p>El tratamiento comenzar\u00e1 en comisi\u00f3n y contar\u00e1 con la presencia de funcionarios del Poder Ejecutivo provincial. El primero en exponer ser\u00e1 el secretario de Energ\u00eda, Mat\u00edas Toso, convocado para las 9. Luego asistir\u00e1n la presidenta de Pampetrol, Mar\u00eda Roveda, y la titular de la Secretar\u00eda de Ambiente y Cambio Clim\u00e1tico, Vanina Basso, quienes aportar\u00e1n datos t\u00e9cnicos sobre la situaci\u00f3n del \u00e1rea.<\/p>\n\n\n\n<p>En la discusi\u00f3n conviven tres iniciativas: proyectos de ley del bloque oficialista Frente Justicialista Pampeano (Frejupa) y de Comunidad Organizada, adem\u00e1s de un anteproyecto elaborado por la municipalidad de 25 de Mayo que propone avanzar con una nueva licitaci\u00f3n.<\/p>\n\n\n\n<h3 class=\"wp-block-heading\">La alternativa del oficialismo<\/h3>\n\n\n\n<p>La propuesta del Frejupa, impulsada por los legisladores alineados con el gobernador Sergio Ziliotto, plantea que Pampetrol tome el control del yacimiento de manera provisoria ante el inminente vencimiento de la concesi\u00f3n vigente.<\/p>\n\n\n\n<p>El jefe del bloque peronista, Daniel Lovera, sostuvo que los tiempos administrativos ya no permiten convocar a un nuevo proceso licitatorio antes del 19 de junio. Seg\u00fan explic\u00f3, la iniciativa establece un esquema excepcional de hasta 24 meses para garantizar continuidad productiva mientras se prepara un nuevo concurso.<\/p>\n\n\n\n<p>\u201cEl proyecto apunta a ordenar la transici\u00f3n y asegurar la continuidad de la actividad y del empleo hasta que se pueda realizar una nueva licitaci\u00f3n\u201d, se\u00f1al\u00f3 el legislador.<\/p>\n\n\n\n<p>El plan busca preservar entre 300 y 400 puestos de trabajo directos e indirectos y evitar una ca\u00edda abrupta de la producci\u00f3n. Durante ese per\u00edodo, Pampetrol podr\u00eda contratar a un operador transitorio y realizar \u00fanicamente inversiones m\u00ednimas orientadas al mantenimiento del \u00e1rea, el sostenimiento de la actividad y el control ambiental.<\/p>\n\n\n\n<p>Adem\u00e1s, la iniciativa contempla integrar a la operaci\u00f3n de El Medanito otras \u00e1reas hidrocarbur\u00edferas que ya administra la empresa estatal: Medanito Sur, Salina Grande I y Rinconada Puesto Morales. Tambi\u00e9n habilita a la compa\u00f1\u00eda a tomar financiamiento para capital de trabajo por un monto equivalente a la facturaci\u00f3n mensual del yacimiento.<\/p>\n\n\n\n<p>En los fundamentos del proyecto, Ziliotto advirti\u00f3 que insistir con las condiciones fijadas en la ley que regul\u00f3 la licitaci\u00f3n anterior podr\u00eda derivar nuevamente en un proceso sin oferentes. Incluso alert\u00f3 que, de no introducir cambios a tiempo, la provincia podr\u00eda enfrentar dificultades para sostener la producci\u00f3n de hidrocarburos en el corto y mediano plazo.<\/p>\n\n\n\n<p>En la C\u00e1mara, los 15 diputados del oficialismo respaldan esta alternativa. En cambio, los 15 legisladores opositores de la Uni\u00f3n C\u00edvica Radical, Comunidad Organizada y el Propuesta Republicana expresaron reparos o rechazo. Uno de los principales cuestionamientos gira en torno a la capacidad t\u00e9cnica y financiera de Pampetrol para operar el \u00e1rea.<\/p>\n\n\n\n<h3 class=\"wp-block-heading\">La propuesta de una licitaci\u00f3n r\u00e1pida<\/h3>\n\n\n\n<p>En paralelo, el intendente de 25 de Mayo, Leonel Monsalve, present\u00f3 un anteproyecto para convocar a una licitaci\u00f3n acelerada que mantenga la explotaci\u00f3n en manos de una empresa privada.<\/p>\n\n\n\n<p>La iniciativa plantea que esa v\u00eda permitir\u00eda garantizar inversiones inmediatas para sostener la actividad petrolera y el empleo en la zona.<\/p>\n\n\n\n<p>El texto introduce tres cambios centrales respecto del pliego anterior. En primer lugar, propone reducir el esquema de regal\u00edas \u2014que actualmente oscila entre el 15% y el 20%\u2014 hacia un promedio cercano al 15%, con posibilidad de variaci\u00f3n seg\u00fan las ofertas.<\/p>\n\n\n\n<p>Tambi\u00e9n plantea bajar el bono de ingreso exigido a las compa\u00f1\u00edas, que pasar\u00eda de 50 millones de d\u00f3lares a 15 millones.<\/p>\n\n\n\n<p>El tercer punto apunta a suspender el art\u00edculo 16 de la Ley provincial de Hidrocarburos, una cl\u00e1usula que en la licitaci\u00f3n anterior impidi\u00f3 participar a la actual operadora, Petroqu\u00edmica Comodoro Rivadavia (PCR). Ese art\u00edculo establece restricciones para empresas que tengan pasivos ambientales pendientes de remediaci\u00f3n.<\/p>\n\n\n\n<p>Con esas modificaciones, el municipio busca ampliar el universo de compa\u00f1\u00edas interesadas y evitar que el principal yacimiento petrolero de la provincia quede sin operador cuando venza la concesi\u00f3n vigente.<\/p>\n<div class=\"sharedaddy sd-sharing-enabled\"><div class=\"robots-nocontent sd-block sd-social sd-social-icon sd-sharing\"><h3 class=\"sd-title\">Comparte esto:<\/h3><div class=\"sd-content\"><ul><li class=\"share-twitter\"><a rel=\"nofollow noopener noreferrer\" data-shared=\"sharing-twitter-48271\" class=\"share-twitter sd-button share-icon no-text\" href=\"http:\/\/www.rtvnoticias.com.ar\/?p=48271&amp;share=twitter\" target=\"_blank\" title=\"Haz clic para compartir en Twitter\"><span><\/span><span class=\"sharing-screen-reader-text\">Haz clic para compartir en Twitter (Se abre en una ventana nueva)<\/span><\/a><\/li><li class=\"share-facebook\"><a rel=\"nofollow noopener noreferrer\" data-shared=\"sharing-facebook-48271\" class=\"share-facebook sd-button share-icon no-text\" href=\"http:\/\/www.rtvnoticias.com.ar\/?p=48271&amp;share=facebook\" target=\"_blank\" title=\"Haz clic para compartir en Facebook\"><span><\/span><span class=\"sharing-screen-reader-text\">Haz clic para compartir en Facebook (Se abre en una ventana nueva)<\/span><\/a><\/li><li class=\"share-jetpack-whatsapp\"><a rel=\"nofollow noopener noreferrer\" data-shared=\"\" class=\"share-jetpack-whatsapp sd-button share-icon no-text\" href=\"http:\/\/www.rtvnoticias.com.ar\/?p=48271&amp;share=jetpack-whatsapp\" target=\"_blank\" title=\"Haz clic para compartir en WhatsApp\"><span><\/span><span class=\"sharing-screen-reader-text\">Haz clic para compartir en WhatsApp (Se abre en una ventana nueva)<\/span><\/a><\/li><li class=\"share-telegram\"><a rel=\"nofollow noopener noreferrer\" data-shared=\"\" class=\"share-telegram sd-button share-icon no-text\" href=\"http:\/\/www.rtvnoticias.com.ar\/?p=48271&amp;share=telegram\" target=\"_blank\" title=\"Haz clic para compartir en Telegram\"><span><\/span><span class=\"sharing-screen-reader-text\">Haz clic para compartir en Telegram (Se abre en una ventana nueva)<\/span><\/a><\/li><li class=\"share-end\"><\/li><\/ul><\/div><\/div><\/div>","protected":false},"excerpt":{"rendered":"<p>La Legislatura de La Pampa volver\u00e1 a discutir este mi\u00e9rcoles el futuro del yacimiento petrolero El Medanito, el principal de la provincia. La discusi\u00f3n se<\/p>\n<div class=\"sharedaddy sd-sharing-enabled\"><div class=\"robots-nocontent sd-block sd-social sd-social-icon sd-sharing\"><h3 class=\"sd-title\">Comparte esto:<\/h3><div class=\"sd-content\"><ul><li class=\"share-twitter\"><a rel=\"nofollow noopener noreferrer\" data-shared=\"sharing-twitter-48271\" class=\"share-twitter sd-button share-icon no-text\" href=\"http:\/\/www.rtvnoticias.com.ar\/?p=48271&amp;share=twitter\" target=\"_blank\" title=\"Haz clic para compartir en Twitter\"><span><\/span><span class=\"sharing-screen-reader-text\">Haz clic para compartir en Twitter (Se abre en una ventana nueva)<\/span><\/a><\/li><li class=\"share-facebook\"><a rel=\"nofollow noopener noreferrer\" data-shared=\"sharing-facebook-48271\" class=\"share-facebook sd-button share-icon no-text\" href=\"http:\/\/www.rtvnoticias.com.ar\/?p=48271&amp;share=facebook\" target=\"_blank\" title=\"Haz clic para compartir en Facebook\"><span><\/span><span class=\"sharing-screen-reader-text\">Haz clic para compartir en Facebook (Se abre en una ventana nueva)<\/span><\/a><\/li><li class=\"share-jetpack-whatsapp\"><a rel=\"nofollow noopener noreferrer\" data-shared=\"\" class=\"share-jetpack-whatsapp sd-button share-icon no-text\" href=\"http:\/\/www.rtvnoticias.com.ar\/?p=48271&amp;share=jetpack-whatsapp\" target=\"_blank\" title=\"Haz clic para compartir en WhatsApp\"><span><\/span><span class=\"sharing-screen-reader-text\">Haz clic para compartir en WhatsApp (Se abre en una ventana nueva)<\/span><\/a><\/li><li class=\"share-telegram\"><a rel=\"nofollow noopener noreferrer\" data-shared=\"\" class=\"share-telegram sd-button share-icon no-text\" href=\"http:\/\/www.rtvnoticias.com.ar\/?p=48271&amp;share=telegram\" target=\"_blank\" title=\"Haz clic para compartir en Telegram\"><span><\/span><span class=\"sharing-screen-reader-text\">Haz clic para compartir en Telegram (Se abre en una ventana nueva)<\/span><\/a><\/li><li class=\"share-end\"><\/li><\/ul><\/div><\/div><\/div>","protected":false},"author":7,"featured_media":47314,"comment_status":"closed","ping_status":"closed","sticky":false,"template":"","format":"standard","meta":{"spay_email":"","jetpack_publicize_message":"","jetpack_is_tweetstorm":false,"jetpack_publicize_feature_enabled":true},"categories":[4],"tags":[],"jetpack_featured_media_url":"http:\/\/www.rtvnoticias.com.ar\/wp-content\/uploads\/2025\/10\/legislatura-secion-ord-13.jpeg","jetpack_publicize_connections":[],"jetpack_sharing_enabled":true,"_links":{"self":[{"href":"http:\/\/www.rtvnoticias.com.ar\/index.php?rest_route=\/wp\/v2\/posts\/48271"}],"collection":[{"href":"http:\/\/www.rtvnoticias.com.ar\/index.php?rest_route=\/wp\/v2\/posts"}],"about":[{"href":"http:\/\/www.rtvnoticias.com.ar\/index.php?rest_route=\/wp\/v2\/types\/post"}],"author":[{"embeddable":true,"href":"http:\/\/www.rtvnoticias.com.ar\/index.php?rest_route=\/wp\/v2\/users\/7"}],"replies":[{"embeddable":true,"href":"http:\/\/www.rtvnoticias.com.ar\/index.php?rest_route=%2Fwp%2Fv2%2Fcomments&post=48271"}],"version-history":[{"count":1,"href":"http:\/\/www.rtvnoticias.com.ar\/index.php?rest_route=\/wp\/v2\/posts\/48271\/revisions"}],"predecessor-version":[{"id":48272,"href":"http:\/\/www.rtvnoticias.com.ar\/index.php?rest_route=\/wp\/v2\/posts\/48271\/revisions\/48272"}],"wp:featuredmedia":[{"embeddable":true,"href":"http:\/\/www.rtvnoticias.com.ar\/index.php?rest_route=\/wp\/v2\/media\/47314"}],"wp:attachment":[{"href":"http:\/\/www.rtvnoticias.com.ar\/index.php?rest_route=%2Fwp%2Fv2%2Fmedia&parent=48271"}],"wp:term":[{"taxonomy":"category","embeddable":true,"href":"http:\/\/www.rtvnoticias.com.ar\/index.php?rest_route=%2Fwp%2Fv2%2Fcategories&post=48271"},{"taxonomy":"post_tag","embeddable":true,"href":"http:\/\/www.rtvnoticias.com.ar\/index.php?rest_route=%2Fwp%2Fv2%2Ftags&post=48271"}],"curies":[{"name":"wp","href":"https:\/\/api.w.org\/{rel}","templated":true}]}}