{"id":48273,"date":"2026-03-11T07:14:00","date_gmt":"2026-03-11T10:14:00","guid":{"rendered":"http:\/\/www.rtvnoticias.com.ar\/?p=48273"},"modified":"2026-03-11T07:38:31","modified_gmt":"2026-03-11T10:38:31","slug":"presentaron-una-nueva-edicion-de-la-competencia-deportiva-el-reto-en-general-pico","status":"publish","type":"post","link":"http:\/\/www.rtvnoticias.com.ar\/?p=48273","title":{"rendered":"Presentaron una nueva edici\u00f3n de la competencia deportiva \u201cEl Reto\u201d en General Pico"},"content":{"rendered":"\n<p>La Municipalidad de General Pico anunci\u00f3 el acompa\u00f1amiento a la nueva edici\u00f3n de la competencia de Trail Running y MTB denominada \u201cEl Reto\u201d, que se desarrollar\u00e1 los d\u00edas 14 y 15 de marzo en la Reserva Natural Urbana Benicio Delf\u00edn P\u00e9rez. La conferencia de prensa oficial se realiz\u00f3 en la sala de reuniones Alberto Amesgaray del Palacio Municipal.<\/p>\n\n\n\n<p>La propuesta, organizada por diferentes firmas del \u00e1mbito local, se llevar\u00e1 a cabo entre las 10 y las 16 horas. Con el objetivo de evitar inconvenientes durante el desarrollo de las competencias, a partir de las 9:30 se restringir\u00e1 el acceso al predio para el p\u00fablico en general. La convocatoria est\u00e1 dirigida a corredores no s\u00f3lo de La Pampa, sino tambi\u00e9n de provincias vecinas, por lo que se espera una importante participaci\u00f3n de deportistas de distintos puntos de la regi\u00f3n.<\/p>\n\n\n\n<p>Las modalidades previstas para esta edici\u00f3n ser\u00e1n running, mountain bike, duatl\u00f3n y gravel. El s\u00e1bado 14 se disputar\u00e1 el Trail Running en distancias de 45, 30 y 15 kil\u00f3metros, junto con el primer d\u00eda del Duatl\u00f3n, que comenzar\u00e1 con la largada de los 15 kil\u00f3metros de trail. Por su parte, el domingo 15 ser\u00e1 el turno del MTB en 90, 60 y 30 kil\u00f3metros participativos, la categor\u00eda Gravel de 90 kil\u00f3metros y el segundo d\u00eda del Duatl\u00f3n, que iniciar\u00e1 con la largada de los 60 kil\u00f3metros de MTB. Los interesados en participar pueden inscribirse a trav\u00e9s de la cuenta de Instagram oficial del evento o ingresando a su sitio web.<\/p>\n\n\n\n<p>Durante la presentaci\u00f3n, el secretario de Gobierno, Nicol\u00e1s Mendoza, destac\u00f3 la relevancia del evento para la ciudad, la cual se caracteriza por tener al deporte y a la actividad f\u00edsica como una pr\u00e1ctica cotidiana. El funcionario se\u00f1al\u00f3 que la competencia sit\u00faa a General Pico como una referencia regional y valor\u00f3 el trabajo conjunto: \u201cEsta conjunci\u00f3n de esfuerzos entre lo p\u00fablico y lo privado es lo que permite a las comunidades crecer y desarrollar proyectos. La ciudad tiene una vasta experiencia y muchos ejemplos de esta din\u00e1mica. Esta es una muestra m\u00e1s de que ambos actores, conjugando esfuerzos, pueden lograr grandes cosas\u201d.<\/p>\n\n\n\n<p>Por su parte, la directora de Deporte, Mariela Lera, agradeci\u00f3 a la organizaci\u00f3n por confiar en el Estado local para trabajar de manera articulada. Adem\u00e1s, remarc\u00f3 que buscan posicionar a la carrera en el centro del pa\u00eds e invit\u00f3 a la comunidad: \u201cLos esperamos tanto el s\u00e1bado como el domingo, en ambas disciplinas, en el hermoso paisaje que nos ofrece la Reserva Natural Urbana Benicio Delf\u00edn P\u00e9rez. Esperamos que los visitantes que vayan a pasar el d\u00eda comprendan el contexto y compartan estas jornadas para que la carrera se concrete con normalidad\u201d.<\/p>\n\n\n\n<p>Finalmente, Marcos Cabrera, uno de los organizadores, reconoci\u00f3 que inicialmente el contexto econ\u00f3mico dificultaba la realizaci\u00f3n del evento, pero destac\u00f3 que hoy cuentan con la mejor edici\u00f3n gracias al apoyo municipal. \u201cLo que empez\u00f3 como una idea, una simple bicicleteada, hoy se transforma en una alternativa que ya tiene r\u00e9cord de participantes. Tenemos m\u00e1s de 250 inscriptos y todav\u00eda estamos en la semana en la que m\u00e1s personas se suman. De todos modos, ya superamos el nivel de participaci\u00f3n del a\u00f1o pasado\u201d, concluy\u00f3.<\/p>\n<div class=\"sharedaddy sd-sharing-enabled\"><div class=\"robots-nocontent sd-block sd-social sd-social-icon sd-sharing\"><h3 class=\"sd-title\">Comparte esto:<\/h3><div class=\"sd-content\"><ul><li class=\"share-twitter\"><a rel=\"nofollow noopener noreferrer\" data-shared=\"sharing-twitter-48273\" class=\"share-twitter sd-button share-icon no-text\" href=\"http:\/\/www.rtvnoticias.com.ar\/?p=48273&amp;share=twitter\" target=\"_blank\" title=\"Haz clic para compartir en Twitter\"><span><\/span><span class=\"sharing-screen-reader-text\">Haz clic para compartir en Twitter (Se abre en una ventana nueva)<\/span><\/a><\/li><li class=\"share-facebook\"><a rel=\"nofollow noopener noreferrer\" data-shared=\"sharing-facebook-48273\" class=\"share-facebook sd-button share-icon no-text\" href=\"http:\/\/www.rtvnoticias.com.ar\/?p=48273&amp;share=facebook\" target=\"_blank\" title=\"Haz clic para compartir en Facebook\"><span><\/span><span class=\"sharing-screen-reader-text\">Haz clic para compartir en Facebook (Se abre en una ventana nueva)<\/span><\/a><\/li><li class=\"share-jetpack-whatsapp\"><a rel=\"nofollow noopener noreferrer\" data-shared=\"\" class=\"share-jetpack-whatsapp sd-button share-icon no-text\" href=\"http:\/\/www.rtvnoticias.com.ar\/?p=48273&amp;share=jetpack-whatsapp\" target=\"_blank\" title=\"Haz clic para compartir en WhatsApp\"><span><\/span><span class=\"sharing-screen-reader-text\">Haz clic para compartir en WhatsApp (Se abre en una ventana nueva)<\/span><\/a><\/li><li class=\"share-telegram\"><a rel=\"nofollow noopener noreferrer\" data-shared=\"\" class=\"share-telegram sd-button share-icon no-text\" href=\"http:\/\/www.rtvnoticias.com.ar\/?p=48273&amp;share=telegram\" target=\"_blank\" title=\"Haz clic para compartir en Telegram\"><span><\/span><span class=\"sharing-screen-reader-text\">Haz clic para compartir en Telegram (Se abre en una ventana nueva)<\/span><\/a><\/li><li class=\"share-end\"><\/li><\/ul><\/div><\/div><\/div>","protected":false},"excerpt":{"rendered":"<p>La Municipalidad de General Pico anunci\u00f3 el acompa\u00f1amiento a la nueva edici\u00f3n de la competencia de Trail Running y MTB denominada \u201cEl Reto\u201d, que se<\/p>\n<div class=\"sharedaddy sd-sharing-enabled\"><div class=\"robots-nocontent sd-block sd-social sd-social-icon sd-sharing\"><h3 class=\"sd-title\">Comparte esto:<\/h3><div class=\"sd-content\"><ul><li class=\"share-twitter\"><a rel=\"nofollow noopener noreferrer\" data-shared=\"sharing-twitter-48273\" class=\"share-twitter sd-button share-icon no-text\" href=\"http:\/\/www.rtvnoticias.com.ar\/?p=48273&amp;share=twitter\" target=\"_blank\" title=\"Haz clic para compartir en Twitter\"><span><\/span><span class=\"sharing-screen-reader-text\">Haz clic para compartir en Twitter (Se abre en una ventana nueva)<\/span><\/a><\/li><li class=\"share-facebook\"><a rel=\"nofollow noopener noreferrer\" data-shared=\"sharing-facebook-48273\" class=\"share-facebook sd-button share-icon no-text\" href=\"http:\/\/www.rtvnoticias.com.ar\/?p=48273&amp;share=facebook\" target=\"_blank\" title=\"Haz clic para compartir en Facebook\"><span><\/span><span class=\"sharing-screen-reader-text\">Haz clic para compartir en Facebook (Se abre en una ventana nueva)<\/span><\/a><\/li><li class=\"share-jetpack-whatsapp\"><a rel=\"nofollow noopener noreferrer\" data-shared=\"\" class=\"share-jetpack-whatsapp sd-button share-icon no-text\" href=\"http:\/\/www.rtvnoticias.com.ar\/?p=48273&amp;share=jetpack-whatsapp\" target=\"_blank\" title=\"Haz clic para compartir en WhatsApp\"><span><\/span><span class=\"sharing-screen-reader-text\">Haz clic para compartir en WhatsApp (Se abre en una ventana nueva)<\/span><\/a><\/li><li class=\"share-telegram\"><a rel=\"nofollow noopener noreferrer\" data-shared=\"\" class=\"share-telegram sd-button share-icon no-text\" href=\"http:\/\/www.rtvnoticias.com.ar\/?p=48273&amp;share=telegram\" target=\"_blank\" title=\"Haz clic para compartir en Telegram\"><span><\/span><span class=\"sharing-screen-reader-text\">Haz clic para compartir en Telegram (Se abre en una ventana nueva)<\/span><\/a><\/li><li class=\"share-end\"><\/li><\/ul><\/div><\/div><\/div>","protected":false},"author":7,"featured_media":48275,"comment_status":"closed","ping_status":"closed","sticky":false,"template":"","format":"standard","meta":{"spay_email":"","jetpack_publicize_message":"","jetpack_is_tweetstorm":false,"jetpack_publicize_feature_enabled":true},"categories":[3],"tags":[],"jetpack_featured_media_url":"http:\/\/www.rtvnoticias.com.ar\/wp-content\/uploads\/2026\/03\/elreto_fc2d78b990a34adea660215d59eba7a8-1-scaled.jpg","jetpack_publicize_connections":[],"jetpack_sharing_enabled":true,"_links":{"self":[{"href":"http:\/\/www.rtvnoticias.com.ar\/index.php?rest_route=\/wp\/v2\/posts\/48273"}],"collection":[{"href":"http:\/\/www.rtvnoticias.com.ar\/index.php?rest_route=\/wp\/v2\/posts"}],"about":[{"href":"http:\/\/www.rtvnoticias.com.ar\/index.php?rest_route=\/wp\/v2\/types\/post"}],"author":[{"embeddable":true,"href":"http:\/\/www.rtvnoticias.com.ar\/index.php?rest_route=\/wp\/v2\/users\/7"}],"replies":[{"embeddable":true,"href":"http:\/\/www.rtvnoticias.com.ar\/index.php?rest_route=%2Fwp%2Fv2%2Fcomments&post=48273"}],"version-history":[{"count":1,"href":"http:\/\/www.rtvnoticias.com.ar\/index.php?rest_route=\/wp\/v2\/posts\/48273\/revisions"}],"predecessor-version":[{"id":48276,"href":"http:\/\/www.rtvnoticias.com.ar\/index.php?rest_route=\/wp\/v2\/posts\/48273\/revisions\/48276"}],"wp:featuredmedia":[{"embeddable":true,"href":"http:\/\/www.rtvnoticias.com.ar\/index.php?rest_route=\/wp\/v2\/media\/48275"}],"wp:attachment":[{"href":"http:\/\/www.rtvnoticias.com.ar\/index.php?rest_route=%2Fwp%2Fv2%2Fmedia&parent=48273"}],"wp:term":[{"taxonomy":"category","embeddable":true,"href":"http:\/\/www.rtvnoticias.com.ar\/index.php?rest_route=%2Fwp%2Fv2%2Fcategories&post=48273"},{"taxonomy":"post_tag","embeddable":true,"href":"http:\/\/www.rtvnoticias.com.ar\/index.php?rest_route=%2Fwp%2Fv2%2Ftags&post=48273"}],"curies":[{"name":"wp","href":"https:\/\/api.w.org\/{rel}","templated":true}]}}