{"id":48277,"date":"2026-03-11T07:26:00","date_gmt":"2026-03-11T10:26:00","guid":{"rendered":"http:\/\/www.rtvnoticias.com.ar\/?p=48277"},"modified":"2026-03-11T07:40:18","modified_gmt":"2026-03-11T10:40:18","slug":"empatel-sello-acuerdos-con-cooperativas-y-se-consolida-como-proveedor-mayorista-de-internet","status":"publish","type":"post","link":"http:\/\/www.rtvnoticias.com.ar\/?p=48277","title":{"rendered":"EMPATEL sell\u00f3 acuerdos con cooperativas y se consolida como proveedor mayorista de internet"},"content":{"rendered":"\n<p><strong>Las cooperativas m\u00e1s grandes de la provincia comenzar\u00e1n a comprar de manera progresiva ancho de banda a EMPATEL. Los convenios firmados con la CPE de Santa Rosa y CORPICO de General Pico buscan fortalecer la infraestructura digital pampeana y ampliar la conectividad en ciudades y localidades del interior.<\/strong><\/p>\n\n\n\n<p>La empresa estatal EMPATEL firm\u00f3 acuerdos de cooperaci\u00f3n estrat\u00e9gica con las dos cooperativas de telecomunicaciones m\u00e1s grandes de la provincia: la Cooperativa Popular de Electricidad (CPE) de Santa Rosa y la CORPICO de General Pico. Con estas alianzas, la empresa p\u00fablica avanza en su objetivo de consolidarse como el principal proveedor mayorista de internet en La Pampa.<\/p>\n\n\n\n<p>Entre ambas entidades concentran cerca del 50% de los usuarios de internet de la provincia. El acuerdo establece que las cooperativas incrementar\u00e1n gradualmente la compra de ancho de banda a EMPATEL, bajo condiciones competitivas y con la infraestructura necesaria para garantizar servicios de \u00faltima milla de alta calidad.<\/p>\n\n\n\n<p>Los convenios fueron firmados en la sede gubernamental con la presencia del gobernador Sergio Ziliotto y del ministro de Conectividad y Modernizaci\u00f3n, Antonio Curciarello. Tambi\u00e9n participaron el presidente de EMPATEL, Andr\u00e9s Zulueta; el titular de la CPE, Manuel Simpson; y el presidente de CORPICO, Miguel Prieto.<\/p>\n\n\n\n<p>La infraestructura provincial es uno de los pilares del acuerdo. EMPATEL administra una red de fibra \u00f3ptica que supera los 2.200 kil\u00f3metros en todo el territorio pampeano, a lo que se suman m\u00e1s de 300 kil\u00f3metros de redes de \u00faltima milla desplegadas por proveedores locales.<\/p>\n\n\n\n<p>Seg\u00fan explic\u00f3 el gobernador, el objetivo es fortalecer un sistema de telecomunicaciones basado en actores provinciales. \u201cEstos convenios representan la presencia del Estado de modo inteligente, eficiente y colaborativo, sin depender de actores que nada tienen que ver con nuestra provincia\u201d, sostuvo Ziliotto. Tambi\u00e9n destac\u00f3 que el modelo pampeano permite mantener tarifas competitivas y que gran parte de la facturaci\u00f3n del servicio quede dentro de la econom\u00eda local.<\/p>\n\n\n\n<p>Desde el Gobierno provincial remarcaron que los acuerdos se concretaron sin subsidios ni financiamiento estatal directo. La l\u00f3gica del esquema apunta a aprovechar la infraestructura existente y generar sinergias entre la empresa p\u00fablica y las cooperativas para mejorar el servicio a los usuarios.<\/p>\n\n\n\n<p>Uno de los ejes centrales de los convenios es garantizar conectividad para instituciones p\u00fablicas estrat\u00e9gicas, como escuelas, hospitales y comisar\u00edas. El objetivo es fortalecer la red digital provincial y asegurar el acceso a internet en todo el territorio.<\/p>\n\n\n\n<h3 class=\"wp-block-heading\">Expansi\u00f3n en Santa Rosa y localidades cercanas<\/h3>\n\n\n\n<p>En el caso de la CPE, que presta servicios en Santa Rosa, Toay, Anguil, Catril\u00f3 y Ataliva Roca, el acuerdo prev\u00e9 compartir redes de distribuci\u00f3n de contenidos (CDN) alojadas en los centros de datos de ambas organizaciones.<\/p>\n\n\n\n<p>Adem\u00e1s, EMPATEL acompa\u00f1ar\u00e1 el despliegue de infraestructura adaptada a los est\u00e1ndares de la cooperativa. A partir de este esquema, la CPE tambi\u00e9n podr\u00e1 ofrecer servicios de telecomunicaciones en Uriburu y Lonquimay utilizando la red provincial. Un modelo similar ya se implement\u00f3 en Ataliva Roca.<\/p>\n\n\n\n<p>En paralelo, la cooperativa avanza con la modernizaci\u00f3n de su red en Santa Rosa, donde reemplaza el antiguo cable coaxial por fibra \u00f3ptica. El plan prev\u00e9 completar la obra antes de fin de a\u00f1o, con velocidades de conexi\u00f3n que podr\u00e1n alcanzar hasta un gigabit por segundo.<\/p>\n\n\n\n<h3 class=\"wp-block-heading\">Desarrollo digital en General Pico<\/h3>\n\n\n\n<p>El convenio con CORPICO apunta a potenciar el desarrollo de redes de fibra \u00f3ptica y soluciones digitales comunitarias en General Pico. El esquema se basa en un principio de complementariedad: EMPATEL aporta la infraestructura troncal y la cooperativa suma su red de usuarios, su capacidad operativa y su presencia territorial.<\/p>\n\n\n\n<p>El presidente de CORPICO, Miguel Prieto, asegur\u00f3 que la alianza permitir\u00e1 fortalecer el desarrollo tecnol\u00f3gico de la ciudad. Seg\u00fan explic\u00f3, la combinaci\u00f3n entre infraestructura p\u00fablica y gesti\u00f3n cooperativa apunta a ofrecer servicios de mayor calidad y con respaldo local.<\/p>\n\n\n\n<h3 class=\"wp-block-heading\">Un modelo que busca ampliarse<\/h3>\n\n\n\n<p>Desde EMPATEL se\u00f1alaron que, por su alcance, los acuerdos con CPE y CORPICO son los m\u00e1s relevantes firmados hasta ahora. Sin embargo, adelantaron que la empresa mantiene conversaciones con otros proveedores de internet del interior provincial para replicar el mismo esquema de cooperaci\u00f3n.<\/p>\n\n\n\n<p>El modelo pampeano de telecomunicaciones \u2014basado en la participaci\u00f3n del Estado, cooperativas y pymes locales\u2014 se viene desarrollando desde hace m\u00e1s de dos d\u00e9cadas. Seg\u00fan destacan desde el Gobierno, uno de sus rasgos distintivos es el alto nivel de cobertura en la provincia, donde la mayor\u00eda de los hogares cuenta con acceso a internet.<\/p>\n\n\n\n<p>El desaf\u00edo, aseguran, pasa ahora por mejorar la calidad del servicio y ampliar la capacidad de las redes para acompa\u00f1ar el crecimiento del consumo digital en todo el territorio.<\/p>\n<div class=\"sharedaddy sd-sharing-enabled\"><div class=\"robots-nocontent sd-block sd-social sd-social-icon sd-sharing\"><h3 class=\"sd-title\">Comparte esto:<\/h3><div class=\"sd-content\"><ul><li class=\"share-twitter\"><a rel=\"nofollow noopener noreferrer\" data-shared=\"sharing-twitter-48277\" class=\"share-twitter sd-button share-icon no-text\" href=\"http:\/\/www.rtvnoticias.com.ar\/?p=48277&amp;share=twitter\" target=\"_blank\" title=\"Haz clic para compartir en Twitter\"><span><\/span><span class=\"sharing-screen-reader-text\">Haz clic para compartir en Twitter (Se abre en una ventana nueva)<\/span><\/a><\/li><li class=\"share-facebook\"><a rel=\"nofollow noopener noreferrer\" data-shared=\"sharing-facebook-48277\" class=\"share-facebook sd-button share-icon no-text\" href=\"http:\/\/www.rtvnoticias.com.ar\/?p=48277&amp;share=facebook\" target=\"_blank\" title=\"Haz clic para compartir en Facebook\"><span><\/span><span class=\"sharing-screen-reader-text\">Haz clic para compartir en Facebook (Se abre en una ventana nueva)<\/span><\/a><\/li><li class=\"share-jetpack-whatsapp\"><a rel=\"nofollow noopener noreferrer\" data-shared=\"\" class=\"share-jetpack-whatsapp sd-button share-icon no-text\" href=\"http:\/\/www.rtvnoticias.com.ar\/?p=48277&amp;share=jetpack-whatsapp\" target=\"_blank\" title=\"Haz clic para compartir en WhatsApp\"><span><\/span><span class=\"sharing-screen-reader-text\">Haz clic para compartir en WhatsApp (Se abre en una ventana nueva)<\/span><\/a><\/li><li class=\"share-telegram\"><a rel=\"nofollow noopener noreferrer\" data-shared=\"\" class=\"share-telegram sd-button share-icon no-text\" href=\"http:\/\/www.rtvnoticias.com.ar\/?p=48277&amp;share=telegram\" target=\"_blank\" title=\"Haz clic para compartir en Telegram\"><span><\/span><span class=\"sharing-screen-reader-text\">Haz clic para compartir en Telegram (Se abre en una ventana nueva)<\/span><\/a><\/li><li class=\"share-end\"><\/li><\/ul><\/div><\/div><\/div>","protected":false},"excerpt":{"rendered":"<p>Las cooperativas m\u00e1s grandes de la provincia comenzar\u00e1n a comprar de manera progresiva ancho de banda a EMPATEL. Los convenios firmados con la CPE de<\/p>\n<div class=\"sharedaddy sd-sharing-enabled\"><div class=\"robots-nocontent sd-block sd-social sd-social-icon sd-sharing\"><h3 class=\"sd-title\">Comparte esto:<\/h3><div class=\"sd-content\"><ul><li class=\"share-twitter\"><a rel=\"nofollow noopener noreferrer\" data-shared=\"sharing-twitter-48277\" class=\"share-twitter sd-button share-icon no-text\" href=\"http:\/\/www.rtvnoticias.com.ar\/?p=48277&amp;share=twitter\" target=\"_blank\" title=\"Haz clic para compartir en Twitter\"><span><\/span><span class=\"sharing-screen-reader-text\">Haz clic para compartir en Twitter (Se abre en una ventana nueva)<\/span><\/a><\/li><li class=\"share-facebook\"><a rel=\"nofollow noopener noreferrer\" data-shared=\"sharing-facebook-48277\" class=\"share-facebook sd-button share-icon no-text\" href=\"http:\/\/www.rtvnoticias.com.ar\/?p=48277&amp;share=facebook\" target=\"_blank\" title=\"Haz clic para compartir en Facebook\"><span><\/span><span class=\"sharing-screen-reader-text\">Haz clic para compartir en Facebook (Se abre en una ventana nueva)<\/span><\/a><\/li><li class=\"share-jetpack-whatsapp\"><a rel=\"nofollow noopener noreferrer\" data-shared=\"\" class=\"share-jetpack-whatsapp sd-button share-icon no-text\" href=\"http:\/\/www.rtvnoticias.com.ar\/?p=48277&amp;share=jetpack-whatsapp\" target=\"_blank\" title=\"Haz clic para compartir en WhatsApp\"><span><\/span><span class=\"sharing-screen-reader-text\">Haz clic para compartir en WhatsApp (Se abre en una ventana nueva)<\/span><\/a><\/li><li class=\"share-telegram\"><a rel=\"nofollow noopener noreferrer\" data-shared=\"\" class=\"share-telegram sd-button share-icon no-text\" href=\"http:\/\/www.rtvnoticias.com.ar\/?p=48277&amp;share=telegram\" target=\"_blank\" title=\"Haz clic para compartir en Telegram\"><span><\/span><span class=\"sharing-screen-reader-text\">Haz clic para compartir en Telegram (Se abre en una ventana nueva)<\/span><\/a><\/li><li class=\"share-end\"><\/li><\/ul><\/div><\/div><\/div>","protected":false},"author":7,"featured_media":48278,"comment_status":"closed","ping_status":"closed","sticky":false,"template":"","format":"standard","meta":{"spay_email":"","jetpack_publicize_message":"","jetpack_is_tweetstorm":false,"jetpack_publicize_feature_enabled":true},"categories":[1],"tags":[],"jetpack_featured_media_url":"http:\/\/www.rtvnoticias.com.ar\/wp-content\/uploads\/2026\/03\/imagen_79830.jpeg","jetpack_publicize_connections":[],"jetpack_sharing_enabled":true,"_links":{"self":[{"href":"http:\/\/www.rtvnoticias.com.ar\/index.php?rest_route=\/wp\/v2\/posts\/48277"}],"collection":[{"href":"http:\/\/www.rtvnoticias.com.ar\/index.php?rest_route=\/wp\/v2\/posts"}],"about":[{"href":"http:\/\/www.rtvnoticias.com.ar\/index.php?rest_route=\/wp\/v2\/types\/post"}],"author":[{"embeddable":true,"href":"http:\/\/www.rtvnoticias.com.ar\/index.php?rest_route=\/wp\/v2\/users\/7"}],"replies":[{"embeddable":true,"href":"http:\/\/www.rtvnoticias.com.ar\/index.php?rest_route=%2Fwp%2Fv2%2Fcomments&post=48277"}],"version-history":[{"count":1,"href":"http:\/\/www.rtvnoticias.com.ar\/index.php?rest_route=\/wp\/v2\/posts\/48277\/revisions"}],"predecessor-version":[{"id":48279,"href":"http:\/\/www.rtvnoticias.com.ar\/index.php?rest_route=\/wp\/v2\/posts\/48277\/revisions\/48279"}],"wp:featuredmedia":[{"embeddable":true,"href":"http:\/\/www.rtvnoticias.com.ar\/index.php?rest_route=\/wp\/v2\/media\/48278"}],"wp:attachment":[{"href":"http:\/\/www.rtvnoticias.com.ar\/index.php?rest_route=%2Fwp%2Fv2%2Fmedia&parent=48277"}],"wp:term":[{"taxonomy":"category","embeddable":true,"href":"http:\/\/www.rtvnoticias.com.ar\/index.php?rest_route=%2Fwp%2Fv2%2Fcategories&post=48277"},{"taxonomy":"post_tag","embeddable":true,"href":"http:\/\/www.rtvnoticias.com.ar\/index.php?rest_route=%2Fwp%2Fv2%2Ftags&post=48277"}],"curies":[{"name":"wp","href":"https:\/\/api.w.org\/{rel}","templated":true}]}}