{"id":48288,"date":"2026-03-12T12:56:29","date_gmt":"2026-03-12T15:56:29","guid":{"rendered":"http:\/\/www.rtvnoticias.com.ar\/?p=48288"},"modified":"2026-03-12T12:56:35","modified_gmt":"2026-03-12T15:56:35","slug":"personal-policial-contara-con-vivienda-de-servicio-en-embajador-martini","status":"publish","type":"post","link":"http:\/\/www.rtvnoticias.com.ar\/?p=48288","title":{"rendered":"Personal policial contar\u00e1 con vivienda de servicio en Embajador Martini"},"content":{"rendered":"\n<p>El&nbsp;Gobierno de La Pampa, a trav\u00e9s del Ministerio de Seguridad y Justicia y el IPAV, lleva adelante un trabajo conjunto con los municipios, para que puedan contar de manera permanente con presencia en las localidades de integrantes del cuerpo policial, quienes contribuyen con su trabajo a la seguridad ciudadana.<\/p>\n\n\n\n<p>La presidenta del IPAV, firm\u00f3 junto al intendente, un convenio para la construcci\u00f3n de cinco nuevas viviendas. De esta forma, Embajador Martini, se suma a la lista de localidades y Comisiones de Fomento, que ya recibieron viviendas de estas caracter\u00edsticas, las cuales son ocupadas por profesionales que garantizan durante las 24 horas servicios esenciales, tales como la seguridad, la salud, o la educaci\u00f3n.\u00a0<\/p>\n\n\n\n<p>Del acto oficial participaron el ministro de Seguridad y Justicia, Horacio di N\u00e1poli, la presidenta del IPAV, Erica Riboyra, el intendente, Ariel Dar\u00edo Bogino e integrantes de la Polic\u00eda de La Pampa.<\/p>\n\n\n\n<p>El ministro record\u00f3 ante los presentes que \u201ccon el gobernador Sergio Ziliotto nos propusimos all\u00e1 construir viviendas de servicio en toda la Provincia. Era una necesidad que ten\u00eda nuestra Polic\u00eda,\u00a0 porque hace al bienestar y lo que se trata de evitar es que llegar a destino no le sea costoso al personal, y se pueda trasladar junto a la familia. <\/p>\n\n\n\n<p>Por eso bregamos tambi\u00e9n, porque no es lo mismo tener un Polic\u00eda eficiente que se traslada solo, a hacerlo con su grupo familiar. Por eso empezamos a trabajar con Erica (Riboyra) y con todos lo intendentes, m\u00e1s all\u00e1 del signo pol\u00edtico. No nos hace mella, absolutamente en nada eso, si no que bregamos para que nuestra gente est\u00e9 lo mejor posible.\u00a0 Y cuando se les pide eficiencia, tenemos que responder tambi\u00e9n de este lado, con un Estado presente, y la verdad que me pone muy orgulloso esto, porque sabemos que todos tenemos la necesidad de tener nuestra casa, aunque por ah\u00ed no sale en los tiempos que uno quiere. Trabajamos para eso, y por eso les decimos que la cuiden, porque ma\u00f1ana esta casa le servir\u00e1 a otro compa\u00f1ero, que llegar\u00e1 a esta localidad con otra familia, y merece recibirla de la mejor manera, como ustedes la reciben hoy\u201d.<\/p>\n\n\n\n<p>En tanto\u00a0Riboyra destac\u00f3 la importancia \u00abde trabajar todos juntos, pensaba las veces que llegamos a Embajador Martini, a entregar viviendas, en las charlas previas, de hecho cuando hicimos el anuncio de la exenci\u00f3n del pago de la cuota a jubilados, el Gobernador, lo hizo ac\u00e1, en esta localidad, y hoy contempla a m\u00e1s de 1.200 personas que no hacen ese aporte, porque lo hace el Estado pampeano. <\/p>\n\n\n\n<p>En ese marco pensaba la importancia que tiene el trabajo conjunto, y la importancia de conseguir resultados a trav\u00e9s de ese trabajo. Cuando hablamos de necesidad de viviendas, hablamos de la necesidad que tiene nuestra gente, cuando hablamos de viviendas de servicio, hablamos de la necesidad que tiene la gente que nos cuida, y es clara la instrucci\u00f3n del Gobernador Sergio Ziliotto: es darle a cada uno la respuesta al problema que tiene\u00bb.<\/p>\n\n\n\n<p>\u00abEn el IPAV trabajamos\u00a0 con distintas pol\u00edticas habitacionales, una es la de viviendas de servicio, pero tambi\u00e9n trabajamos para darle respuesta a esas familias que tienen necesidad de una vivienda, por eso hoy estamos ac\u00e1 en Embajador Martini, vamos a firmar un convenio para la construcci\u00f3n de cinco nuevas viviendas que se van a comenzar a construir en muy corto plazo, para cinco familias m\u00e1s de la localidad\u00bb suscribi\u00f3..<\/p>\n\n\n\n<p>El intendente anfitri\u00f3n se\u00f1al\u00f3 el trabajo de gestionar \u00abpara tener casas en nuestro pueblo y sabemos que son sumamente necesarias, por eso agradezco que sigamos trabajando juntos con la polic\u00eda, con el IPAV, con todos los Ministerios, porque el personal de\u00a0Seguridad es muy importante para nuestra localidad. Hoy estamos viendo la pol\u00edtica de un Estado atento, porque vemos que esto se hace desde siempre, no es que antes no se hac\u00eda, si no a lo largo de los a\u00f1os trabajando, para tener casas, o como en su momento tuvimos con el Ministerio de Salud el equipamiento para la Sala de primeros auxilios, y muchas cosas m\u00e1s que van surgiendo cuando el Estado provincial est\u00e1 realmente comprometido con el pueblo y tiene una pol\u00edtica federal\u00bb.<\/p>\n<div class=\"sharedaddy sd-sharing-enabled\"><div class=\"robots-nocontent sd-block sd-social sd-social-icon sd-sharing\"><h3 class=\"sd-title\">Comparte esto:<\/h3><div class=\"sd-content\"><ul><li class=\"share-twitter\"><a rel=\"nofollow noopener noreferrer\" data-shared=\"sharing-twitter-48288\" class=\"share-twitter sd-button share-icon no-text\" href=\"http:\/\/www.rtvnoticias.com.ar\/?p=48288&amp;share=twitter\" target=\"_blank\" title=\"Haz clic para compartir en Twitter\"><span><\/span><span class=\"sharing-screen-reader-text\">Haz clic para compartir en Twitter (Se abre en una ventana nueva)<\/span><\/a><\/li><li class=\"share-facebook\"><a rel=\"nofollow noopener noreferrer\" data-shared=\"sharing-facebook-48288\" class=\"share-facebook sd-button share-icon no-text\" href=\"http:\/\/www.rtvnoticias.com.ar\/?p=48288&amp;share=facebook\" target=\"_blank\" title=\"Haz clic para compartir en Facebook\"><span><\/span><span class=\"sharing-screen-reader-text\">Haz clic para compartir en Facebook (Se abre en una ventana nueva)<\/span><\/a><\/li><li class=\"share-jetpack-whatsapp\"><a rel=\"nofollow noopener noreferrer\" data-shared=\"\" class=\"share-jetpack-whatsapp sd-button share-icon no-text\" href=\"http:\/\/www.rtvnoticias.com.ar\/?p=48288&amp;share=jetpack-whatsapp\" target=\"_blank\" title=\"Haz clic para compartir en WhatsApp\"><span><\/span><span class=\"sharing-screen-reader-text\">Haz clic para compartir en WhatsApp (Se abre en una ventana nueva)<\/span><\/a><\/li><li class=\"share-telegram\"><a rel=\"nofollow noopener noreferrer\" data-shared=\"\" class=\"share-telegram sd-button share-icon no-text\" href=\"http:\/\/www.rtvnoticias.com.ar\/?p=48288&amp;share=telegram\" target=\"_blank\" title=\"Haz clic para compartir en Telegram\"><span><\/span><span class=\"sharing-screen-reader-text\">Haz clic para compartir en Telegram (Se abre en una ventana nueva)<\/span><\/a><\/li><li class=\"share-end\"><\/li><\/ul><\/div><\/div><\/div>","protected":false},"excerpt":{"rendered":"<p>El&nbsp;Gobierno de La Pampa, a trav\u00e9s del Ministerio de Seguridad y Justicia y el IPAV, lleva adelante un trabajo conjunto con los municipios, para que<\/p>\n<div class=\"sharedaddy sd-sharing-enabled\"><div class=\"robots-nocontent sd-block sd-social sd-social-icon sd-sharing\"><h3 class=\"sd-title\">Comparte esto:<\/h3><div class=\"sd-content\"><ul><li class=\"share-twitter\"><a rel=\"nofollow noopener noreferrer\" data-shared=\"sharing-twitter-48288\" class=\"share-twitter sd-button share-icon no-text\" href=\"http:\/\/www.rtvnoticias.com.ar\/?p=48288&amp;share=twitter\" target=\"_blank\" title=\"Haz clic para compartir en Twitter\"><span><\/span><span class=\"sharing-screen-reader-text\">Haz clic para compartir en Twitter (Se abre en una ventana nueva)<\/span><\/a><\/li><li class=\"share-facebook\"><a rel=\"nofollow noopener noreferrer\" data-shared=\"sharing-facebook-48288\" class=\"share-facebook sd-button share-icon no-text\" href=\"http:\/\/www.rtvnoticias.com.ar\/?p=48288&amp;share=facebook\" target=\"_blank\" title=\"Haz clic para compartir en Facebook\"><span><\/span><span class=\"sharing-screen-reader-text\">Haz clic para compartir en Facebook (Se abre en una ventana nueva)<\/span><\/a><\/li><li class=\"share-jetpack-whatsapp\"><a rel=\"nofollow noopener noreferrer\" data-shared=\"\" class=\"share-jetpack-whatsapp sd-button share-icon no-text\" href=\"http:\/\/www.rtvnoticias.com.ar\/?p=48288&amp;share=jetpack-whatsapp\" target=\"_blank\" title=\"Haz clic para compartir en WhatsApp\"><span><\/span><span class=\"sharing-screen-reader-text\">Haz clic para compartir en WhatsApp (Se abre en una ventana nueva)<\/span><\/a><\/li><li class=\"share-telegram\"><a rel=\"nofollow noopener noreferrer\" data-shared=\"\" class=\"share-telegram sd-button share-icon no-text\" href=\"http:\/\/www.rtvnoticias.com.ar\/?p=48288&amp;share=telegram\" target=\"_blank\" title=\"Haz clic para compartir en Telegram\"><span><\/span><span class=\"sharing-screen-reader-text\">Haz clic para compartir en Telegram (Se abre en una ventana nueva)<\/span><\/a><\/li><li class=\"share-end\"><\/li><\/ul><\/div><\/div><\/div>","protected":false},"author":5,"featured_media":48289,"comment_status":"closed","ping_status":"closed","sticky":false,"template":"","format":"standard","meta":{"spay_email":"","jetpack_publicize_message":"","jetpack_is_tweetstorm":false,"jetpack_publicize_feature_enabled":true},"categories":[4],"tags":[5826],"jetpack_featured_media_url":"http:\/\/www.rtvnoticias.com.ar\/wp-content\/uploads\/2026\/03\/ipav-embajador.jpg","jetpack_publicize_connections":[],"jetpack_sharing_enabled":true,"_links":{"self":[{"href":"http:\/\/www.rtvnoticias.com.ar\/index.php?rest_route=\/wp\/v2\/posts\/48288"}],"collection":[{"href":"http:\/\/www.rtvnoticias.com.ar\/index.php?rest_route=\/wp\/v2\/posts"}],"about":[{"href":"http:\/\/www.rtvnoticias.com.ar\/index.php?rest_route=\/wp\/v2\/types\/post"}],"author":[{"embeddable":true,"href":"http:\/\/www.rtvnoticias.com.ar\/index.php?rest_route=\/wp\/v2\/users\/5"}],"replies":[{"embeddable":true,"href":"http:\/\/www.rtvnoticias.com.ar\/index.php?rest_route=%2Fwp%2Fv2%2Fcomments&post=48288"}],"version-history":[{"count":1,"href":"http:\/\/www.rtvnoticias.com.ar\/index.php?rest_route=\/wp\/v2\/posts\/48288\/revisions"}],"predecessor-version":[{"id":48290,"href":"http:\/\/www.rtvnoticias.com.ar\/index.php?rest_route=\/wp\/v2\/posts\/48288\/revisions\/48290"}],"wp:featuredmedia":[{"embeddable":true,"href":"http:\/\/www.rtvnoticias.com.ar\/index.php?rest_route=\/wp\/v2\/media\/48289"}],"wp:attachment":[{"href":"http:\/\/www.rtvnoticias.com.ar\/index.php?rest_route=%2Fwp%2Fv2%2Fmedia&parent=48288"}],"wp:term":[{"taxonomy":"category","embeddable":true,"href":"http:\/\/www.rtvnoticias.com.ar\/index.php?rest_route=%2Fwp%2Fv2%2Fcategories&post=48288"},{"taxonomy":"post_tag","embeddable":true,"href":"http:\/\/www.rtvnoticias.com.ar\/index.php?rest_route=%2Fwp%2Fv2%2Ftags&post=48288"}],"curies":[{"name":"wp","href":"https:\/\/api.w.org\/{rel}","templated":true}]}}