{"id":48291,"date":"2026-03-13T11:37:41","date_gmt":"2026-03-13T14:37:41","guid":{"rendered":"http:\/\/www.rtvnoticias.com.ar\/?p=48291"},"modified":"2026-03-13T11:37:46","modified_gmt":"2026-03-13T14:37:46","slug":"alonso-remarco-la-importancia-de-trabajar-en-la-articulacion-publico-privado","status":"publish","type":"post","link":"http:\/\/www.rtvnoticias.com.ar\/?p=48291","title":{"rendered":"Alonso remarc\u00f3 la importancia de trabajar en la articulaci\u00f3n p\u00fablico-privado"},"content":{"rendered":"\n<p>La Fundaci\u00f3n para el Desarrollo Regional llev\u00f3 a cabo una nueva reuni\u00f3n del Consejo de Administraci\u00f3n, en la que se analizaron avances de proyectos en ejecuci\u00f3n y se definieron lineamientos estrat\u00e9gicos para el a\u00f1o 2026. La actividad cont\u00f3 con la participaci\u00f3n de la intendenta de General Pico, Fernanda Alonso.<\/p>\n\n\n\n<p>Durante el encuentro se presentaron los resultados del trabajo \u201cEcosistema Empresarial para el Norte de la Provincia de La Pampa\u201d, una iniciativa que permiti\u00f3 relevar informaci\u00f3n significativa sobre el entramado productivo regional, aportando insumos para la planificaci\u00f3n de pol\u00edticas orientadas al fortalecimiento del desarrollo local.<br><br>El mismo fue posible gracias a la financiaci\u00f3n del Consejo Federal de Inversiones, mediante la gesti\u00f3n realizada por la jefa comunal piquense ante el Gobierno de La Pampa.&nbsp;<\/p>\n\n\n\n<p>En la misma instancia se expuso una propuesta vinculada a la implementaci\u00f3n de una l\u00ednea de cr\u00e9dito impulsada desde la Fundaci\u00f3n, que continuar\u00e1 siendo evaluada en pr\u00f3ximas reuniones.<\/p>\n\n\n\n<p>Asimismo, se avanz\u00f3 en la planificaci\u00f3n de un nuevo servicio de coworking que ofrecer\u00e1 la instituci\u00f3n, abordando aspectos organizativos y log\u00edsticos para su lanzamiento, previsto durante el mes de marzo.<\/p>\n\n\n\n<p>La jornada incluy\u00f3, adem\u00e1s, una labor participativa destinada a definir las principales l\u00edneas de acci\u00f3n para el a\u00f1o 2026, reafirmando el compromiso de la Fundaci\u00f3n con una mirada integral del desarrollo y consolidando la perspectiva de g\u00e9nero como eje transversal en sus fundamentos institucionales.<br><br><strong>Articulaci\u00f3n p\u00fablico-privada<\/strong><\/p>\n\n\n\n<p>En torno al proyecto \u201cEcosistema Empresarial para el Norte de la Provincia de La Pampa\u201d, la jefa comunal piquense, Fernanda Alonso, dijo: \u201cEs una gran oportunidad para la Fundaci\u00f3n, siendo una referencia en la zona en lo que respecta a asistencia t\u00e9cnica, capacitaciones, acompa\u00f1amiento\u201d.<\/p>\n\n\n\n<p>\u201cEl hecho de haber ido a campo a escuchar, en municipios con todos los colores pol\u00edticos que conforman el Norte pampeano, permiti\u00f3 conocer a\u00fan m\u00e1s las particularidades de las actividades econ\u00f3micas del sector m\u00e1s pudiente de la provincia. Creo que esa meta se cumpli\u00f3\u201d, ampli\u00f3.<br><br>En este sentido manifest\u00f3 que \u201chabr\u00e1 cosas por mejorar y agregar, pero la intenci\u00f3n es continuar con ello. Es v\u00e1lido que valoremos la capacidad t\u00e9cnica, la relaci\u00f3n entre organizaciones y darle respaldo a lo realizado\u201d.<br><br>Por \u00faltimo, la mandataria local manifest\u00f3: \u201cTenemos una decisi\u00f3n tomada desde la Municipalidad de participar en ello, no s\u00f3lo para conocer el estado de situaci\u00f3n sino tambi\u00e9n para trabajar con esa articulaci\u00f3n p\u00fablico-privada y saber en qu\u00e9 coincidimos, en qu\u00e9 no, qu\u00e9 debemos corregir. Siempre promoviendo una escucha activa que se traduzca en pol\u00edticas p\u00fablicas que den respuestas a \u00e9se sector\u201d.<\/p>\n<div class=\"sharedaddy sd-sharing-enabled\"><div class=\"robots-nocontent sd-block sd-social sd-social-icon sd-sharing\"><h3 class=\"sd-title\">Comparte esto:<\/h3><div class=\"sd-content\"><ul><li class=\"share-twitter\"><a rel=\"nofollow noopener noreferrer\" data-shared=\"sharing-twitter-48291\" class=\"share-twitter sd-button share-icon no-text\" href=\"http:\/\/www.rtvnoticias.com.ar\/?p=48291&amp;share=twitter\" target=\"_blank\" title=\"Haz clic para compartir en Twitter\"><span><\/span><span class=\"sharing-screen-reader-text\">Haz clic para compartir en Twitter (Se abre en una ventana nueva)<\/span><\/a><\/li><li class=\"share-facebook\"><a rel=\"nofollow noopener noreferrer\" data-shared=\"sharing-facebook-48291\" class=\"share-facebook sd-button share-icon no-text\" href=\"http:\/\/www.rtvnoticias.com.ar\/?p=48291&amp;share=facebook\" target=\"_blank\" title=\"Haz clic para compartir en Facebook\"><span><\/span><span class=\"sharing-screen-reader-text\">Haz clic para compartir en Facebook (Se abre en una ventana nueva)<\/span><\/a><\/li><li class=\"share-jetpack-whatsapp\"><a rel=\"nofollow noopener noreferrer\" data-shared=\"\" class=\"share-jetpack-whatsapp sd-button share-icon no-text\" href=\"http:\/\/www.rtvnoticias.com.ar\/?p=48291&amp;share=jetpack-whatsapp\" target=\"_blank\" title=\"Haz clic para compartir en WhatsApp\"><span><\/span><span class=\"sharing-screen-reader-text\">Haz clic para compartir en WhatsApp (Se abre en una ventana nueva)<\/span><\/a><\/li><li class=\"share-telegram\"><a rel=\"nofollow noopener noreferrer\" data-shared=\"\" class=\"share-telegram sd-button share-icon no-text\" href=\"http:\/\/www.rtvnoticias.com.ar\/?p=48291&amp;share=telegram\" target=\"_blank\" title=\"Haz clic para compartir en Telegram\"><span><\/span><span class=\"sharing-screen-reader-text\">Haz clic para compartir en Telegram (Se abre en una ventana nueva)<\/span><\/a><\/li><li class=\"share-end\"><\/li><\/ul><\/div><\/div><\/div>","protected":false},"excerpt":{"rendered":"<p>La Fundaci\u00f3n para el Desarrollo Regional llev\u00f3 a cabo una nueva reuni\u00f3n del Consejo de Administraci\u00f3n, en la que se analizaron avances de proyectos en<\/p>\n<div class=\"sharedaddy sd-sharing-enabled\"><div class=\"robots-nocontent sd-block sd-social sd-social-icon sd-sharing\"><h3 class=\"sd-title\">Comparte esto:<\/h3><div class=\"sd-content\"><ul><li class=\"share-twitter\"><a rel=\"nofollow noopener noreferrer\" data-shared=\"sharing-twitter-48291\" class=\"share-twitter sd-button share-icon no-text\" href=\"http:\/\/www.rtvnoticias.com.ar\/?p=48291&amp;share=twitter\" target=\"_blank\" title=\"Haz clic para compartir en Twitter\"><span><\/span><span class=\"sharing-screen-reader-text\">Haz clic para compartir en Twitter (Se abre en una ventana nueva)<\/span><\/a><\/li><li class=\"share-facebook\"><a rel=\"nofollow noopener noreferrer\" data-shared=\"sharing-facebook-48291\" class=\"share-facebook sd-button share-icon no-text\" href=\"http:\/\/www.rtvnoticias.com.ar\/?p=48291&amp;share=facebook\" target=\"_blank\" title=\"Haz clic para compartir en Facebook\"><span><\/span><span class=\"sharing-screen-reader-text\">Haz clic para compartir en Facebook (Se abre en una ventana nueva)<\/span><\/a><\/li><li class=\"share-jetpack-whatsapp\"><a rel=\"nofollow noopener noreferrer\" data-shared=\"\" class=\"share-jetpack-whatsapp sd-button share-icon no-text\" href=\"http:\/\/www.rtvnoticias.com.ar\/?p=48291&amp;share=jetpack-whatsapp\" target=\"_blank\" title=\"Haz clic para compartir en WhatsApp\"><span><\/span><span class=\"sharing-screen-reader-text\">Haz clic para compartir en WhatsApp (Se abre en una ventana nueva)<\/span><\/a><\/li><li class=\"share-telegram\"><a rel=\"nofollow noopener noreferrer\" data-shared=\"\" class=\"share-telegram sd-button share-icon no-text\" href=\"http:\/\/www.rtvnoticias.com.ar\/?p=48291&amp;share=telegram\" target=\"_blank\" title=\"Haz clic para compartir en Telegram\"><span><\/span><span class=\"sharing-screen-reader-text\">Haz clic para compartir en Telegram (Se abre en una ventana nueva)<\/span><\/a><\/li><li class=\"share-end\"><\/li><\/ul><\/div><\/div><\/div>","protected":false},"author":5,"featured_media":48292,"comment_status":"closed","ping_status":"closed","sticky":false,"template":"","format":"standard","meta":{"spay_email":"","jetpack_publicize_message":"","jetpack_is_tweetstorm":false,"jetpack_publicize_feature_enabled":true},"categories":[3],"tags":[5827],"jetpack_featured_media_url":"http:\/\/www.rtvnoticias.com.ar\/wp-content\/uploads\/2026\/03\/Reunion-FDR5-alonso.jpg","jetpack_publicize_connections":[],"jetpack_sharing_enabled":true,"_links":{"self":[{"href":"http:\/\/www.rtvnoticias.com.ar\/index.php?rest_route=\/wp\/v2\/posts\/48291"}],"collection":[{"href":"http:\/\/www.rtvnoticias.com.ar\/index.php?rest_route=\/wp\/v2\/posts"}],"about":[{"href":"http:\/\/www.rtvnoticias.com.ar\/index.php?rest_route=\/wp\/v2\/types\/post"}],"author":[{"embeddable":true,"href":"http:\/\/www.rtvnoticias.com.ar\/index.php?rest_route=\/wp\/v2\/users\/5"}],"replies":[{"embeddable":true,"href":"http:\/\/www.rtvnoticias.com.ar\/index.php?rest_route=%2Fwp%2Fv2%2Fcomments&post=48291"}],"version-history":[{"count":1,"href":"http:\/\/www.rtvnoticias.com.ar\/index.php?rest_route=\/wp\/v2\/posts\/48291\/revisions"}],"predecessor-version":[{"id":48293,"href":"http:\/\/www.rtvnoticias.com.ar\/index.php?rest_route=\/wp\/v2\/posts\/48291\/revisions\/48293"}],"wp:featuredmedia":[{"embeddable":true,"href":"http:\/\/www.rtvnoticias.com.ar\/index.php?rest_route=\/wp\/v2\/media\/48292"}],"wp:attachment":[{"href":"http:\/\/www.rtvnoticias.com.ar\/index.php?rest_route=%2Fwp%2Fv2%2Fmedia&parent=48291"}],"wp:term":[{"taxonomy":"category","embeddable":true,"href":"http:\/\/www.rtvnoticias.com.ar\/index.php?rest_route=%2Fwp%2Fv2%2Fcategories&post=48291"},{"taxonomy":"post_tag","embeddable":true,"href":"http:\/\/www.rtvnoticias.com.ar\/index.php?rest_route=%2Fwp%2Fv2%2Ftags&post=48291"}],"curies":[{"name":"wp","href":"https:\/\/api.w.org\/{rel}","templated":true}]}}